{"id":4872,"date":"2025-08-15T21:29:24","date_gmt":"2025-08-15T18:29:24","guid":{"rendered":"https:\/\/zeleka.com\/?p=4872"},"modified":"2025-08-15T21:29:24","modified_gmt":"2025-08-15T18:29:24","slug":"hakkarinin-semdinli-ilcesinde-16-agustos-2015te-pkkli-teroristlerle-girilen-catismada-sehit-olan-komiser-ahmet-camur-sehadetinin-10-yilinda-trabzondaki-mezari-basinda","status":"publish","type":"post","link":"https:\/\/zeleka.com\/?p=4872","title":{"rendered":"<div id=\"detaymetin\">                            <p><span>Hakkari&#8217;nin \u015eemdinli il\u00e7esinde 16 A\u011fustos 2015&#8217;te PKK&#8217;l\u0131 ter\u00f6ristlerle girilen \u00e7at\u0131\u015fmada \u015fehit olan komiser Ahmet \u00c7amur, \u015fehadetinin 10. y\u0131l\u0131nda Trabzon&#8217;daki mezar\u0131 ba\u015f\u0131nda an\u0131ld\u0131"},"content":{"rendered":"<div id=\"detaymetin\">\n<p><span>Hakkari&#8217;nin \u015eemdinli il\u00e7esinde 16 A\u011fustos 2015&#8217;te PKK&#8217;l\u0131 ter\u00f6ristlerle girilen \u00e7at\u0131\u015fmada \u015fehit olan komiser Ahmet \u00c7amur, \u015fehadetinin 10. y\u0131l\u0131nda Trabzon&#8217;daki mezar\u0131 ba\u015f\u0131nda an\u0131ld\u0131.<\/span><\/p>\n<p><span>Hakkari&#8217;nin \u015eemdinli il\u00e7esinde 16 A\u011fustos 2015&#8217;te PKK&#8217;l\u0131 ter\u00f6ristlerle girilen \u00e7at\u0131\u015fmada \u015fehit olan komiser Ahmet \u00c7amur, \u015fehadetinin 10. y\u0131l\u0131nda Trabzon&#8217;daki mezar\u0131 ba\u015f\u0131nda an\u0131ld\u0131.<\/span><\/p>\n<p><span>\u00c7amur&#8217;un, So\u011fanl\u0131 Mahallesi \u00dc\u00e7direk mevkisindeki kabri ba\u015f\u0131nda d\u00fczenlenen anma program\u0131na, ailesinin yan\u0131 s\u0131ra \u00c7aykara Kaymakam\u0131 Ali Sapmaz, \u00c7aykara Belediye Ba\u015fkan\u0131 Hanefi Tok, \u0130l\u00e7e Emniyet Amiri Alparslan Albayrak, \u00c7aykara \u0130l\u00e7e Jandarma B\u00f6l\u00fck Komutan\u0131 \u00dcste\u011fmen Emre Can Narin, \u00c7aykara \u0130l\u00e7e Jandarma Karakol Komutan\u0131 Osman G\u00fcn, AK Parti \u00c7aykara \u0130l\u00e7e Ba\u015fkan\u0131 Muhammet Sel\u00e7uk,MHP \u00c7aykara \u0130l\u00e7e Ba\u015fkan\u0131 Sava\u015f \u00d6ks\u00fcz,Anahtar Partisi \u00c7aykara \u0130l\u00e7e Ba\u015fkan\u0131 Ali Kemal Sevin\u00e7,\u0130l\u00e7e Milli E\u011fitim M\u00fcd\u00fcr\u00fc Ahmet \u00c7amurali, \u00c7aykara Belediye Meclis \u00dcyesi Seyfullah Kaya,Trabzon \u00d6zel Harekat polisleri ve vatanda\u015flar kat\u0131ld\u0131.<\/span><\/p>\n<figure><img decoding=\"async\" src=\"https:\/\/caykaragundem.com\/resimler\/2025-8\/15\/63232240698753.webp\"><\/figure>\n<p><span>\u015eehit \u00c7amur i\u00e7in \u00c7aykara M\u00fcft\u00fcl\u00fc\u011f\u00fc Personeli ve \u00d6\u011frenciler taraf\u0131ndan Kur\u2019an-\u0131 Kerim Okunurken ayr\u0131ca \u015eehidimiz i\u00e7in dua yap\u0131ld\u0131.<\/span><\/p>\n<p><span>\u00c7aykaral\u0131 \u015fair Mehmet \u0130nan&#8217;\u0131n \u015fehit \u00c7amur i\u00e7in kaleme ald\u0131\u011f\u0131 \u015fiiri okudu\u011fu programda, \u00d6zel Harekat ekiplerince sayg\u0131 at\u0131\u015f\u0131 yap\u0131ld\u0131.<\/span><\/p>\n<p><span>Bilindi\u011fi \u00fczere 15 A\u011fustos 2015 tarihinde Hakk\u00e2ri \u015eemdinli\u00b4de saat 17.30 sular\u0131nda \u015eemdinli il\u00e7e giri\u015finde i\u015f makinesiyle yolu kapatmak isteyen PKK\u00b4l\u0131lara m\u00fcdahale eden \u00f6zel harek\u00e2t polislerine uzun namlulu silahlar ve roketatarla d\u00fczenlenen sald\u0131r\u0131da, \u00d6zel Harek\u00e2t Komiseri \u00c7aykara So\u011fanl\u0131 Mahallesinden 45 ya\u015f\u0131ndaki Ahmet \u00c7amur (45) a\u011f\u0131r yaralanm\u0131\u015ft\u0131, \u015eemdinli Devlet Hastanesine kald\u0131r\u0131lan \u00c7amur, yap\u0131lan t\u00fcm m\u00fcdahaleye ra\u011fmen \u015fehit olmu\u015ftu.<\/span><\/p>\n<figure><img decoding=\"async\" src=\"https:\/\/caykaragundem.com\/resimler\/2025-8\/15\/816761713179473.webp\"><\/figure>\n<p><span>\u015eehit Ahmet \u00c7amur, 16 A\u011fustos 2015 tarihinde Cumhurba\u015fkan\u0131 Recep Tayyip Erdo\u011fan ve binlerce ki\u015finin kat\u0131l\u0131m\u0131yla \u00c7aykara\u00b4da d\u00fczenlenen t\u00f6renle son yolculu\u011funa u\u011furlanm\u0131\u015ft\u0131.<\/span><\/p>\n<p><span><strong>\u015eEH\u0130D\u0130M\u0130Z\u0130 ANIMSAYALIM<\/strong><\/span><\/p>\n<p><span>\u0130l\u00e7emiz So\u011fanl\u0131 Mahallesinden olan \u00d6zel Harekat Polisi \u015eehit Ba\u015fkomiserimiz Ahmet \u00c7amur \u0130lkokul ve Ortaokulu\u00a0\u00c7aykara\u00b4da okuduktan sonra \u00c7aykara \u0130mam Hatip Lisesinde Lise \u00d6\u011frenimine ba\u015flad\u0131.<\/span><\/p>\n<p><span>\u00c7aykara \u0130mam-Hatip Lisesinde okuduktan sonra Trabzon \u0130mam-Hatip Lisesinden 1990 y\u0131l\u0131nda mezun olan \u015fehit \u00c7amur, uzun y\u0131llar do\u011fu b\u00f6lgesinde \u00f6zel harekat polisi olarak g\u00f6rev yapt\u0131ktan sonra son olarak Ankara\u00b4da g\u00f6revliydi.<\/span><\/p>\n<p><span>\u015eehit Ahmet \u00c7amur \u00fc\u00e7 k\u0131z \u00e7ocuk babas\u0131yd\u0131. E\u015fi Yarg\u0131tay\u00b4da hakim olan \u015fehit \u00c7amur 45 g\u00fcnl\u00fck bir g\u00f6rev i\u00e7in \u015eemdinli\u00b4ye ge\u00e7ici g\u00f6revle g\u00f6nderilmi\u015fti.<\/span><\/p>\n<p><span>\u015eemdinli il\u00e7esi giri\u015findeki yolu ula\u015f\u0131ma kapatan ter\u00f6ristlere m\u00fcdahale i\u00e7in olay yerine giden \u00f6zel harekat ekibinde g\u00f6revli komiser Ahmet \u00c7amur\u00b4un da i\u00e7inde bulundu\u011fu g\u00fcvenlik kuvvetlerine roketatarlarla sald\u0131r\u0131 ger\u00e7ekle\u015ftirildi. Sald\u0131r\u0131da hem\u015ferimiz Ahmet \u00c7amur a\u011f\u0131r yaraland\u0131. Hastaneye kald\u0131r\u0131lan Ahmet \u00c7amur burada hayat\u0131n\u0131 kaybetti. \u015eehit Ahmet \u00c7amur daha \u00f6nce de iki kez girdi\u011fi \u00e7at\u0131\u015fmada yaralanm\u0131\u015f, emekliye sevk edilme iste\u011fini ise olumsuz kar\u015f\u0131lam\u0131\u015ft\u0131.<\/span><\/p>\n<p><span>15 A\u011fustos 2015 Tarihinde \u015eehitlik Mertebesine ula\u015fan \u015eehit Ahmet \u00c7amur 16 A\u011fustos 2015 tarihinde \u00c7aykara \u0130l\u00e7emizde Cumhurba\u015fkan\u0131m\u0131z Say\u0131n Recep Tayyip\u00a0 Erdo\u011fan\u00b4\u0131n da Te\u015frifleri ve Mah\u015feri bir kalabal\u0131\u011f\u0131n kat\u0131l\u0131m\u0131 ile son yolculu\u011funa u\u011furlanm\u0131\u015f ve \u0130l\u00e7emiz So\u011fanl\u0131 Mahallesinde bulunan Kabristanda g\u00f6z ya\u015flar\u0131 ve dualar e\u015fli\u011finde son yolculu\u011funa u\u011furlanm\u0131\u015ft\u0131.<\/span><\/p>\n<p>          <\/div>\n","protected":false},"excerpt":{"rendered":"<p>Hakkari&#8217;nin \u015eemdinli il\u00e7esinde 16 A\u011fustos 2015&#8217;te PKK&#8217;l\u0131 ter\u00f6ristlerle girilen \u00e7at\u0131\u015fmada \u015fehit olan komiser Ahmet \u00c7amur, \u015fehadetinin 10. y\u0131l\u0131nda Trabzon&#8217;daki mezar\u0131 ba\u015f\u0131nda an\u0131ld\u0131. Hakkari&#8217;nin \u015eemdinli il\u00e7esinde 16 A\u011fustos 2015&#8217;te PKK&#8217;l\u0131 ter\u00f6ristlerle girilen \u00e7at\u0131\u015fmada \u015fehit olan komiser Ahmet \u00c7amur, \u015fehadetinin 10. y\u0131l\u0131nda Trabzon&#8217;daki mezar\u0131 ba\u015f\u0131nda an\u0131ld\u0131. \u00c7amur&#8217;un, So\u011fanl\u0131 Mahallesi \u00dc\u00e7direk mevkisindeki kabri ba\u015f\u0131nda d\u00fczenlenen anma program\u0131na, ailesinin [&hellip;]<\/p>\n","protected":false},"author":1,"featured_media":4873,"comment_status":"open","ping_status":"open","sticky":false,"template":"","format":"standard","meta":{"tdm_status":"","tdm_grid_status":"","footnotes":""},"categories":[40],"tags":[],"class_list":{"0":"post-4872","1":"post","2":"type-post","3":"status-publish","4":"format-standard","5":"has-post-thumbnail","7":"category-caykara"},"_links":{"self":[{"href":"https:\/\/zeleka.com\/index.php?rest_route=\/wp\/v2\/posts\/4872","targetHints":{"allow":["GET"]}}],"collection":[{"href":"https:\/\/zeleka.com\/index.php?rest_route=\/wp\/v2\/posts"}],"about":[{"href":"https:\/\/zeleka.com\/index.php?rest_route=\/wp\/v2\/types\/post"}],"author":[{"embeddable":true,"href":"https:\/\/zeleka.com\/index.php?rest_route=\/wp\/v2\/users\/1"}],"replies":[{"embeddable":true,"href":"https:\/\/zeleka.com\/index.php?rest_route=%2Fwp%2Fv2%2Fcomments&post=4872"}],"version-history":[{"count":0,"href":"https:\/\/zeleka.com\/index.php?rest_route=\/wp\/v2\/posts\/4872\/revisions"}],"wp:featuredmedia":[{"embeddable":true,"href":"https:\/\/zeleka.com\/index.php?rest_route=\/wp\/v2\/media\/4873"}],"wp:attachment":[{"href":"https:\/\/zeleka.com\/index.php?rest_route=%2Fwp%2Fv2%2Fmedia&parent=4872"}],"wp:term":[{"taxonomy":"category","embeddable":true,"href":"https:\/\/zeleka.com\/index.php?rest_route=%2Fwp%2Fv2%2Fcategories&post=4872"},{"taxonomy":"post_tag","embeddable":true,"href":"https:\/\/zeleka.com\/index.php?rest_route=%2Fwp%2Fv2%2Ftags&post=4872"}],"curies":[{"name":"wp","href":"https:\/\/api.w.org\/{rel}","templated":true}]}}