{"id":4870,"date":"2025-08-14T21:29:23","date_gmt":"2025-08-14T18:29:23","guid":{"rendered":"https:\/\/zeleka.com\/?p=4870"},"modified":"2025-08-14T21:29:23","modified_gmt":"2025-08-14T18:29:23","slug":"caykara-dernekpazari-kultur-ve-dayanisma-dernegi-cayder-trabzon-subesi-tarafindan-trabzonun-caykara-ilcesinde-yazarlar-bulusuyor-etkinl","status":"publish","type":"post","link":"https:\/\/zeleka.com\/?p=4870","title":{"rendered":"<div id=\"detaymetin\">                            <p><span>\u00c7aykara-Dernekpazar\u0131 K\u00fclt\u00fcr ve Dayan\u0131\u015fma Derne\u011fi \u2013 \u00c7AYDER Trabzon \u015eubesi taraf\u0131ndan Trabzon\u2019un \u00c7aykara \u0130l\u00e7esinde \u201cYazarlar Bulu\u015fuyor\u201d etkinli\u011fi ger\u00e7ekle\u015ftirildi.<\/span><\/p>"},"content":{"rendered":"<div id=\"detaymetin\">\n<p><span>\u00c7aykara-Dernekpazar\u0131 K\u00fclt\u00fcr ve Dayan\u0131\u015fma Derne\u011fi \u2013 \u00c7AYDER Trabzon \u015eubesi taraf\u0131ndan Trabzon\u2019un \u00c7aykara \u0130l\u00e7esinde \u201cYazarlar Bulu\u015fuyor\u201d etkinli\u011fi ger\u00e7ekle\u015ftirildi.<\/span><\/p>\n<p><span>Sosyal, k\u00fclt\u00fcrel ve e\u011fitim alanlar\u0131nda \u00e7e\u015fitli faaliyetler ger\u00e7ekle\u015ftirmeye devam eden \u00c7AYDER K\u00fclt\u00fcr ve Dayan\u0131\u015fma Derne\u011fi Sosyal Sorumluluk projesi kapsam\u0131nda \u00c7aykara\u2019l\u0131 Yazarlar\u0131 \u00c7aykara Halk\u0131 ile bulu\u015fturdu.<\/span><\/p>\n<figure><img decoding=\"async\" src=\"https:\/\/caykaragundem.com\/resimler\/2025-8\/14\/66383188503122.webp\"><\/figure>\n<p><span>Ger\u00e7ekle\u015ftirilen organizasyon \u00c7aykara Belediye Ba\u015fkan\u0131 Hanefi TOK\u2019un da destek ve katk\u0131lar\u0131 ile ger\u00e7ekle\u015ftirildi<\/span><\/p>\n<p><span>\u00c7aykara Kaymakam\u0131 Ali Sapmaz,\u00c7aykara Belediye Ba\u015fkan\u0131 Hanefi Tok ,Dernekpazar\u0131 Belediye Ba\u015fkan\u0131 Dr. Mehmet A\u015f\u0131k,Ger\u00e7ekle\u015ftirilen Yazarlar Bulu\u015fmas\u0131 etkinli\u011fine \u00a0kat\u0131l\u0131m sa\u011flayarak Organizasyonu ger\u00e7ekle\u015ftiren \u00c7AYDER y\u00f6neticilerine ve yazarlara te\u015fekk\u00fcr ettiler.<\/span><\/p>\n<figure><img decoding=\"async\" src=\"https:\/\/caykaragundem.com\/resimler\/2025-8\/14\/30318468896720.webp\"><\/figure>\n<div>\n<p><span>\u00c7AYDER taraf\u0131ndan ger\u00e7ekle\u015ftirilen a\u00e7\u0131klamada \u015fu ifadelere yer verildi.<\/span><br \/><span>\u00c7aykaral\u0131 ve Dernekpazarl\u0131 yazarlar\u0131 bir araya getirerek, \u015eiir, Roman, Hik\u00e2ye ve b\u00f6lgemizin k\u00fclt\u00fcr\u00fcn\u00fc i\u00e7eren bir\u00e7ok alanda kitaplar\u0131 ile \u00c7aykara merkezde 12 A\u011fustos Sal\u0131 g\u00fcn\u00fc imza g\u00fcn\u00fc etkinli\u011fi ile de\u011ferli hem\u015fehrilerimizle bulu\u015fturduk.<\/span><br \/><img decoding=\"async\" src=\"https:\/\/caykaragundem.com\/resimler\/2025-8\/14\/586601278271760.webp\"><br \/><span>Geni\u015f kapsaml\u0131 ilk kez d\u00fczenlenen \u00a0etkinlikte, amac\u0131m\u0131z y\u00f6remiz yazarlar\u0131n\u0131n kayna\u015fmas\u0131n\u0131 sa\u011flamak, ayn\u0131 zamanda de\u011ferli hem\u015fehrilerimizle b\u00fct\u00fcnle\u015ftirmek i\u00e7in k\u00fclt\u00fcrel alanda b\u00f6lgemize de\u011fer katmak olmu\u015ftur.<\/span><\/p>\n<p><span>\u00c7aykara\u2019l\u0131 hem\u015ferilerimizin Yazar Bulu\u015fmas\u0131na g\u00f6stermi\u015f olduklar\u0131 yo\u011fun ilgi bizleri son derece mutlu etmek ile birlikte \u00f6n\u00fcm\u00fczdeki senelerde ger\u00e7ekle\u015ftirmeyi planlad\u0131\u011f\u0131m\u0131z etkinlikler ile ilgili de sorumlulu\u011fumuzu \u00fcstlenmemizi sa\u011flam\u0131\u015ft\u0131r.<\/span><\/p>\n<\/div>\n<p><span>\u00c7AYDER olarak Etkinli\u011fe kat\u0131l\u0131m sa\u011flayan t\u00fcm yazarlar\u0131m\u0131za te\u015fekk\u00fcr ediyor k\u0131ymetli hem\u015ferilerimize bulu\u015fmam\u0131za kat\u0131l\u0131mlar\u0131ndan dolay\u0131 te\u015fekk\u00fcr ediyoruz.<\/span><\/p>\n<p>          <\/div>\n","protected":false},"excerpt":{"rendered":"<p>\u00c7aykara-Dernekpazar\u0131 K\u00fclt\u00fcr ve Dayan\u0131\u015fma Derne\u011fi \u2013 \u00c7AYDER Trabzon \u015eubesi taraf\u0131ndan Trabzon\u2019un \u00c7aykara \u0130l\u00e7esinde \u201cYazarlar Bulu\u015fuyor\u201d etkinli\u011fi ger\u00e7ekle\u015ftirildi. Sosyal, k\u00fclt\u00fcrel ve e\u011fitim alanlar\u0131nda \u00e7e\u015fitli faaliyetler ger\u00e7ekle\u015ftirmeye devam eden \u00c7AYDER K\u00fclt\u00fcr ve Dayan\u0131\u015fma Derne\u011fi Sosyal Sorumluluk projesi kapsam\u0131nda \u00c7aykara\u2019l\u0131 Yazarlar\u0131 \u00c7aykara Halk\u0131 ile bulu\u015fturdu. Ger\u00e7ekle\u015ftirilen organizasyon \u00c7aykara Belediye Ba\u015fkan\u0131 Hanefi TOK\u2019un da destek ve katk\u0131lar\u0131 ile ger\u00e7ekle\u015ftirildi [&hellip;]<\/p>\n","protected":false},"author":1,"featured_media":4871,"comment_status":"open","ping_status":"open","sticky":false,"template":"","format":"standard","meta":{"tdm_status":"","tdm_grid_status":"","footnotes":""},"categories":[40],"tags":[],"class_list":{"0":"post-4870","1":"post","2":"type-post","3":"status-publish","4":"format-standard","5":"has-post-thumbnail","7":"category-caykara"},"_links":{"self":[{"href":"https:\/\/zeleka.com\/index.php?rest_route=\/wp\/v2\/posts\/4870","targetHints":{"allow":["GET"]}}],"collection":[{"href":"https:\/\/zeleka.com\/index.php?rest_route=\/wp\/v2\/posts"}],"about":[{"href":"https:\/\/zeleka.com\/index.php?rest_route=\/wp\/v2\/types\/post"}],"author":[{"embeddable":true,"href":"https:\/\/zeleka.com\/index.php?rest_route=\/wp\/v2\/users\/1"}],"replies":[{"embeddable":true,"href":"https:\/\/zeleka.com\/index.php?rest_route=%2Fwp%2Fv2%2Fcomments&post=4870"}],"version-history":[{"count":0,"href":"https:\/\/zeleka.com\/index.php?rest_route=\/wp\/v2\/posts\/4870\/revisions"}],"wp:featuredmedia":[{"embeddable":true,"href":"https:\/\/zeleka.com\/index.php?rest_route=\/wp\/v2\/media\/4871"}],"wp:attachment":[{"href":"https:\/\/zeleka.com\/index.php?rest_route=%2Fwp%2Fv2%2Fmedia&parent=4870"}],"wp:term":[{"taxonomy":"category","embeddable":true,"href":"https:\/\/zeleka.com\/index.php?rest_route=%2Fwp%2Fv2%2Fcategories&post=4870"},{"taxonomy":"post_tag","embeddable":true,"href":"https:\/\/zeleka.com\/index.php?rest_route=%2Fwp%2Fv2%2Ftags&post=4870"}],"curies":[{"name":"wp","href":"https:\/\/api.w.org\/{rel}","templated":true}]}}