{"id":487,"date":"2025-01-05T01:37:27","date_gmt":"2025-01-04T22:37:27","guid":{"rendered":"https:\/\/zeleka.com\/?p=487"},"modified":"2025-01-05T01:38:56","modified_gmt":"2025-01-04T22:38:56","slug":"vefat","status":"publish","type":"post","link":"https:\/\/zeleka.com\/?p=487","title":{"rendered":"VEFAT"},"content":{"rendered":"\n<p><br>Ta\u015f\u00f6ren K\u00f6y\u00fcm\u00fcz sakinlerinden merhum \u0130brahim Mutlu &amp; merhume Necmiye Mutlu &#8216;nun o\u011flu Halil Mutlu (59) vefat etti.<br>Cenazesi 05\/01\/2025 pazar g\u00fcn\u00fc ikindi namaz\u0131na m\u00fcteakip Haznedar Merkez Camiinde k\u0131l\u0131narak Ba\u011fc\u0131lar aile mezarl\u0131\u011f\u0131na defnedilecektir<br>Merhuma Dernek Y\u00f6netim Kurulu \u00dcyelerimiz ve Hem\u015ferilerimiz ad\u0131na Allah&#8217;tan rahmet geride kalan kederli ailesine yak\u0131nlar\u0131na sevenlerine sab\u0131r metanet ve ba\u015fsa\u011fl\u0131\u011f\u0131 diliyoruz.<br><\/p>\n\n\n\n<figure class=\"wp-block-image size-large\"><img loading=\"lazy\" decoding=\"async\" width=\"704\" height=\"1024\" src=\"https:\/\/zeleka.com\/wp-content\/uploads\/2025\/01\/cenaze-704x1024.jpg\" alt=\"\" class=\"wp-image-488\" srcset=\"https:\/\/zeleka.com\/wp-content\/uploads\/2025\/01\/cenaze-704x1024.jpg 704w, https:\/\/zeleka.com\/wp-content\/uploads\/2025\/01\/cenaze-206x300.jpg 206w, https:\/\/zeleka.com\/wp-content\/uploads\/2025\/01\/cenaze-768x1117.jpg 768w, https:\/\/zeleka.com\/wp-content\/uploads\/2025\/01\/cenaze-150x218.jpg 150w, https:\/\/zeleka.com\/wp-content\/uploads\/2025\/01\/cenaze-300x436.jpg 300w, https:\/\/zeleka.com\/wp-content\/uploads\/2025\/01\/cenaze-696x1012.jpg 696w, https:\/\/zeleka.com\/wp-content\/uploads\/2025\/01\/cenaze-100x146.jpg 100w, https:\/\/zeleka.com\/wp-content\/uploads\/2025\/01\/cenaze.jpg 795w\" sizes=\"auto, (max-width: 704px) 100vw, 704px\" \/><\/figure>\n","protected":false},"excerpt":{"rendered":"<p>Ta\u015f\u00f6ren K\u00f6y\u00fcm\u00fcz sakinlerinden merhum \u0130brahim Mutlu &amp; merhume Necmiye Mutlu &#8216;nun o\u011flu Halil Mutlu (59) vefat etti.Cenazesi 05\/01\/2025 pazar g\u00fcn\u00fc ikindi namaz\u0131na m\u00fcteakip Haznedar Merkez Camiinde k\u0131l\u0131narak Ba\u011fc\u0131lar aile mezarl\u0131\u011f\u0131na defnedilecektirMerhuma Dernek Y\u00f6netim Kurulu \u00dcyelerimiz ve Hem\u015ferilerimiz ad\u0131na Allah&#8217;tan rahmet geride kalan kederli ailesine yak\u0131nlar\u0131na sevenlerine sab\u0131r metanet ve ba\u015fsa\u011fl\u0131\u011f\u0131 diliyoruz.<\/p>\n","protected":false},"author":1,"featured_media":488,"comment_status":"open","ping_status":"open","sticky":false,"template":"","format":"standard","meta":{"tdm_status":"","tdm_grid_status":"","footnotes":""},"categories":[39],"tags":[],"class_list":{"0":"post-487","1":"post","2":"type-post","3":"status-publish","4":"format-standard","5":"has-post-thumbnail","7":"category-haberler"},"_links":{"self":[{"href":"https:\/\/zeleka.com\/index.php?rest_route=\/wp\/v2\/posts\/487","targetHints":{"allow":["GET"]}}],"collection":[{"href":"https:\/\/zeleka.com\/index.php?rest_route=\/wp\/v2\/posts"}],"about":[{"href":"https:\/\/zeleka.com\/index.php?rest_route=\/wp\/v2\/types\/post"}],"author":[{"embeddable":true,"href":"https:\/\/zeleka.com\/index.php?rest_route=\/wp\/v2\/users\/1"}],"replies":[{"embeddable":true,"href":"https:\/\/zeleka.com\/index.php?rest_route=%2Fwp%2Fv2%2Fcomments&post=487"}],"version-history":[{"count":1,"href":"https:\/\/zeleka.com\/index.php?rest_route=\/wp\/v2\/posts\/487\/revisions"}],"predecessor-version":[{"id":489,"href":"https:\/\/zeleka.com\/index.php?rest_route=\/wp\/v2\/posts\/487\/revisions\/489"}],"wp:featuredmedia":[{"embeddable":true,"href":"https:\/\/zeleka.com\/index.php?rest_route=\/wp\/v2\/media\/488"}],"wp:attachment":[{"href":"https:\/\/zeleka.com\/index.php?rest_route=%2Fwp%2Fv2%2Fmedia&parent=487"}],"wp:term":[{"taxonomy":"category","embeddable":true,"href":"https:\/\/zeleka.com\/index.php?rest_route=%2Fwp%2Fv2%2Fcategories&post=487"},{"taxonomy":"post_tag","embeddable":true,"href":"https:\/\/zeleka.com\/index.php?rest_route=%2Fwp%2Fv2%2Ftags&post=487"}],"curies":[{"name":"wp","href":"https:\/\/api.w.org\/{rel}","templated":true}]}}