{"id":4866,"date":"2025-08-13T21:29:28","date_gmt":"2025-08-13T18:29:28","guid":{"rendered":"https:\/\/zeleka.com\/?p=4866"},"modified":"2025-08-13T21:29:28","modified_gmt":"2025-08-13T18:29:28","slug":"trabzonun-caykara-ilcesinde-muzik-ve-futbol-coskusu-bir-arada-yasandi-caykara-kaymakamligi-tarafindan-organize-edilentrabzon-buyuksehir-belediyesi-ve-caykara-bele","status":"publish","type":"post","link":"https:\/\/zeleka.com\/?p=4866","title":{"rendered":"<div id=\"detaymetin\">                            <p>Trabzon\u2019un \u00c7aykara \u0130l\u00e7esinde M\u00fczik ve Futbol Co\u015fkusu bir arada ya\u015fand\u0131.<\/p><p>\u00c7aykara Kaymakaml\u0131\u011f\u0131 taraf\u0131ndan organize edilen,Trabzon B\u00fcy\u00fck\u015fehir Belediyesi ve \u00c7aykara Belediyesi taraf\u0131"},"content":{"rendered":"<div id=\"detaymetin\">\n<p>Trabzon\u2019un \u00c7aykara \u0130l\u00e7esinde M\u00fczik ve Futbol Co\u015fkusu bir arada ya\u015fand\u0131.<\/p>\n<p>\u00c7aykara Kaymakaml\u0131\u011f\u0131 taraf\u0131ndan organize edilen,Trabzon B\u00fcy\u00fck\u015fehir Belediyesi ve \u00c7aykara Belediyesi taraf\u0131ndan desteklenen ve \u00c7aykara Gen\u00e7lik ve Spor \u0130l\u00e7e M\u00fcd\u00fcrl\u00fc\u011f\u00fc taraf\u0131ndan organizasyonu ger\u00e7ekle\u015ftirilen 2025 Y\u0131l\u0131 Ali Kele\u015f Futbol Turnuvas\u0131 Final M\u00fcsabakas\u0131 \u00f6ncesinde \u00c7aykara \u0130l\u00e7esinde M\u00fczik ve Futbol co\u015fkusu bir arada ya\u015fand\u0131.<\/p>\n<figure><img decoding=\"async\" src=\"https:\/\/caykaragundem.com\/resimler\/2025-8\/13\/80980141266895.webp\"><\/figure>\n<p>\u00c7aykara Kaymakam\u0131 Ali Sapmaz,\u00c7aykara Belediye Ba\u015fkan\u0131 Hanefi Tok,Trabzon Gen\u00e7lik ve Spor \u0130l M\u00fcd\u00fcr\u00fc Lokman Ar\u0131c\u0131o\u011flu,\u00c7aykara \u0130l\u00e7e Jandarma Komutan\u0131 \u00dcste\u011fmen Emre Can Narin,\u00c7aykara \u0130l\u00e7e Emniyet Amiri Komiser Alparslan Albayrak,AK Parti \u00c7aykara \u0130l\u00e7e Ba\u015fkan\u0131 Muhammet Sel\u00e7uk ,\u00c7aykara Gen\u00e7lik ve Spor \u0130l\u00e7e M\u00fcd\u00fcr\u00fc Yusuf Kurt,\u00c7aykara \u0130l\u00e7e Tar\u0131m M\u00fcd\u00fcr\u00fc Ersin Yavuz Birkan<\/p>\n<p>Turnuva \u00f6ncesinde ger\u00e7ekle\u015ftirilen Konser Organizasyonu i\u00e7in \u00c7aykara \u0130l\u00e7e Stadyumuna Trabzon B\u00fcy\u00fck\u015fehir Belediyesi taraf\u0131ndan sahne kuruldu.<\/p>\n<figure><img decoding=\"async\" src=\"https:\/\/caykaragundem.com\/resimler\/2025-8\/13\/51287456442706.webp\"><\/figure>\n<p>Karadeniz M\u00fczi\u011finin dev isimleri Sinan Sami ve Onay \u015eahin ger\u00e7ekle\u015ftirilen Konser Organizasyonunda hayranlar\u0131 ile bulu\u015ftular.<\/p>\n<p>Yakla\u015f\u0131k 4000 ki\u015finin kat\u0131l\u0131m sa\u011flad\u0131\u011f\u0131 a\u00e7\u0131k hava konserinde kat\u0131l\u0131mc\u0131lar sanat\u00e7\u0131lar\u0131n birbirinden g\u00fczel t\u00fcrk\u00fcleri e\u015fli\u011finde g\u00f6n\u00fcllerince e\u011flendiler.<\/p>\n<figure><img decoding=\"async\" src=\"https:\/\/caykaragundem.com\/resimler\/2025-8\/13\/706521046582924.webp\"><\/figure>\n<p>M\u00fczik Organizasyonunun ard\u0131ndan Kupada Final M\u00fcsabakas\u0131 oynand\u0131 ve Uzung\u00f6lspor rakibi Antikorspor\u2019u 4-1 yenmeyi ba\u015fararak turnuvada \u015eampiyonluk ipini g\u00f6\u011f\u00fcsledi.<\/p>\n<p>\u015eampiyonluk ma\u00e7\u0131n\u0131n ard\u0131ndan ger\u00e7ekle\u015ftirilen kupa t\u00f6reni ile \u00f6d\u00fcller sahiplerine da\u011f\u0131t\u0131ld\u0131.<\/p>\n<p>\u00c7aykara halk\u0131 m\u00fczik ve futbol dolu bir g\u00fcn ile unutamayacaklar\u0131 bir ak\u015fam ya\u015fad\u0131lar<\/p>\n<figure><img decoding=\"async\" src=\"https:\/\/caykaragundem.com\/resimler\/2025-8\/13\/41696373528390.webp\"><\/figure>\n<p>          <\/div>\n","protected":false},"excerpt":{"rendered":"<p>Trabzon\u2019un \u00c7aykara \u0130l\u00e7esinde M\u00fczik ve Futbol Co\u015fkusu bir arada ya\u015fand\u0131. \u00c7aykara Kaymakaml\u0131\u011f\u0131 taraf\u0131ndan organize edilen,Trabzon B\u00fcy\u00fck\u015fehir Belediyesi ve \u00c7aykara Belediyesi taraf\u0131ndan desteklenen ve \u00c7aykara Gen\u00e7lik ve Spor \u0130l\u00e7e M\u00fcd\u00fcrl\u00fc\u011f\u00fc taraf\u0131ndan organizasyonu ger\u00e7ekle\u015ftirilen 2025 Y\u0131l\u0131 Ali Kele\u015f Futbol Turnuvas\u0131 Final M\u00fcsabakas\u0131 \u00f6ncesinde \u00c7aykara \u0130l\u00e7esinde M\u00fczik ve Futbol co\u015fkusu bir arada ya\u015fand\u0131. \u00c7aykara Kaymakam\u0131 Ali Sapmaz,\u00c7aykara Belediye [&hellip;]<\/p>\n","protected":false},"author":1,"featured_media":4867,"comment_status":"open","ping_status":"open","sticky":false,"template":"","format":"standard","meta":{"tdm_status":"","tdm_grid_status":"","footnotes":""},"categories":[40],"tags":[],"class_list":{"0":"post-4866","1":"post","2":"type-post","3":"status-publish","4":"format-standard","5":"has-post-thumbnail","7":"category-caykara"},"_links":{"self":[{"href":"https:\/\/zeleka.com\/index.php?rest_route=\/wp\/v2\/posts\/4866","targetHints":{"allow":["GET"]}}],"collection":[{"href":"https:\/\/zeleka.com\/index.php?rest_route=\/wp\/v2\/posts"}],"about":[{"href":"https:\/\/zeleka.com\/index.php?rest_route=\/wp\/v2\/types\/post"}],"author":[{"embeddable":true,"href":"https:\/\/zeleka.com\/index.php?rest_route=\/wp\/v2\/users\/1"}],"replies":[{"embeddable":true,"href":"https:\/\/zeleka.com\/index.php?rest_route=%2Fwp%2Fv2%2Fcomments&post=4866"}],"version-history":[{"count":0,"href":"https:\/\/zeleka.com\/index.php?rest_route=\/wp\/v2\/posts\/4866\/revisions"}],"wp:featuredmedia":[{"embeddable":true,"href":"https:\/\/zeleka.com\/index.php?rest_route=\/wp\/v2\/media\/4867"}],"wp:attachment":[{"href":"https:\/\/zeleka.com\/index.php?rest_route=%2Fwp%2Fv2%2Fmedia&parent=4866"}],"wp:term":[{"taxonomy":"category","embeddable":true,"href":"https:\/\/zeleka.com\/index.php?rest_route=%2Fwp%2Fv2%2Fcategories&post=4866"},{"taxonomy":"post_tag","embeddable":true,"href":"https:\/\/zeleka.com\/index.php?rest_route=%2Fwp%2Fv2%2Ftags&post=4866"}],"curies":[{"name":"wp","href":"https:\/\/api.w.org\/{rel}","templated":true}]}}