{"id":4864,"date":"2025-08-13T21:29:29","date_gmt":"2025-08-13T18:29:29","guid":{"rendered":"https:\/\/zeleka.com\/?p=4864"},"modified":"2025-08-13T21:29:29","modified_gmt":"2025-08-13T18:29:29","slug":"trabzonun-caykara-ilcesinde-kazada-olen-ali-kelesin-ismi-gerceklestirilen-caykara-kaymakamligi-futbol-turnuvasina-verilerek-yasatildi","status":"publish","type":"post","link":"https:\/\/zeleka.com\/?p=4864","title":{"rendered":"<div id=\"detaymetin\">                            <p>Trabzon\u2019un \u00c7aykara \u0130l\u00e7esinde kazada \u00f6len Ali Kele\u015f\u2019in ismi ger\u00e7ekle\u015ftirilen \u00c7aykara Kaymakaml\u0131\u011f\u0131 Futbol Turnuvas\u0131na verilerek ya\u015fat\u0131ld\u0131.<\/p><figure><img src=\"https:\/\/caykaragundem.com\/"},"content":{"rendered":"<div id=\"detaymetin\">\n<p>Trabzon\u2019un \u00c7aykara \u0130l\u00e7esinde kazada \u00f6len Ali Kele\u015f\u2019in ismi ger\u00e7ekle\u015ftirilen \u00c7aykara Kaymakaml\u0131\u011f\u0131 Futbol Turnuvas\u0131na verilerek ya\u015fat\u0131ld\u0131.<\/p>\n<figure><img decoding=\"async\" src=\"https:\/\/caykaragundem.com\/resimler\/2025-8\/13\/40942146277361.webp\"><\/figure>\n<p>\u00c7aykara \u0130l\u00e7esi Uzung\u00f6l Mahallesinin sevilen \u0130\u015f Adamlar\u0131ndan,Organizat\u00f6r,sosyal ve k\u00fclt\u00fcrel y\u00f6n\u00fc \u00e7ok b\u00fcy\u00fck ve toplum taraf\u0131ndan \u00e7ok sevilen ismi Ali Kele\u015f 15 Nisan 2022 tarihinde Bayburt \u00dcniversitesi taraf\u0131ndan ger\u00e7ekle\u015ftirilmesi planlanan bir organizasyon \u00e7al\u0131\u015fmas\u0131 i\u00e7in gitti\u011fi Bayburt\u2019tan Trabzon\u2019a d\u00f6n\u00fc\u015f esnas\u0131nda ge\u00e7irmi\u015f oldu\u011fu bir trafik kazas\u0131 sonucunda hayat\u0131n\u0131 kaybetmi\u015fti.<\/p>\n<figure><img decoding=\"async\" src=\"https:\/\/caykaragundem.com\/resimler\/2025-8\/13\/24259657379731.webp\"><\/figure>\n<p>\u00c7aykara Kaymakaml\u0131\u011f\u0131 taraf\u0131ndan 2025 y\u0131l\u0131nda ger\u00e7ekle\u015ftirilen futbol turnuvas\u0131 Ali Kele\u015f\u2019in isminin ya\u015fat\u0131lmas\u0131 amac\u0131 ile 2025 Y\u0131l\u0131 Ali Kele\u015f Futbol Turnuvas\u0131 olarak ger\u00e7ekle\u015ftirildi.<\/p>\n<p>Ali Kele\u015f\u2019in anne ve babas\u0131 olan Erdo\u011fan \u015e\u00fckran Kele\u015f Turnuvan\u0131n a\u00e7\u0131l\u0131\u015f ma\u00e7\u0131 \u00f6ncesinde Stadyuma davet edildi ve kendilerine Kaymakam Ali Sapmaz taraf\u0131ndan \u00e7i\u00e7ek takdim edildi.<\/p>\n<figure><img decoding=\"async\" src=\"https:\/\/caykaragundem.com\/resimler\/2025-8\/13\/68551384333995.webp\"><\/figure>\n<p>Erdo\u011fan \u015e\u00fckran Kele\u015f Turnuvan\u0131n Final Ma\u00e7\u0131 olan Uzung\u00f6lspor Antikorspor kar\u015f\u0131la\u015fmas\u0131na da davet edildi.<\/p>\n<p>Kupa T\u00f6reni esnas\u0131nda \u00c7aykara Kaymakam\u0131 Ali Sapmaz ve \u00c7aykara Belediye Ba\u015fkan\u0131 Hanefi Tok taraf\u0131ndan Kele\u015f ailesine Plaket takdimi ger\u00e7ekle\u015ftirildi.<\/p>\n<p>          <\/div>\n","protected":false},"excerpt":{"rendered":"<p>Trabzon\u2019un \u00c7aykara \u0130l\u00e7esinde kazada \u00f6len Ali Kele\u015f\u2019in ismi ger\u00e7ekle\u015ftirilen \u00c7aykara Kaymakaml\u0131\u011f\u0131 Futbol Turnuvas\u0131na verilerek ya\u015fat\u0131ld\u0131. \u00c7aykara \u0130l\u00e7esi Uzung\u00f6l Mahallesinin sevilen \u0130\u015f Adamlar\u0131ndan,Organizat\u00f6r,sosyal ve k\u00fclt\u00fcrel y\u00f6n\u00fc \u00e7ok b\u00fcy\u00fck ve toplum taraf\u0131ndan \u00e7ok sevilen ismi Ali Kele\u015f 15 Nisan 2022 tarihinde Bayburt \u00dcniversitesi taraf\u0131ndan ger\u00e7ekle\u015ftirilmesi planlanan bir organizasyon \u00e7al\u0131\u015fmas\u0131 i\u00e7in gitti\u011fi Bayburt\u2019tan Trabzon\u2019a d\u00f6n\u00fc\u015f esnas\u0131nda ge\u00e7irmi\u015f oldu\u011fu [&hellip;]<\/p>\n","protected":false},"author":1,"featured_media":4865,"comment_status":"open","ping_status":"open","sticky":false,"template":"","format":"standard","meta":{"tdm_status":"","tdm_grid_status":"","footnotes":""},"categories":[40],"tags":[],"class_list":{"0":"post-4864","1":"post","2":"type-post","3":"status-publish","4":"format-standard","5":"has-post-thumbnail","7":"category-caykara"},"_links":{"self":[{"href":"https:\/\/zeleka.com\/index.php?rest_route=\/wp\/v2\/posts\/4864","targetHints":{"allow":["GET"]}}],"collection":[{"href":"https:\/\/zeleka.com\/index.php?rest_route=\/wp\/v2\/posts"}],"about":[{"href":"https:\/\/zeleka.com\/index.php?rest_route=\/wp\/v2\/types\/post"}],"author":[{"embeddable":true,"href":"https:\/\/zeleka.com\/index.php?rest_route=\/wp\/v2\/users\/1"}],"replies":[{"embeddable":true,"href":"https:\/\/zeleka.com\/index.php?rest_route=%2Fwp%2Fv2%2Fcomments&post=4864"}],"version-history":[{"count":0,"href":"https:\/\/zeleka.com\/index.php?rest_route=\/wp\/v2\/posts\/4864\/revisions"}],"wp:featuredmedia":[{"embeddable":true,"href":"https:\/\/zeleka.com\/index.php?rest_route=\/wp\/v2\/media\/4865"}],"wp:attachment":[{"href":"https:\/\/zeleka.com\/index.php?rest_route=%2Fwp%2Fv2%2Fmedia&parent=4864"}],"wp:term":[{"taxonomy":"category","embeddable":true,"href":"https:\/\/zeleka.com\/index.php?rest_route=%2Fwp%2Fv2%2Fcategories&post=4864"},{"taxonomy":"post_tag","embeddable":true,"href":"https:\/\/zeleka.com\/index.php?rest_route=%2Fwp%2Fv2%2Ftags&post=4864"}],"curies":[{"name":"wp","href":"https:\/\/api.w.org\/{rel}","templated":true}]}}