{"id":4862,"date":"2025-08-13T21:29:30","date_gmt":"2025-08-13T18:29:30","guid":{"rendered":"https:\/\/zeleka.com\/?p=4862"},"modified":"2025-08-13T21:29:30","modified_gmt":"2025-08-13T18:29:30","slug":"trabzonun-caykara-ilcesinde-iki-ayri-okulda-gerceklestirilen-bususma-etkinligi-ile-seneler-once-bu-okullardan-mezun-olan-ogrenciler-bir-araya-getirildiler-caykara","status":"publish","type":"post","link":"https:\/\/zeleka.com\/?p=4862","title":{"rendered":"<div id=\"detaymetin\">                            <p>Trabzon\u2019un \u00c7aykara \u0130l\u00e7esinde iki ayr\u0131 okulda ger\u00e7ekle\u015ftirilen Bu\u015fu\u015fma etkinli\u011fi ile seneler \u00f6nce bu okullardan mezun olan \u00f6\u011frenciler bir araya getirildiler.<\/p><p>\u00c7aykara \u015eehit Ahmet \u00c7am"},"content":{"rendered":"<div id=\"detaymetin\">\n<p>Trabzon\u2019un \u00c7aykara \u0130l\u00e7esinde iki ayr\u0131 okulda ger\u00e7ekle\u015ftirilen Bu\u015fu\u015fma etkinli\u011fi ile seneler \u00f6nce bu okullardan mezun olan \u00f6\u011frenciler bir araya getirildiler.<\/p>\n<p>\u00c7aykara \u015eehit Ahmet \u00c7amur Anadolu \u0130mam Hatip Lisesinde ger\u00e7ekle\u015ftirilen bulu\u015fma etkinli\u011finde tarih boyunca \u0130mam Hatip Ortaokulu ve \u0130mam Hatip Lisesinden mezun olan vatanda\u015flar\u0131n bulu\u015fmas\u0131 ger\u00e7ekle\u015ftirildi.<\/p>\n<figure><img decoding=\"async\" src=\"https:\/\/caykaragundem.com\/resimler\/2025-8\/13\/80400504012104.webp\"><\/figure>\n<p>Organizasyon M\u00fcd\u00fcr Ba\u015f Yard\u0131mc\u0131s\u0131 Hasan Bal taraf\u0131ndan ger\u00e7ekle\u015ftirildi.<\/p>\n<p>Ger\u00e7ekle\u015ftirilen bulu\u015fma etkinli\u011fine yakla\u015f\u0131k 100 mezun vatanda\u015f kat\u0131l\u0131m sa\u011flarken \u00c7aykara Kaymakam\u0131 Ali Sapmaz,\u00c7aykara Belediye Ba\u015fkan\u0131 Hanefi Tok ve \u0130l\u00e7e Milli E\u011fitim M\u00fcd\u00fcr\u00fc Ahmet \u00c7amurali de kat\u0131l\u0131m sa\u011flad\u0131.<\/p>\n<figure><img decoding=\"async\" src=\"https:\/\/caykaragundem.com\/resimler\/2025-8\/13\/99602217734551.webp\"><\/figure>\n<p>Mezun olan vatanda\u015flar y\u0131llar \u00f6nce okuduklar\u0131 okulu ve s\u0131n\u0131flar\u0131n\u0131 ziyaret ederken tatl\u0131 bir heyecan ya\u015farken,y\u0131llar \u00f6nce ayn\u0131 okuldan birlikte mezun olduklar\u0131 arkada\u015flar\u0131 ile bir araya gelmenin tatl\u0131 heyecan\u0131n\u0131 da ya\u015fad\u0131lar<\/p>\n<p>Mezun vatanda\u015flar Okul an\u0131lar\u0131n\u0131 tazelerken gelecek senelerde bu t\u00fcr etkinlik ve organizasyonlar\u0131n mutlaka ger\u00e7ekle\u015ftirilmesi karar\u0131n\u0131 vererek etkinli\u011fi tamamlad\u0131lar.<\/p>\n<figure><img decoding=\"async\" src=\"https:\/\/caykaragundem.com\/resimler\/2025-8\/13\/583651488761651.webp\"><\/figure>\n<p>\u00c7aykara Ortaokulu,\u00c7aykara \u0130n\u00f6n\u00fc Lisesi ve \u00c7aykara Ticaret Lisesi mezunlar\u0131 ise \u00c7aykara \u00c7ok Programl\u0131 Anadolu Lisesi M\u00fcd\u00fcr\u00fc Caner Kama\u2019n\u0131n ger\u00e7ekle\u015ftirdikleri organizasyonda bir araya geldiler.<\/p>\n<p>Ger\u00e7ekle\u015ftirilen bulu\u015fma etkinli\u011fine \u00c7aykara Kaymakam\u0131 Ali Sapmaz,\u00c7aykara Belediye Ba\u015fkan\u0131 Hanefi Tok ve \u0130l\u00e7e Milli E\u011fitim M\u00fcd\u00fcr\u00fc Ahmet \u00c7amurali de kat\u0131l\u0131m sa\u011flad\u0131.<\/p>\n<p>Mezun olan vatanda\u015flar y\u0131llar \u00f6nce okuduklar\u0131 okulu ve s\u0131n\u0131flar\u0131n\u0131 ziyaret ederken tatl\u0131 bir heyecan ya\u015farken,y\u0131llar \u00f6nce ayn\u0131 okuldan birlikte mezun olduklar\u0131 arkada\u015flar\u0131 ile bir araya gelmenin tatl\u0131 heyecan\u0131n\u0131 da ya\u015fad\u0131lar<\/p>\n<p>Mezun vatanda\u015flar Okul an\u0131lar\u0131n\u0131 tazelerken gelecek senelerde bu t\u00fcr etkinlik ve organizasyonlar\u0131n mutlaka ger\u00e7ekle\u015ftirilmesi karar\u0131n\u0131 vererek etkinli\u011fi tamamlad\u0131lar.<\/p>\n<p>          <\/div>\n","protected":false},"excerpt":{"rendered":"<p>Trabzon\u2019un \u00c7aykara \u0130l\u00e7esinde iki ayr\u0131 okulda ger\u00e7ekle\u015ftirilen Bu\u015fu\u015fma etkinli\u011fi ile seneler \u00f6nce bu okullardan mezun olan \u00f6\u011frenciler bir araya getirildiler. \u00c7aykara \u015eehit Ahmet \u00c7amur Anadolu \u0130mam Hatip Lisesinde ger\u00e7ekle\u015ftirilen bulu\u015fma etkinli\u011finde tarih boyunca \u0130mam Hatip Ortaokulu ve \u0130mam Hatip Lisesinden mezun olan vatanda\u015flar\u0131n bulu\u015fmas\u0131 ger\u00e7ekle\u015ftirildi. Organizasyon M\u00fcd\u00fcr Ba\u015f Yard\u0131mc\u0131s\u0131 Hasan Bal taraf\u0131ndan ger\u00e7ekle\u015ftirildi. Ger\u00e7ekle\u015ftirilen bulu\u015fma [&hellip;]<\/p>\n","protected":false},"author":1,"featured_media":4863,"comment_status":"open","ping_status":"open","sticky":false,"template":"","format":"standard","meta":{"tdm_status":"","tdm_grid_status":"","footnotes":""},"categories":[40],"tags":[],"class_list":{"0":"post-4862","1":"post","2":"type-post","3":"status-publish","4":"format-standard","5":"has-post-thumbnail","7":"category-caykara"},"_links":{"self":[{"href":"https:\/\/zeleka.com\/index.php?rest_route=\/wp\/v2\/posts\/4862","targetHints":{"allow":["GET"]}}],"collection":[{"href":"https:\/\/zeleka.com\/index.php?rest_route=\/wp\/v2\/posts"}],"about":[{"href":"https:\/\/zeleka.com\/index.php?rest_route=\/wp\/v2\/types\/post"}],"author":[{"embeddable":true,"href":"https:\/\/zeleka.com\/index.php?rest_route=\/wp\/v2\/users\/1"}],"replies":[{"embeddable":true,"href":"https:\/\/zeleka.com\/index.php?rest_route=%2Fwp%2Fv2%2Fcomments&post=4862"}],"version-history":[{"count":0,"href":"https:\/\/zeleka.com\/index.php?rest_route=\/wp\/v2\/posts\/4862\/revisions"}],"wp:featuredmedia":[{"embeddable":true,"href":"https:\/\/zeleka.com\/index.php?rest_route=\/wp\/v2\/media\/4863"}],"wp:attachment":[{"href":"https:\/\/zeleka.com\/index.php?rest_route=%2Fwp%2Fv2%2Fmedia&parent=4862"}],"wp:term":[{"taxonomy":"category","embeddable":true,"href":"https:\/\/zeleka.com\/index.php?rest_route=%2Fwp%2Fv2%2Fcategories&post=4862"},{"taxonomy":"post_tag","embeddable":true,"href":"https:\/\/zeleka.com\/index.php?rest_route=%2Fwp%2Fv2%2Ftags&post=4862"}],"curies":[{"name":"wp","href":"https:\/\/api.w.org\/{rel}","templated":true}]}}