{"id":4860,"date":"2025-08-12T20:38:08","date_gmt":"2025-08-12T17:38:08","guid":{"rendered":"https:\/\/zeleka.com\/?p=4860"},"modified":"2025-08-12T20:38:08","modified_gmt":"2025-08-12T17:38:08","slug":"caykara-kaymakamligi-ali-keles-futbol-turnuvasi-ucuncusu-egriderespor-oldu-turnuvanin-ucunculuk-macinda-jandarmaspor-ile-karsilasan-egriderespor-karsilasmadan-5-3-galip","status":"publish","type":"post","link":"https:\/\/zeleka.com\/?p=4860","title":{"rendered":"<div id=\"detaymetin\">                            <p>\u00c7aykara Kaymakaml\u0131\u011f\u0131 Ali Kele\u015f Futbol Turnuvas\u0131 \u00dc\u00e7\u00fcnc\u00fcs\u00fc E\u011friderespor oldu.<\/p><p>Turnuvan\u0131n \u00dc\u00e7\u00fcnc\u00fcl\u00fck ma\u00e7\u0131nda Jandarmaspor ile kar\u015f\u0131la\u015fan E\u011friderespor kar\u015f\u0131la\u015fmadan 5-3 galip"},"content":{"rendered":"<div id=\"detaymetin\">\n<p>\u00c7aykara Kaymakaml\u0131\u011f\u0131 Ali Kele\u015f Futbol Turnuvas\u0131 \u00dc\u00e7\u00fcnc\u00fcs\u00fc E\u011friderespor oldu.<\/p>\n<p>Turnuvan\u0131n \u00dc\u00e7\u00fcnc\u00fcl\u00fck ma\u00e7\u0131nda Jandarmaspor ile kar\u015f\u0131la\u015fan E\u011friderespor kar\u015f\u0131la\u015fmadan 5-3 galip ayr\u0131larak \u00dc\u00e7\u00fcnc\u00fcl\u00fck Kupas\u0131n\u0131n sahibi oldu.<\/p>\n<figure><img decoding=\"async\" src=\"https:\/\/caykaragundem.com\/resimler\/2025-8\/11\/110570369923550.webp\"><\/figure>\n<figure><\/figure>\n<p><strong>Kupa tarihinin en fazla \u015fampiyonluk kupas\u0131 kazanan tak\u0131m\u0131 olan E\u011friderespor 2025 y\u0131l\u0131n\u0131 da Kupa ile tamamlamay\u0131 ba\u015fard\u0131.<\/strong><\/p>\n<figure><img decoding=\"async\" src=\"https:\/\/caykaragundem.com\/resimler\/2025-8\/11\/972781883354879.webp\"><\/figure>\n<p>E\u011friderespor kar\u015f\u0131la\u015fmaya \u015fu onbir ile ba\u015flad\u0131.<\/p>\n<p>Fatih Co\u015fkun,Fatih Kamilo\u011flu,Muhammet G\u00f6nan,\u00d6mer Numan Tun\u00e7,Hasan Kara,Abd\u00fclhamit \u015een,Semih Hac\u0131pa\u015fal\u0131o\u011flu,Semih Bal,Bayram Bal,Alparslan \u015een,Necip Bal.<\/p>\n<figure><img decoding=\"async\" src=\"https:\/\/caykaragundem.com\/resimler\/2025-8\/11\/87369215524392.webp\"><\/figure>\n<p><strong>Turnuvan\u0131n en iyi top oynayan ekiplerinden Jandarmaspor \u00dc\u00e7\u00fcnc\u00fcl\u00fck ma\u00e7\u0131nda geri d\u00f6nmeyi ba\u015farsa da devam\u0131n\u0131 getiremedi.<\/strong><\/p>\n<p>Turnuvan\u0131n etkili ekiplerinden Jandarmaspor \u00dc\u00e7\u00fcnc\u00fcl\u00fck m\u00fcsabakas\u0131na \u015fu onbir ile ba\u015flad\u0131.<\/p>\n<p>Cengiz Dutlu,Yunus Barakl\u0131o\u011flu,H\u00fcseyin Dede,Serkan KIl\u0131\u00e7arslan,Mehmet \u00d6z\u00e7elik,L\u00fctf\u00fc Can Topta\u015f,Nimet Polat,Mehmet Kanbur,Emre Can Narin,Deniz Akayd\u0131n,Bar\u0131\u015f Karo\u011flu<\/p>\n<p>E\u011friderespor kar\u015f\u0131la\u015fmaya etkili ba\u015flad\u0131 ve Alparslan \u015een ile buldu\u011fu gol ile \u00f6ne ge\u00e7ti.<\/p>\n<figure><img decoding=\"async\" src=\"https:\/\/caykaragundem.com\/resimler\/2025-8\/11\/67562587755304.webp\"><\/figure>\n<p>Jandarmaspor bu gole Bar\u0131\u015f Karo\u011flu ile cevap verdi ve kar\u015f\u0131la\u015fman\u0131n ilk yar\u0131s\u0131 1-1 beraberlik ile sona erdi.<\/p>\n<p>JANDARMASPOR\u2019DAN MUHTE\u015eEM GER\u0130 D\u00d6N\u00dc\u015e<\/p>\n<p>Kar\u015f\u0131la\u015fman\u0131n ikinci devresinde E\u011friderspor \u00f6nce Fatih Co\u015fkun sonra Ramazan Bal ile buldu\u011fu goller ile 3-1 \u00f6ne ge\u00e7ti.<\/p>\n<p>Oyundan kopmayan Jandarmaspor Deniz Akayd\u0131n ile buldu\u011fu iki gol ile kar\u015f\u0131la\u015fmada e\u015fitli\u011fi yakalad\u0131.<\/p>\n<figure><img decoding=\"async\" src=\"https:\/\/caykaragundem.com\/resimler\/2025-8\/11\/1143441492655345.webp\"><\/figure>\n<p>Kar\u015f\u0131la\u015fman\u0131n berabere bitece\u011fi tahmin edilirken E\u011friderespor Fatih Co\u015fkun ve Semih Bal\u2019\u0131n aya\u011f\u0131ndan buldu\u011fu goller ile kar\u015f\u0131la\u015fmadan 5-3 galip ayr\u0131ld\u0131.<\/p>\n<p>Kar\u015f\u0131la\u015fman\u0131n ard\u0131ndan E\u011friderespor tak\u0131m\u0131na \u00dc\u00e7\u00fcnc\u00fcl\u00fck Kupas\u0131 ve madalyalar\u0131 Kaymakam Ali Sapmaz,Belediye Ba\u015fkan\u0131 Hanefi Tok ve Turnuva Organizasyon Komitesi taraf\u0131ndan takdim edildi.<\/p>\n<p>          <\/div>\n","protected":false},"excerpt":{"rendered":"<p>\u00c7aykara Kaymakaml\u0131\u011f\u0131 Ali Kele\u015f Futbol Turnuvas\u0131 \u00dc\u00e7\u00fcnc\u00fcs\u00fc E\u011friderespor oldu. Turnuvan\u0131n \u00dc\u00e7\u00fcnc\u00fcl\u00fck ma\u00e7\u0131nda Jandarmaspor ile kar\u015f\u0131la\u015fan E\u011friderespor kar\u015f\u0131la\u015fmadan 5-3 galip ayr\u0131larak \u00dc\u00e7\u00fcnc\u00fcl\u00fck Kupas\u0131n\u0131n sahibi oldu. Kupa tarihinin en fazla \u015fampiyonluk kupas\u0131 kazanan tak\u0131m\u0131 olan E\u011friderespor 2025 y\u0131l\u0131n\u0131 da Kupa ile tamamlamay\u0131 ba\u015fard\u0131. E\u011friderespor kar\u015f\u0131la\u015fmaya \u015fu onbir ile ba\u015flad\u0131. Fatih Co\u015fkun,Fatih Kamilo\u011flu,Muhammet G\u00f6nan,\u00d6mer Numan Tun\u00e7,Hasan Kara,Abd\u00fclhamit \u015een,Semih [&hellip;]<\/p>\n","protected":false},"author":1,"featured_media":4861,"comment_status":"open","ping_status":"open","sticky":false,"template":"","format":"standard","meta":{"tdm_status":"","tdm_grid_status":"","footnotes":""},"categories":[40],"tags":[],"class_list":{"0":"post-4860","1":"post","2":"type-post","3":"status-publish","4":"format-standard","5":"has-post-thumbnail","7":"category-caykara"},"_links":{"self":[{"href":"https:\/\/zeleka.com\/index.php?rest_route=\/wp\/v2\/posts\/4860","targetHints":{"allow":["GET"]}}],"collection":[{"href":"https:\/\/zeleka.com\/index.php?rest_route=\/wp\/v2\/posts"}],"about":[{"href":"https:\/\/zeleka.com\/index.php?rest_route=\/wp\/v2\/types\/post"}],"author":[{"embeddable":true,"href":"https:\/\/zeleka.com\/index.php?rest_route=\/wp\/v2\/users\/1"}],"replies":[{"embeddable":true,"href":"https:\/\/zeleka.com\/index.php?rest_route=%2Fwp%2Fv2%2Fcomments&post=4860"}],"version-history":[{"count":0,"href":"https:\/\/zeleka.com\/index.php?rest_route=\/wp\/v2\/posts\/4860\/revisions"}],"wp:featuredmedia":[{"embeddable":true,"href":"https:\/\/zeleka.com\/index.php?rest_route=\/wp\/v2\/media\/4861"}],"wp:attachment":[{"href":"https:\/\/zeleka.com\/index.php?rest_route=%2Fwp%2Fv2%2Fmedia&parent=4860"}],"wp:term":[{"taxonomy":"category","embeddable":true,"href":"https:\/\/zeleka.com\/index.php?rest_route=%2Fwp%2Fv2%2Fcategories&post=4860"},{"taxonomy":"post_tag","embeddable":true,"href":"https:\/\/zeleka.com\/index.php?rest_route=%2Fwp%2Fv2%2Ftags&post=4860"}],"curies":[{"name":"wp","href":"https:\/\/api.w.org\/{rel}","templated":true}]}}