{"id":4858,"date":"2025-08-12T20:38:09","date_gmt":"2025-08-12T17:38:09","guid":{"rendered":"https:\/\/zeleka.com\/?p=4858"},"modified":"2025-08-12T20:38:09","modified_gmt":"2025-08-12T17:38:09","slug":"caykara-kaymakamligi-ali-keles-futbol-turnuvasinda-bu-aksam-final-heyecani-yasanacak-uzungolspor-ve-antikorspor-bu-aksam-saat-21-00da-baslayacak-olan-karsilasmada","status":"publish","type":"post","link":"https:\/\/zeleka.com\/?p=4858","title":{"rendered":"<div id=\"detaymetin\">                            <p>\u00c7aykara Kaymakaml\u0131\u011f\u0131 Ali Kele\u015f Futbol Turnuvas\u0131nda bu ak\u015fam Final heyecan\u0131 ya\u015fanacak.<\/p><p>Uzung\u00f6lspor ve Antikorspor bu ak\u015fam saat 21.00\u2019da ba\u015flayacak olan kar\u015f\u0131la\u015fmada Turnuva \u015eampiy"},"content":{"rendered":"<div id=\"detaymetin\">\n<p>\u00c7aykara Kaymakaml\u0131\u011f\u0131 Ali Kele\u015f Futbol Turnuvas\u0131nda bu ak\u015fam Final heyecan\u0131 ya\u015fanacak.<\/p>\n<p>Uzung\u00f6lspor ve Antikorspor bu ak\u015fam saat 21.00\u2019da ba\u015flayacak olan kar\u015f\u0131la\u015fmada Turnuva \u015eampiyonlu\u011fu i\u00e7in sahaya \u00e7\u0131kacaklar.<\/p>\n<figure><img decoding=\"async\" src=\"https:\/\/caykaragundem.com\/resimler\/2025-8\/12\/728101241239308.webp\"><\/figure>\n<p>\u00c7aykara Kaymakaml\u0131\u011f\u0131 himayelerinde ve \u00c7aykara Belediyesinin katk\u0131lar\u0131 ile Organizasyonu \u00c7aykara Gen\u00e7lik veSpor \u0130l\u00e7e M\u00fcd\u00fcrl\u00fc\u011f\u00fc taraf\u0131ndan ger\u00e7ekle\u015ftirilen 2025 Y\u0131l\u0131 \u00c7aykara Kaymakaml\u0131\u011f\u0131 Ali Kele\u015f Futbol Turnuvas\u0131 birbirinden keyifli ve \u00e7eki\u015fmeli kar\u015f\u0131la\u015fmalara sahne olmu\u015ftu.<\/p>\n<p>Turnuvada Uzung\u00f6lspor ve Antikorspor rakiplerini eleyerek Finale y\u00fckselmeyi ba\u015farm\u0131\u015flard\u0131.<\/p>\n<figure><img decoding=\"async\" src=\"https:\/\/caykaragundem.com\/resimler\/2025-8\/12\/49511916985395.webp\"><\/figure>\n<p><strong>\u00c7aykara Mehmet \u0130lhan Durgun Devlet Hastanesi Personelinden Olu\u015fan Antikorspor bu ak\u015fam \u015eampiyonluk Kupas\u0131n\u0131 kald\u0131rmak istiyor.<\/strong><\/p>\n<p>\u00c7aykara Kaymakam\u0131 Ali Sapmaz\u2019\u0131n Ba\u015fkanl\u0131\u011f\u0131nda \u00c7aykara Gen\u00e7lik ve Spor \u0130l\u00e7e M\u00fcd\u00fcr\u00fc Yusuf Kurt,\u00c7aykara Kaymakaml\u0131\u011f\u0131 Yaz\u0131 \u0130\u015fleri M\u00fcd\u00fcr\u00fc Resul Semiz ve \u00c7aykara \u0130l\u00e7e Tar\u0131m M\u00fcd\u00fcr\u00fc Ersin Yavuz Birkan\u2019\u0131n kat\u0131l\u0131m\u0131 ile toplanan Turnuva Organizasyon Komitesi Turnuvan\u0131n Final ak\u015fam\u0131 i\u00e7in birbirinden farkl\u0131 etkinlikler haz\u0131rlad\u0131lar,<\/p>\n<p>\u015eampiyonluk Gecesi heyecan\u0131 saat 18.30\u2019da ba\u015flayacak.<\/p>\n<figure><img decoding=\"async\" src=\"https:\/\/caykaragundem.com\/resimler\/2025-8\/12\/72933389329469.webp\"><\/figure>\n<p><strong>Uzung\u00f6l&#8217;\u00fcn Gen\u00e7 Delikanl\u0131lar\u0131 Kaymakaml\u0131k Kupas\u0131n\u0131 Turizm Merkezi Uzung\u00f6l&#8217;e ta\u015f\u0131mak i\u00e7in sahaya \u00e7\u0131kacaklar.<\/strong><\/p>\n<p>Karadeniz M\u00fczi\u011finin iki g\u00fc\u00e7l\u00fc sesi Sinan Sami ve Onay \u015eahin Konserleri ile \u00c7aykara Halk\u0131m\u0131za unutamayacaklar\u0131 bir m\u00fczik ziyafeti ya\u015fat\u0131lacak.<\/p>\n<p>18.30-19.45 \u00a0Saatleri aras\u0131nda Sinan Sami Konseri<\/p>\n<p>19.45-21.00 Saatleri aras\u0131nda ise Onay \u015eahin Konseri ger\u00e7ekle\u015ftirilecek<\/p>\n<p>Saat 21.00\u2019da tak\u0131mlar \u015eampiyonlar Ligi M\u00fczi\u011fi e\u015fli\u011finde hakemler ile birlikte sahaya davet edeilecekler.<\/p>\n<p>Daha sonra \u015eampiyonluk ma\u00e7\u0131 ba\u015flayacak.<\/p>\n<p>Saat 22.00\u2019da ise Kupa T\u00f6reni var.<\/p>\n<p>KUPA T\u00d6REN\u0130<\/p>\n<p>1-Mehmet \u0130nan taraf\u0131ndan Ali Kele\u015f \u015fiirinin okunmas\u0131<\/p>\n<p>2-Protokol Konu\u015fmalar\u0131<\/p>\n<p>3-Kaymakam Ali Sapmaz taraf\u0131ndan Ali Kele\u015f\u2019in Ailesine Plaket Takdiminin ger\u00e7ekle\u015ftirilmesi<\/p>\n<p>4-Doktor \u00c7ilem Ok\u2019a Plaket Takdimi<\/p>\n<p>5-Turnuvan\u0131n Gol Karal\u0131na \u00d6d\u00fcl\u00fcn\u00fcn verilmesi<\/p>\n<p>6-Kar\u015f\u0131la\u015fmalar\u0131n Hakemlerine Plaket Takdimi<\/p>\n<p>7-Turnuva \u0130kincisine Kupa ve Madalya Takdimi<\/p>\n<p>8-Turnuva \u015eampiyonuna kupa ve madalya takdimi<\/p>\n<p>          <\/div>\n","protected":false},"excerpt":{"rendered":"<p>\u00c7aykara Kaymakaml\u0131\u011f\u0131 Ali Kele\u015f Futbol Turnuvas\u0131nda bu ak\u015fam Final heyecan\u0131 ya\u015fanacak. Uzung\u00f6lspor ve Antikorspor bu ak\u015fam saat 21.00\u2019da ba\u015flayacak olan kar\u015f\u0131la\u015fmada Turnuva \u015eampiyonlu\u011fu i\u00e7in sahaya \u00e7\u0131kacaklar. \u00c7aykara Kaymakaml\u0131\u011f\u0131 himayelerinde ve \u00c7aykara Belediyesinin katk\u0131lar\u0131 ile Organizasyonu \u00c7aykara Gen\u00e7lik veSpor \u0130l\u00e7e M\u00fcd\u00fcrl\u00fc\u011f\u00fc taraf\u0131ndan ger\u00e7ekle\u015ftirilen 2025 Y\u0131l\u0131 \u00c7aykara Kaymakaml\u0131\u011f\u0131 Ali Kele\u015f Futbol Turnuvas\u0131 birbirinden keyifli ve \u00e7eki\u015fmeli kar\u015f\u0131la\u015fmalara [&hellip;]<\/p>\n","protected":false},"author":1,"featured_media":4859,"comment_status":"open","ping_status":"open","sticky":false,"template":"","format":"standard","meta":{"tdm_status":"","tdm_grid_status":"","footnotes":""},"categories":[40],"tags":[],"class_list":{"0":"post-4858","1":"post","2":"type-post","3":"status-publish","4":"format-standard","5":"has-post-thumbnail","7":"category-caykara"},"_links":{"self":[{"href":"https:\/\/zeleka.com\/index.php?rest_route=\/wp\/v2\/posts\/4858","targetHints":{"allow":["GET"]}}],"collection":[{"href":"https:\/\/zeleka.com\/index.php?rest_route=\/wp\/v2\/posts"}],"about":[{"href":"https:\/\/zeleka.com\/index.php?rest_route=\/wp\/v2\/types\/post"}],"author":[{"embeddable":true,"href":"https:\/\/zeleka.com\/index.php?rest_route=\/wp\/v2\/users\/1"}],"replies":[{"embeddable":true,"href":"https:\/\/zeleka.com\/index.php?rest_route=%2Fwp%2Fv2%2Fcomments&post=4858"}],"version-history":[{"count":0,"href":"https:\/\/zeleka.com\/index.php?rest_route=\/wp\/v2\/posts\/4858\/revisions"}],"wp:featuredmedia":[{"embeddable":true,"href":"https:\/\/zeleka.com\/index.php?rest_route=\/wp\/v2\/media\/4859"}],"wp:attachment":[{"href":"https:\/\/zeleka.com\/index.php?rest_route=%2Fwp%2Fv2%2Fmedia&parent=4858"}],"wp:term":[{"taxonomy":"category","embeddable":true,"href":"https:\/\/zeleka.com\/index.php?rest_route=%2Fwp%2Fv2%2Fcategories&post=4858"},{"taxonomy":"post_tag","embeddable":true,"href":"https:\/\/zeleka.com\/index.php?rest_route=%2Fwp%2Fv2%2Ftags&post=4858"}],"curies":[{"name":"wp","href":"https:\/\/api.w.org\/{rel}","templated":true}]}}