{"id":4856,"date":"2025-08-11T20:30:49","date_gmt":"2025-08-11T17:30:49","guid":{"rendered":"https:\/\/zeleka.com\/?p=4856"},"modified":"2025-08-11T20:30:49","modified_gmt":"2025-08-11T17:30:49","slug":"geleneksel-koknar-limni-senlig-10-agustos-2025-pazar-gunu-koknar-mahallesi-limni-mezire-alaninda-gerceklestirildi","status":"publish","type":"post","link":"https:\/\/zeleka.com\/?p=4856","title":{"rendered":"<div id=\"detaymetin\">                            <p>Geleneksel K\u00f6knar Limni \u015eenli\u011f 10 A\u011fustos 2025 Pazar G\u00fcn\u00fc K\u00f6knar Mahallesi Limni Mezire alan\u0131nda ger\u00e7ekle\u015ftirildi.<\/p><figure><img src=\"https:\/\/caykaragundem.com\/resimler\/2025-8\/11\/102112433130"},"content":{"rendered":"<div id=\"detaymetin\">\n<p>Geleneksel K\u00f6knar Limni \u015eenli\u011f 10 A\u011fustos 2025 Pazar G\u00fcn\u00fc K\u00f6knar Mahallesi Limni Mezire alan\u0131nda ger\u00e7ekle\u015ftirildi.<\/p>\n<figure><img decoding=\"async\" src=\"https:\/\/caykaragundem.com\/resimler\/2025-8\/11\/102112433130628.webp\"><\/figure>\n<p>K\u00f6knar Mahalle Muhtarl\u0131\u011f\u0131 ve K\u00f6knar Dernekleri taraf\u0131ndan ortak olarak haz\u0131rlanan K\u00f6knar Limni \u015eenli\u011fi m\u00fczik organizasyonlunun yan\u0131 s\u0131ra \u00e7e\u015fitli etkinlikler ile g\u00f6z kama\u015ft\u0131rd\u0131.<\/p>\n<figure><img decoding=\"async\" src=\"https:\/\/caykaragundem.com\/resimler\/2025-8\/11\/442222070933431.webp\"><\/figure>\n<figure><\/figure>\n<p>K\u00f6knar Muhtar\u0131 Cemile Alhan Kesimo\u011flu Y\u00f6netiminde K\u00f6knar Muhtarl\u0131\u011f\u0131 ile K\u00f6knar K\u00fclt\u00fcr\u00a0 Turizm Ve Dayan\u0131\u015fma Derne\u011fi Ba\u015fkan\u0131 Nesrullah Sonay Y\u00f6netiminde K\u00f6knar Dernekleri taraf\u0131ndan haz\u0131rlanan K\u00f6knar Limni \u015eenli\u011fi Sanat\u00e7\u0131 Kadrosu ve muhte\u015fem kat\u0131l\u0131m\u0131 ile tabiri caiz ise g\u00f6z kama\u015ft\u0131rd\u0131.<\/p>\n<figure><img decoding=\"async\" src=\"https:\/\/caykaragundem.com\/resimler\/2025-8\/11\/802062034138031.webp\"><\/figure>\n<p>\u015eenli\u011fi Organizasyon Komitesi \u015fu isimlerden olu\u015ftu.<\/p>\n<p>Fatih Do\u011fru,Mehmet Gen\u00e7,Ahmet Kalma,Erol \u015eim\u015fek,Mustafa G\u00fcna\u00e7ar,Do\u011fan Gezer,Sava\u015f Kurt,Mehmet Kurt,Cemile Alhan Kesimo\u011flu,Nesrullah Sonay.<\/p>\n<figure><img decoding=\"async\" src=\"https:\/\/caykaragundem.com\/resimler\/2025-8\/11\/471031588864105.webp\"><\/figure>\n<p>\u015eenli\u011fi Sponsorlar\u0131:<\/p>\n<p>\u00c7aykara Kaymakaml\u0131\u011f\u0131,K\u00f6knar Ka\u011f\u0131t Karton Sanayi A.\u015e.T\u00fcrko\u011flu Ka\u011f\u0131t Karton\u00a0 Sanayi Ticaret A.\u015e.Mustafa Dalga,G\u00f6khan Baki Sonay,Dursun Y\u0131ld\u0131zl\u0131,Ahmet Bilici Revizyon Reklam,Solakl\u0131 Yap\u0131,B\u00fclent Kalma,\u00dcmit Yaz\u0131c\u0131,Altan Tatl\u0131,\u0130smail Sonay ,Ersin Gen\u00e7,Celalettin T\u00fcrko\u011flu,Numan Ko\u00e7ak,Santos Kafe Kemalettin Dalga,B\u00fclent \u00dclker,Do\u011fan Gezer,Fatih Metmet Do\u011fru,Firdevs Y\u0131ld\u0131z,Mehmet Gargar,Ali Osman Ko\u00e7,Ahmet Ayd\u0131nl\u0131,Cengiz Tanr\u0131kulu,Muammer \u00c7ak\u0131ral,Ayd\u0131n Kalma,\u015eeref Y\u0131lmaz,Kudrettin Gen\u00e7,Mutlu Optik,\u0130sa \u00c7ak\u0131ral,Abd\u00fclsamet Tanr\u0131kulu,Cihan Tanr\u0131kulu,Murat Ayan,Osman Gezer,Ahmet Kalma,Bar\u0131\u015f G\u00f6ren,Faruk Yavan,Yasin O\u011fuz,Dursun Tanr\u0131kulu,Abd\u00fclbaki Kalma,Mehmet G\u00f6ral,Enver G\u00f6ral,Abd\u00fclnas\u0131r \u00d6ner,Sava\u015f Kurtt,Oktay \u00c7ak\u0131ral,\u015eeref Y\u0131ld\u0131zl\u0131,Hikmet Kocaman,Saadettin \u00c7ak\u0131ral,Ya\u015far Narc\u0131,Dursun Ko\u00e7,Mustafa G\u00fcna\u00e7ar,Mehmet Kurt,\u015eenol Tanr\u0131kulu,Engin K\u00fc\u00e7\u00fcko\u011flu,Emre Gen\u00e7,G\u00fcltekin \u00c7ak\u0131ral,\u00c7aykara Esnaf Odas\u0131 Ba\u015fkan\u0131 Ali \u015e\u00fckr\u00fc Ayd\u0131n,Turgay Tanr\u0131kulu,\u0130smail Hakk\u0131 \u015e\u00f6hret,Cemal \u00c7ak\u0131ral,Cihan Tanr\u0131kulu,Ahmet Ayd\u0131nc\u0131<\/p>\n<figure><img decoding=\"async\" src=\"https:\/\/caykaragundem.com\/resimler\/2025-8\/11\/576542098609492.webp\"><\/figure>\n<p>\u015eenli\u011fe kat\u0131l\u0131m sa\u011flayan binlerce vatanda\u015f yo\u011fun ya\u011f\u0131\u015fa\u00a0 ra\u011fmen ya\u011fmur alt\u0131nda saatlerce horon oynayarak g\u00f6n\u00fcllerince e\u011flendiler.<\/p>\n<p>Do\u011fal g\u00fczelli\u011fi ile b\u00f6lgenin en \u00f6nemli Turizm Merkezlerinden olan Limni Turizm \u00a0alan\u0131 ger\u00e7ekle\u015ftirilen \u015eenlik Organizasyonu ile B\u00f6lge ve \u00dclke Turizmine katk\u0131 sa\u011flamaya haz\u0131rlan\u0131yor.<\/p>\n<p>\u00c7am a\u011fa\u00e7lar\u0131n\u0131 aras\u0131nda yer alan geni\u015f etkinlik alan\u0131n\u0131n yan\u0131 s\u0131ra a\u011fa\u00e7lar\u0131n g\u00f6lgesindeki piknik alanlar\u0131 ve dinlenme yerleri ile farkl\u0131 ve \u00f6zel bir yer konumunda olan Limni Mezire alan\u0131 muhte\u015fem do\u011fal g\u00fczelli\u011fi ile b\u00f6lgenin en \u00f6nemli cazibe merkezlerinden bir tanesi konumunda yer al\u0131yor.<\/p>\n<figure><img decoding=\"async\" src=\"https:\/\/caykaragundem.com\/resimler\/2025-8\/11\/8284674926227.webp\"><\/figure>\n<p>K\u00f6knar Limni \u015eenli\u011finde:Karadeniz M\u00fczi\u011finin g\u00fc\u00e7l\u00fc sesleri Tuncay Gargar,Mustafa Turgut,Abdullah Ko\u00e7,Ahmet Gargar,Nesrullah Sivaz,Grup Ahval,Hanife Sever Arslan,Muammer \u00c7ak\u0131ral,\u0130smail Berat,Nurettin Kahveci,Enver \u00c7ak\u0131ral ve Seyfettin \u00c7ak\u0131ral\u2019\u0131n yan\u0131 s\u0131ra s\u00fcrpriz sanat\u00e7\u0131lar sahne alarak hayranlar\u0131na unutamayacaklar\u0131 muhte\u015fem bir g\u00fcn ya\u015fatt\u0131lar.<\/p>\n<figure><img decoding=\"async\" src=\"https:\/\/caykaragundem.com\/resimler\/2025-8\/11\/585371434555508.webp\"><\/figure>\n<p>K\u00f6knar L\u0130mni \u015eenli\u011finin \u00e7ok yo\u011fun bir kat\u0131l\u0131m ile ger\u00e7ekle\u015fti.Kat\u0131l\u0131mc\u0131lar\u0131n aileleri ile birlikte Do\u011fal piknik ortam\u0131nda hem dinlendiler ,a\u011fa\u00e7lar\u0131n g\u00f6lgesinde oturarak sohbet ederek \u00a0\u00e7aylar\u0131n\u0131 yudumlad\u0131lar ve m\u00fczik e\u015fli\u011finde muhte\u015fem bir g\u00fcn ya\u015fad\u0131lar.<\/p>\n<p>K\u00f6knar Limni \u015eenli\u011fine \u00a0\u00c7aykara ve \u00e7evre \u0130l\u00e7e vatanda\u015flar\u0131 ile Trabzon ve Karadeniz insan\u0131n\u0131n yo\u011fun bir bilgi g\u00f6sterdi<\/p>\n<figure><img decoding=\"async\" src=\"https:\/\/caykaragundem.com\/resimler\/2025-8\/11\/422842117065356.webp\"><\/figure>\n<p>\u00c7aykara Belediye Ba\u015fkan\u0131 Hanefi Tok,AK Parti \u00c7aykara \u0130l\u00e7e Ba\u015fkan\u0131 Muhammet Sel\u00e7uk,Anahtar Partisi \u00c7aykara \u0130l\u00e7e Ba\u015fkan\u0131 Ali Kemal Sevin\u00e7 ,\u00c7aykara \u0130l\u00e7esinin t\u00fcm etkinlik ve organizasyonlar\u0131nda ger\u00e7ekle\u015ftirmi\u015f oldu\u011fu destek ve katk\u0131lardan dolay\u0131 herkes taraf\u0131ndan \u00e7ok sevilen haz\u0131rlanan \u015fenli\u011fin organizat\u00f6r ve emektarlar\u0131ndan T\u00fcrko\u011flu Ka\u011f\u0131t Karton Sanayi Ticaret A.\u015e. Y\u00f6netim Kurulu Ba\u015fkan\u0131 Mustafa T\u00fcrko\u011flu,Emekli \u00d6\u011fretmen Mehmet \u00c7evik Y\u00f6netiminde Trabzon\u2019da bulunan \u00c7AYDER \u00c7aykara K\u00fclt\u00fcr ve Dayan\u0131\u015fma Derne\u011fi Y\u00f6netim Kurulu \u00dcyeleri ,\u00c7aykara E\u011fitim Camias\u0131n\u0131n Duayen ismi Trabzon \u0130linde \u00c7aykara \u0130l\u00e7esini her alanda en \u00fcst seviyede temsil ederek \u00f6rnek olan Trabzon \u015eehit \u00dcnal B\u0131\u00e7akc\u0131 Mesleki ve vTeknik Anadolu Lisesi M\u00fcd\u00fcr\u00fc Orhan Gen\u00e7,ve \u00e7ok kalabal\u0131k bir vatanda\u015f toplulu\u011fu \u015eenlik Organizasyonuna kat\u0131l\u0131m sa\u011flad\u0131lar.<\/p>\n<figure><img decoding=\"async\" src=\"https:\/\/caykaragundem.com\/resimler\/2025-8\/11\/77824364152262.webp\"><\/figure>\n<p>K\u00f6knar Limni \u015eenli\u011finde tatl\u0131 bir s\u00fcrpriz de ya\u015fand\u0131.Kara\u00e7am Muhtar\u0131 Alaaddin \u015eeker taraf\u0131ndan haz\u0131rlanan Atat\u00fcrk resminin yer ald\u0131\u011f\u0131 \u00e7er\u00e7eve K\u00f6knar Mu\u0131htar\u0131 Cemile Alhan Kesimo\u011flu\u2019na hediye olarak takdim edilirken B\u00f6lge K\u00fclt\u00fcr\u00fcne katm\u0131\u015f oldu\u011fu de\u011fer ve g\u00fczellik i\u00e7in Muhtar \u015eeker taraf\u0131ndan Muhtar Cemile Alhan Kesimo\u011flu\u2019na ta\u015fakk\u00fcr edildi.<\/p>\n<p>\u015eenlik kapsam\u0131nda bayanlar i\u00e7in yumurta ta\u015f\u0131ma Yar\u0131\u015fmas\u0131,erkekler i\u00e7in ise \u00e7uval yar\u0131\u015fmas\u0131 ve halat \u00e7ekme yar\u0131\u015fmas\u0131 ger\u00e7ekle\u015ftirildi.Yar\u0131\u015fmada dereceye giren vatanda\u015flara \u00e7e\u015fitli \u00f6d\u00fcller takdim edildi.<\/p>\n<figure><img decoding=\"async\" src=\"https:\/\/caykaragundem.com\/resimler\/2025-8\/11\/44106976229142.webp\"><\/figure>\n<p>K\u00f6knar Mahallesi K\u00fclt\u00fcr ve Dayan\u0131\u015fma Derne\u011fi taraf\u0131ndan ger\u00e7ekle\u015ftirilen \u00c7ekili\u015f kapsam\u0131nda ger\u00e7ekle\u015ftirilen \u00c7ekili\u015f sonunda yakla\u015f\u0131k 100 hediye vatanda\u015flara Kura usul\u00fc ile da\u011f\u0131t\u0131ld\u0131.<\/p>\n<p>\u00c7aykara Belediye Ba\u015fkan\u0131 Hanefi Tok,Programda bir selamlama konu\u015fmas\u0131 ger\u00e7ekle\u015ftirerek programda eme\u011fi ge\u00e7en herkese te\u015fekk\u00fcr etti.<\/p>\n<figure><img decoding=\"async\" src=\"https:\/\/caykaragundem.com\/resimler\/2025-8\/11\/45429844311971.webp\"><\/figure>\n<p>          <\/div>\n","protected":false},"excerpt":{"rendered":"<p>Geleneksel K\u00f6knar Limni \u015eenli\u011f 10 A\u011fustos 2025 Pazar G\u00fcn\u00fc K\u00f6knar Mahallesi Limni Mezire alan\u0131nda ger\u00e7ekle\u015ftirildi. K\u00f6knar Mahalle Muhtarl\u0131\u011f\u0131 ve K\u00f6knar Dernekleri taraf\u0131ndan ortak olarak haz\u0131rlanan K\u00f6knar Limni \u015eenli\u011fi m\u00fczik organizasyonlunun yan\u0131 s\u0131ra \u00e7e\u015fitli etkinlikler ile g\u00f6z kama\u015ft\u0131rd\u0131. K\u00f6knar Muhtar\u0131 Cemile Alhan Kesimo\u011flu Y\u00f6netiminde K\u00f6knar Muhtarl\u0131\u011f\u0131 ile K\u00f6knar K\u00fclt\u00fcr\u00a0 Turizm Ve Dayan\u0131\u015fma Derne\u011fi Ba\u015fkan\u0131 Nesrullah Sonay [&hellip;]<\/p>\n","protected":false},"author":1,"featured_media":4857,"comment_status":"open","ping_status":"open","sticky":false,"template":"","format":"standard","meta":{"tdm_status":"","tdm_grid_status":"","footnotes":""},"categories":[40],"tags":[],"class_list":{"0":"post-4856","1":"post","2":"type-post","3":"status-publish","4":"format-standard","5":"has-post-thumbnail","7":"category-caykara"},"_links":{"self":[{"href":"https:\/\/zeleka.com\/index.php?rest_route=\/wp\/v2\/posts\/4856","targetHints":{"allow":["GET"]}}],"collection":[{"href":"https:\/\/zeleka.com\/index.php?rest_route=\/wp\/v2\/posts"}],"about":[{"href":"https:\/\/zeleka.com\/index.php?rest_route=\/wp\/v2\/types\/post"}],"author":[{"embeddable":true,"href":"https:\/\/zeleka.com\/index.php?rest_route=\/wp\/v2\/users\/1"}],"replies":[{"embeddable":true,"href":"https:\/\/zeleka.com\/index.php?rest_route=%2Fwp%2Fv2%2Fcomments&post=4856"}],"version-history":[{"count":0,"href":"https:\/\/zeleka.com\/index.php?rest_route=\/wp\/v2\/posts\/4856\/revisions"}],"wp:featuredmedia":[{"embeddable":true,"href":"https:\/\/zeleka.com\/index.php?rest_route=\/wp\/v2\/media\/4857"}],"wp:attachment":[{"href":"https:\/\/zeleka.com\/index.php?rest_route=%2Fwp%2Fv2%2Fmedia&parent=4856"}],"wp:term":[{"taxonomy":"category","embeddable":true,"href":"https:\/\/zeleka.com\/index.php?rest_route=%2Fwp%2Fv2%2Fcategories&post=4856"},{"taxonomy":"post_tag","embeddable":true,"href":"https:\/\/zeleka.com\/index.php?rest_route=%2Fwp%2Fv2%2Ftags&post=4856"}],"curies":[{"name":"wp","href":"https:\/\/api.w.org\/{rel}","templated":true}]}}