{"id":4854,"date":"2025-08-11T20:30:50","date_gmt":"2025-08-11T17:30:50","guid":{"rendered":"https:\/\/zeleka.com\/?p=4854"},"modified":"2025-08-11T20:30:50","modified_gmt":"2025-08-11T17:30:50","slug":"10-agustos-2025-pazar-gunu-koknar-mahalle-muhtarligimiz-ve-koknar-dernekleri-tarafindan-birlikte-organize-edilen-geleneksel-koknar-limni-senliginde-koknar-ve-karacam","status":"publish","type":"post","link":"https:\/\/zeleka.com\/?p=4854","title":{"rendered":"<div id=\"detaymetin\">                            <p>10 A\u011fustos 2025 Pazar G\u00fcn\u00fc K\u00f6knar Mahalle Muhtarl\u0131\u011f\u0131m\u0131z ve K\u00f6knar Dernekleri taraf\u0131ndan birlikte organize edilen Geleneksel K\u00f6knar Limni \u015eenli\u011finde K\u00f6knar ve Kara\u00e7am\u2019l\u0131 hem\u015ferilerimizi"},"content":{"rendered":"<div id=\"detaymetin\">\n<p>10 A\u011fustos 2025 Pazar G\u00fcn\u00fc K\u00f6knar Mahalle Muhtarl\u0131\u011f\u0131m\u0131z ve K\u00f6knar Dernekleri taraf\u0131ndan birlikte organize edilen Geleneksel K\u00f6knar Limni \u015eenli\u011finde K\u00f6knar ve Kara\u00e7am\u2019l\u0131 hem\u015ferilerimizin bu tatl\u0131 heyecanlar\u0131n\u0131 payla\u015fmak \u00fczere bizler de oradayd\u0131k.<\/p>\n<p>\u015eenlik kelimesinin alt\u0131n\u0131n iyi doldurulmas\u0131 gerekti\u011fi kanaatini ta\u015f\u0131yorum senelerdir.<\/p>\n<figure><img decoding=\"async\" src=\"https:\/\/caykaragundem.com\/resimler\/2025-8\/11\/94135120772303.webp\"><\/figure>\n<p>\u015eenlik sadece insanlar\u0131n e\u011flendikleri yer olmamal\u0131 ayn\u0131 zamanda b\u00f6lge k\u00fclt\u00fcr\u00fc de ya\u015fat\u0131lmal\u0131 ve b\u00f6lge k\u00fclt\u00fcr\u00fcne hizmet sunacak etkinlik ve organizasyonlar da olmal\u0131 \u015fenli\u011fin merkezinde.<\/p>\n<p>En az\u0131ndan ben b\u00f6yle d\u00fc\u015f\u00fcn\u00fcyorum<\/p>\n<p>\u015eimdi gelelim K\u00f6knar Limni \u015eenli\u011fine\u2026<\/p>\n<p>K\u00f6knar Muhtar\u0131m\u0131z Cemile Alhan Kesimo\u011flu\u2026<\/p>\n<p>\u00c7aykara \u0130l\u00e7emizin tek bayan muhtar\u0131.<\/p>\n<p>\u00c7al\u0131\u015fkanl\u0131\u011f\u0131yla,azmi ve cesareti ile Mahallesine olan hizmet a\u015fk\u0131 ile \u00c7aykara \u0130l\u00e7esinde \u00f6rnek g\u00f6sterilen muhtarlar\u0131m\u0131zdan bir tanesi\u2026<\/p>\n<figure><img decoding=\"async\" src=\"https:\/\/caykaragundem.com\/resimler\/2025-8\/11\/6858309654014.webp\"><\/figure>\n<p>Cemile Muhtar\u0131m\u0131z K\u00f6knar Dernekleri ile birlikte K\u00f6knar K\u00fclt\u00fcr,Turizm ve Dayan\u0131\u015fma Derne\u011fi Ba\u015fkan\u0131 Nesrullah Sonay ile birlikte m\u00fckemmel bir \u00e7al\u0131\u015fma ekibi olmu\u015flar.<\/p>\n<p>\u015eenlik alan\u0131na gitti\u011fimizde g\u00f6rm\u00fc\u015f oldu\u011fumuz ilk g\u00f6r\u00fcnt\u00fc \u015fu.G\u00f6rev payla\u015f\u0131m\u0131 m\u00fckemmel bir \u015fekilde yap\u0131lm\u0131\u015f,herkes g\u00f6revini en iyi \u015fekilde yapabilmek i\u00e7in \u00e7al\u0131\u015f\u0131yor\u2026<\/p>\n<p>K\u00f6knar ve \u00c7aykara E\u011fitim Camiam\u0131z\u0131n duayen ismi Sevgili Orhan Gen\u00e7 Hocam\u2026.<\/p>\n<p>Profesyonel bir orkestra \u015fefi gibi ekibin arkas\u0131nda.<\/p>\n<p>Kendisi \u015fenli\u011fin mutfak b\u00f6l\u00fcm\u00fcnde hi\u00e7 \u00f6n plana \u00e7\u0131km\u0131yor ama\u2026.<\/p>\n<p>Dedi\u011fim gibi Profesyonel bir y\u00f6netici olarak s\u00fcrekli \u00e7al\u0131\u015fmalar\u0131 takip ediyor ve nerede hata varsa an\u0131nda m\u00fcdahale yap\u0131yor.<\/p>\n<figure><img decoding=\"async\" src=\"https:\/\/caykaragundem.com\/resimler\/2025-8\/11\/727881909584027.webp\"><\/figure>\n<p>Programa gidelim \u015fimdi.<\/p>\n<p>\u015eenliklerde adettir.Horon ile ba\u015flan\u0131r horon ile devam eder ve \u00f6yle biter.Ama d\u00fcn hi\u00e7 de \u00f6yle de\u011fildi.<\/p>\n<p>\u00d6ncelikle Grup Ahval\u2019in o g\u00fczel t\u00fcrk\u00fclerini dinlemeye doyamad\u0131k.Solist Hanife Sever Aslan\u2019\u0131n o g\u00fczel sesi ile muhte\u015fem bir t\u00fcrk\u00fc ziyafeti ya\u015fand\u0131 Limni\u2019de\u2026Birbirinden g\u00fczel t\u00fcrk\u00fcler profesyonel bir \u015fekilde sahneye konuldu.<\/p>\n<p>Sanat\u00e7\u0131 Abdullah Ko\u00e7 taraf\u0131ndan sahneye konulan birbirinden g\u00fczel karadeniz t\u00fcrk\u00fcleri \u015fenli\u011fe farkl\u0131 bir g\u00fczellik katt\u0131.<\/p>\n<figure><img decoding=\"async\" src=\"https:\/\/caykaragundem.com\/resimler\/2025-8\/11\/983621658088687.webp\"><\/figure>\n<p>K\u00f6knar\u2019l\u0131 Sanat\u00e7\u0131lar Enver \u00c7ak\u0131ral ve Muammer \u00c7ak\u0131ral taraf\u0131ndan saz e\u015fli\u011finde sahneye konulan birbirinden g\u00fczel t\u00fcrk\u00fcler bizlere t\u00fcrk\u00fcler sevdad\u0131r s\u00f6z\u00fcn\u00fc bir kere daha an\u0131msatt\u0131.<\/p>\n<p>Sevgili Nesrullah Sivaz\u2019\u0131n saz e\u015flinde okudu\u011fu birbirinden g\u00fczel t\u00fcrk\u00fcler ise her zaman oldu\u011fu gibi kat\u0131l\u0131mc\u0131lara muhte\u015fem bir t\u00fcrk\u00fc ziyafeti ya\u015fatt\u0131.<\/p>\n<p>Yani K\u00f6knar Limni\u2019de t\u00fcrk\u00fc bayram\u0131 ya\u015fand\u0131 d\u00fcn.<\/p>\n<p>Sadece T\u00fcrk\u00fc m\u00fc\u2026<\/p>\n<p>Tabi ki hay\u0131r.<\/p>\n<p>Karadeniz m\u00fczi\u011finin g\u00fc\u00e7l\u00fc sesleri Ulusal M\u00fczik d\u00fcnyas\u0131nda karadeniz M\u00fczi\u011fini \u00e7ok b\u00fcy\u00fck bir ba\u015far\u0131 ile tenmsil eden\u2026<\/p>\n<figure><img decoding=\"async\" src=\"https:\/\/caykaragundem.com\/resimler\/2025-8\/11\/68868483912104.webp\"><\/figure>\n<p>Sevgili Mustafa Turgut\u2026<\/p>\n<p>Sevgili Seyfettin \u00c7ak\u0131ral\u2026<\/p>\n<p>Ve Sevgili Tuncay Gargar\u2026<\/p>\n<p>Kat\u0131l\u0131mc\u0131lar\u0131n hem karadeniz t\u00fcrk\u00fcleri hem de horon ile saatlerce ve g\u00f6n\u00fcllerince e\u011flenmelerini sa\u011flad\u0131lar.<\/p>\n<p>\u015eenlik sadece horon ve e\u011flence de\u011fil tabi.<\/p>\n<p>Organizasyon Komitesi bunu m\u00fckemmel d\u00fc\u015f\u00fcnm\u00fc\u015f.<\/p>\n<p>\u00c7ocuk oyunlar\u0131 d\u00fc\u015f\u00fcn\u00fclm\u00fc\u015f.<\/p>\n<figure><img decoding=\"async\" src=\"https:\/\/caykaragundem.com\/resimler\/2025-8\/11\/881071925962161.webp\"><\/figure>\n<p>Ya\u015f s\u0131n\u0131rlamas\u0131 olmadan herkesin kat\u0131l\u0131m sa\u011flayabilece\u011fi K\u0131zlar ve bayanlar aras\u0131nda yumurta ta\u015f\u0131ma yar\u0131\u015fmas\u0131,erkekler aras\u0131nda \u00e7uval yar\u0131\u015fmas\u0131 ve hem k\u0131zlar\u0131n\u00a0 hem erkeklerin birlikte birlikte yar\u0131\u015ft\u0131klar\u0131 Halat \u00c7ekme Yar\u0131\u015fmas\u0131.<\/p>\n<p>\u00dc\u00e7 Yar\u0131\u015fmaya her ya\u015ftan y\u00fczlerce vatanda\u015f kat\u0131l\u0131m sa\u011flad\u0131.<\/p>\n<p>Eleme usul\u00fc ile ger\u00e7ekle\u015ftirilen yar\u0131\u015fmalarda birinci se\u00e7ilenler sahneye davet edildi ve protokol taraf\u0131ndan \u00e7e\u015fitli \u00f6d\u00fcller ile \u00f6d\u00fcllendirildiler.<\/p>\n<p>K\u00f6knar K\u00fclt\u00fcr,Turizm ve Dayan\u0131\u015fma Derne\u011fi taraf\u0131ndan sembolik bilet fiyatlar\u0131 ile.<\/p>\n<p>Hediye \u00e7ekili\u015fi ger\u00e7ekle\u015ftirildi.<\/p>\n<p>Y\u00fczlerce hediye.<\/p>\n<p>Sahnede tek tek \u00e7ekili\u015f yap\u0131larak.<\/p>\n<p>Hediyeler sahiplerine teslim edildi.<\/p>\n<p>Bir ara ya\u011fmur ya\u011f\u0131yor.<\/p>\n<p>Kat\u0131l\u0131mc\u0131lardan bir tanesi diyor ki bitirin \u00e7ekili\u015fi.\u00c7ok ya\u011fmur var.<\/p>\n<p>Olmaz diyor Nesrullah Ba\u015fkan.Biz bu insanlara s\u00f6z verdik.Hediye \u00e7ekili\u015fi sonuna kadar devam edecek.<\/p>\n<figure><img decoding=\"async\" src=\"https:\/\/caykaragundem.com\/resimler\/2025-8\/11\/635232088816544.webp\"><\/figure>\n<p>Karakterin,onurlu duru\u015fun ba\u015fka bir izah\u0131 olabilir mi?<\/p>\n<p>Te\u015fekk\u00fcrler Sevgili Ba\u015fkan.<\/p>\n<p>Hediyelerden biri LCD ekran TV:<\/p>\n<p>13-14 Ya\u015flar\u0131ndaki bir k\u0131z\u0131m\u0131z\u2026<\/p>\n<p>Hediye \u00e7ekili\u015fi sonras\u0131nda\u2026<\/p>\n<p>Kazand\u0131\u011f\u0131 bisiklete binerek ye\u015fil \u00e7imenlerin \u00fczerine do\u011fru sevin\u00e7 \u00e7\u0131\u011fl\u0131klar\u0131 ile bisiklet s\u00fcrerkenki mutlulu\u011fu hi\u00e7bir kelime ile ifade edilemez\u2026<\/p>\n<p>Sahi d\u00fcnyada bundan daha b\u00fcy\u00fck bir mutluluk olabilir mi?<\/p>\n<p>Bu t\u00fcr organizasyonlarda VEFA kavram\u0131 \u00e7ok \u00f6nemlidir.<\/p>\n<p>Organizasyon komitesi bu kavram\u0131 da unutmam\u0131\u015f,<\/p>\n<figure><img decoding=\"async\" src=\"https:\/\/caykaragundem.com\/resimler\/2025-8\/11\/989301907974070.webp\"><\/figure>\n<p>Muhtar Cemile Alhan Kesimo\u011flu,Dernek Ba\u015fkan\u0131 Nesrullah Sonay,Duayen E\u011fitimci Orhan Gen\u00e7,Sanat\u00e7\u0131 Enver \u00c7ak\u0131ral, \u00c7aykara \u0130l\u00e7esinin t\u00fcm etkinlik ve organizasyonlar\u0131nda ger\u00e7ekle\u015ftirmi\u015f oldu\u011fu destek ve katk\u0131lardan dolay\u0131 herkes taraf\u0131ndan \u00e7ok sevilen haz\u0131rlanan \u015fenli\u011fin organizat\u00f6r ve emektarlar\u0131ndan T\u00fcrko\u011flu Ka\u011f\u0131t Karton Sanayi Ticaret A.\u015e. Y\u00f6netim Kurulu Ba\u015fkan\u0131 Mustafa T\u00fcrko\u011flu tek tek sahneye davet edilerek onurland\u0131r\u0131ld\u0131lar ve hediye takdimlerini ger\u00e7ekle\u015ftirdiler.<\/p>\n<figure><img decoding=\"async\" src=\"https:\/\/caykaragundem.com\/resimler\/2025-8\/11\/8891147267404.webp\"><\/figure>\n<p>Y\u0131llard\u0131r bu t\u00fcr organizasyonlara her kademede kat\u0131l\u0131m sa\u011flayan bir insan olarak \u015funu g\u00f6rd\u00fcm.<\/p>\n<p>Sabah keyifle ba\u015flayan herkesin y\u00fcz\u00fcn\u00fcn g\u00fclerek ba\u015flad\u0131\u011f\u0131 K\u00f6knar Limni \u015eenli\u011finde ayn\u0131 y\u00fczler ak\u015fam da ayn\u0131 g\u00fcl\u00fcc\u00fckler ile \u015fenli\u011fi tamamlad\u0131.<\/p>\n<p>Bu \u015fu demektir Sevgili Dostlar\u2026<\/p>\n<p>Demek ki yap\u0131lan i\u015f do\u011fru.<\/p>\n<p>Demek ki hedefe ula\u015f\u0131lm\u0131\u015f.<\/p>\n<p>K\u00f6knar Muhtar\u0131m\u0131z Say\u0131n Cemile Alhan Kesimo\u011flu Program\u0131n ba\u015f\u0131ndan sonuna kadar ak\u015fama kadar gelen t\u00fcm misafirler ile defalarca ilgilenerek bir ihtiya\u00e7lar\u0131n\u0131n olup olmad\u0131\u011f\u0131n\u0131 sordu.<\/p>\n<p>Bu her \u015fenlikte ya\u015fanm\u0131yor.<\/p>\n<p>Dernek Ba\u015fkan\u0131m\u0131z Sevgili Nesrullah Sonay sabahtan ak\u015fama kadar program organizasyonu ile u\u011fra\u015fmaktan ayakta duracak hali kalmad\u0131.<\/p>\n<p>Bu sabah Cemile Muhtar\u0131m arad\u0131 beni te\u015fekk\u00fcr etmek i\u00e7in.<\/p>\n<p>Bir c\u00fcmle kulland\u0131 \u00e7ok ho\u015fuma gitti.<\/p>\n<p>Hocam dedi i\u015fin i\u00e7inde para yoktu.Herkes kendi program\u0131 olarak kabul etti.Herkes amat\u00f6r ruh ile \u00e7al\u0131\u015ft\u0131.<\/p>\n<p>Durum b\u00f6yle olunca ortaya \u00e7ok g\u00fczel bir \u00fcr\u00fcn \u00e7\u0131kt\u0131.<\/p>\n<p>Belki bu d\u00f6nemde bunu s\u00f6ylemek do\u011fru olmayacak ama.<\/p>\n<p>Paran\u0131n olmad\u0131\u011f\u0131 sadece yard\u0131mla\u015fma,payla\u015fma ve dayan\u0131\u015fman\u0131n oldu\u011fu senelere geri mi d\u00f6nsek,zaman\u0131 geri mi \u00e7evirsek acaba?<\/p>\n<p>          <\/div>\n","protected":false},"excerpt":{"rendered":"<p>10 A\u011fustos 2025 Pazar G\u00fcn\u00fc K\u00f6knar Mahalle Muhtarl\u0131\u011f\u0131m\u0131z ve K\u00f6knar Dernekleri taraf\u0131ndan birlikte organize edilen Geleneksel K\u00f6knar Limni \u015eenli\u011finde K\u00f6knar ve Kara\u00e7am\u2019l\u0131 hem\u015ferilerimizin bu tatl\u0131 heyecanlar\u0131n\u0131 payla\u015fmak \u00fczere bizler de oradayd\u0131k. \u015eenlik kelimesinin alt\u0131n\u0131n iyi doldurulmas\u0131 gerekti\u011fi kanaatini ta\u015f\u0131yorum senelerdir. \u015eenlik sadece insanlar\u0131n e\u011flendikleri yer olmamal\u0131 ayn\u0131 zamanda b\u00f6lge k\u00fclt\u00fcr\u00fc de ya\u015fat\u0131lmal\u0131 ve b\u00f6lge k\u00fclt\u00fcr\u00fcne [&hellip;]<\/p>\n","protected":false},"author":1,"featured_media":4855,"comment_status":"open","ping_status":"open","sticky":false,"template":"","format":"standard","meta":{"tdm_status":"","tdm_grid_status":"","footnotes":""},"categories":[40],"tags":[],"class_list":{"0":"post-4854","1":"post","2":"type-post","3":"status-publish","4":"format-standard","5":"has-post-thumbnail","7":"category-caykara"},"_links":{"self":[{"href":"https:\/\/zeleka.com\/index.php?rest_route=\/wp\/v2\/posts\/4854","targetHints":{"allow":["GET"]}}],"collection":[{"href":"https:\/\/zeleka.com\/index.php?rest_route=\/wp\/v2\/posts"}],"about":[{"href":"https:\/\/zeleka.com\/index.php?rest_route=\/wp\/v2\/types\/post"}],"author":[{"embeddable":true,"href":"https:\/\/zeleka.com\/index.php?rest_route=\/wp\/v2\/users\/1"}],"replies":[{"embeddable":true,"href":"https:\/\/zeleka.com\/index.php?rest_route=%2Fwp%2Fv2%2Fcomments&post=4854"}],"version-history":[{"count":0,"href":"https:\/\/zeleka.com\/index.php?rest_route=\/wp\/v2\/posts\/4854\/revisions"}],"wp:featuredmedia":[{"embeddable":true,"href":"https:\/\/zeleka.com\/index.php?rest_route=\/wp\/v2\/media\/4855"}],"wp:attachment":[{"href":"https:\/\/zeleka.com\/index.php?rest_route=%2Fwp%2Fv2%2Fmedia&parent=4854"}],"wp:term":[{"taxonomy":"category","embeddable":true,"href":"https:\/\/zeleka.com\/index.php?rest_route=%2Fwp%2Fv2%2Fcategories&post=4854"},{"taxonomy":"post_tag","embeddable":true,"href":"https:\/\/zeleka.com\/index.php?rest_route=%2Fwp%2Fv2%2Ftags&post=4854"}],"curies":[{"name":"wp","href":"https:\/\/api.w.org\/{rel}","templated":true}]}}