{"id":4852,"date":"2025-08-11T20:30:51","date_gmt":"2025-08-11T17:30:51","guid":{"rendered":"https:\/\/zeleka.com\/?p=4852"},"modified":"2025-08-11T20:30:51","modified_gmt":"2025-08-11T17:30:51","slug":"caykara-ilcesinde-lise-mezunlari-icin-bulusma-etkinligi-gerceklestiriliyor-caykara-cok-programli-anadolu-lisesi-okul-muduru-caner-kama-tarafindan-organizasyonu-gerceklestir","status":"publish","type":"post","link":"https:\/\/zeleka.com\/?p=4852","title":{"rendered":"<div id=\"detaymetin\">                            <p>\u00c7aykara \u0130l\u00e7esinde Lise Mezunlar\u0131 i\u00e7in bulu\u015fma etkinli\u011fi ger\u00e7ekle\u015ftiriliyor.<\/p><p>\u00c7aykara \u00c7ok Programl\u0131 Anadolu Lisesi Okul M\u00fcd\u00fcr\u00fc Caner Kama taraf\u0131ndan organizasyonu ger\u00e7ekle\u015ftirilen O"},"content":{"rendered":"<div id=\"detaymetin\">\n<p>\u00c7aykara \u0130l\u00e7esinde Lise Mezunlar\u0131 i\u00e7in bulu\u015fma etkinli\u011fi ger\u00e7ekle\u015ftiriliyor.<\/p>\n<p>\u00c7aykara \u00c7ok Programl\u0131 Anadolu Lisesi Okul M\u00fcd\u00fcr\u00fc Caner Kama taraf\u0131ndan organizasyonu ger\u00e7ekle\u015ftirilen Okulumuz Mezunlar\u0131 \u0130le Bulu\u015fuyor Organizasyonu 12 A\u011fustos 2025 Sal\u0131 G\u00fcn\u00fc saat 14.00\u2019da \u00c7aykara \u00c7ok Programl\u0131 Anadolu Lisesi Okul Bah\u00e7esinde ger\u00e7ekle\u015ftirilecek.<\/p>\n<p>Programa davet edilen Okul Mezunlar\u0131:<\/p>\n<p>\u00c7aykara Ortaokulu(1956-1999)<\/p>\n<p>\u00c7aykara \u0130n\u00f6n\u00fc Lisesi(1973-1996)<\/p>\n<p>\u00c7aykara TicaretLisesi(1981-1996)<\/p>\n<p>\u00c7aykara \u00c7ok Programl\u0131 Anadolu Lisesi(1996-2025)<\/p>\n<p>Organizasyonu ger\u00e7ekle\u015ftiren Okul M\u00fcd\u00fcr\u00fc Caner Kama gazetemize yapm\u0131\u015f oldu\u011fu a\u00e7\u0131klamada \u015fu ifadelere yer verdi.<\/p>\n<p>Senelerdir \u00c7aykara \u0130l\u00e7esinde insanlar\u0131n ortaokul ve lise y\u0131llar\u0131na olan \u00f6zlemlerini hep dinliyoruz.<\/p>\n<p>\u00c7aykara \u00c7ok Programl\u0131 Anadolu Lisesi olarak bu y\u0131l b\u00f6yle bir bulu\u015fma etkinli\u011fi planlad\u0131k.<\/p>\n<p>Belli bir program haz\u0131rlamaya \u00e7al\u0131\u015f\u0131yoruz.<\/p>\n<p>Ancak istiyoruz ki ilk bulu\u015fma program\u0131m\u0131z spontane olsun.\u0130nsanlar do\u011fal bir \u015fekilde okul arkada\u015flar\u0131 ile bulu\u015fsunlar.Okul an\u0131lar\u0131n\u0131 tazelesinler.<\/p>\n<p>Bu bak\u0131mdan 12 A\u011fustos 2025 Sal\u0131 G\u00fcn\u00fc saat 14.00\u2019da Okullar\u0131m\u0131zdan mezun olan t\u00fcm hem\u015ferilerimizi bulu\u015fma organizasyonuna davet ediyoruz.<\/p>\n<p>BULU\u015eMA TAR\u0130H\u0130:12 A\u011fustos 2025-Sal\u0131<\/p>\n<p>BULU\u015eMA SAAT\u0130:14.00<\/p>\n<p>BULU\u015eMA YER\u0130:\u00c7aykara \u00c7ok Programl\u0131 Anadolu Lisesi Okul Bah\u00e7esi<\/p>\n<p>          <\/div>\n","protected":false},"excerpt":{"rendered":"<p>\u00c7aykara \u0130l\u00e7esinde Lise Mezunlar\u0131 i\u00e7in bulu\u015fma etkinli\u011fi ger\u00e7ekle\u015ftiriliyor. \u00c7aykara \u00c7ok Programl\u0131 Anadolu Lisesi Okul M\u00fcd\u00fcr\u00fc Caner Kama taraf\u0131ndan organizasyonu ger\u00e7ekle\u015ftirilen Okulumuz Mezunlar\u0131 \u0130le Bulu\u015fuyor Organizasyonu 12 A\u011fustos 2025 Sal\u0131 G\u00fcn\u00fc saat 14.00\u2019da \u00c7aykara \u00c7ok Programl\u0131 Anadolu Lisesi Okul Bah\u00e7esinde ger\u00e7ekle\u015ftirilecek. Programa davet edilen Okul Mezunlar\u0131: \u00c7aykara Ortaokulu(1956-1999) \u00c7aykara \u0130n\u00f6n\u00fc Lisesi(1973-1996) \u00c7aykara TicaretLisesi(1981-1996) \u00c7aykara \u00c7ok Programl\u0131 [&hellip;]<\/p>\n","protected":false},"author":1,"featured_media":4853,"comment_status":"open","ping_status":"open","sticky":false,"template":"","format":"standard","meta":{"tdm_status":"","tdm_grid_status":"","footnotes":""},"categories":[40],"tags":[],"class_list":{"0":"post-4852","1":"post","2":"type-post","3":"status-publish","4":"format-standard","5":"has-post-thumbnail","7":"category-caykara"},"_links":{"self":[{"href":"https:\/\/zeleka.com\/index.php?rest_route=\/wp\/v2\/posts\/4852","targetHints":{"allow":["GET"]}}],"collection":[{"href":"https:\/\/zeleka.com\/index.php?rest_route=\/wp\/v2\/posts"}],"about":[{"href":"https:\/\/zeleka.com\/index.php?rest_route=\/wp\/v2\/types\/post"}],"author":[{"embeddable":true,"href":"https:\/\/zeleka.com\/index.php?rest_route=\/wp\/v2\/users\/1"}],"replies":[{"embeddable":true,"href":"https:\/\/zeleka.com\/index.php?rest_route=%2Fwp%2Fv2%2Fcomments&post=4852"}],"version-history":[{"count":0,"href":"https:\/\/zeleka.com\/index.php?rest_route=\/wp\/v2\/posts\/4852\/revisions"}],"wp:featuredmedia":[{"embeddable":true,"href":"https:\/\/zeleka.com\/index.php?rest_route=\/wp\/v2\/media\/4853"}],"wp:attachment":[{"href":"https:\/\/zeleka.com\/index.php?rest_route=%2Fwp%2Fv2%2Fmedia&parent=4852"}],"wp:term":[{"taxonomy":"category","embeddable":true,"href":"https:\/\/zeleka.com\/index.php?rest_route=%2Fwp%2Fv2%2Fcategories&post=4852"},{"taxonomy":"post_tag","embeddable":true,"href":"https:\/\/zeleka.com\/index.php?rest_route=%2Fwp%2Fv2%2Ftags&post=4852"}],"curies":[{"name":"wp","href":"https:\/\/api.w.org\/{rel}","templated":true}]}}