{"id":4850,"date":"2025-08-11T20:30:52","date_gmt":"2025-08-11T17:30:52","guid":{"rendered":"https:\/\/zeleka.com\/?p=4850"},"modified":"2025-08-11T20:30:52","modified_gmt":"2025-08-11T17:30:52","slug":"caykara-kaymakamligi-ali-keles-futbol-turnuvasinda-bu-aksam-ucunculuk-macinin-tatli-heyecani-yasanacak-egriderespor-ile-jandarmaspor-turnuvayi-ucuncu-olarak-tamamlayarak-u","status":"publish","type":"post","link":"https:\/\/zeleka.com\/?p=4850","title":{"rendered":"<div id=\"detaymetin\">                            <p>\u00c7aykara Kaymakaml\u0131\u011f\u0131 Ali Kele\u015f Futbol Turnuvas\u0131nda bu ak\u015fam \u00fc\u00e7\u00fcnc\u00fcl\u00fck ma\u00e7\u0131n\u0131n tatl\u0131 heyecan\u0131 ya\u015fanacak.<\/p><p>E\u011friderespor ile Jandarmaspor Turnuvay\u0131 \u00fc\u00e7\u00fcnc\u00fc olarak tamamlayarak \u00dc"},"content":{"rendered":"<div id=\"detaymetin\">\n<p>\u00c7aykara Kaymakaml\u0131\u011f\u0131 Ali Kele\u015f Futbol Turnuvas\u0131nda bu ak\u015fam \u00fc\u00e7\u00fcnc\u00fcl\u00fck ma\u00e7\u0131n\u0131n tatl\u0131 heyecan\u0131 ya\u015fanacak.<\/p>\n<p>E\u011friderespor ile Jandarmaspor Turnuvay\u0131 \u00fc\u00e7\u00fcnc\u00fc olarak tamamlayarak \u00dc\u00e7\u00fcnc\u00fcl\u00fck Kupas\u0131na sahip olabilmek i\u00e7in sahaya \u00e7\u0131kacaklar.<\/p>\n<figure><img decoding=\"async\" src=\"https:\/\/caykaragundem.com\/resimler\/2025-8\/11\/917481460131837.webp\"><\/figure>\n<p><strong>Kupan\u0131n renkli tak\u0131mlar\u0131ndan Jandarmaspor bu ak\u015fam kazanarak \u00dc\u00e7\u00fcnc\u00fcl\u00fck Kupas\u0131na sahip olmak istiyor.<\/strong><\/p>\n<p>\u00c7aykara \u0130l\u00e7e Stadyumunda oynanacak \u00dc\u00e7\u00fcnc\u00fcl\u00fck ma\u00e7\u0131n\u0131n ba\u015flama saati 19.00<\/p>\n<figure><img decoding=\"async\" src=\"https:\/\/caykaragundem.com\/resimler\/2025-8\/11\/579502136173629.webp\"><\/figure>\n<p><strong>Kupan\u0131n en fazla \u015eampiyonluk kazanan ekibi olan E\u011friderespor 2025 Y\u0131l\u0131n\u0131 Kupas\u0131z kapatmak istemiyor.<\/strong><\/p>\n<p><strong>F\u0130NAL MA\u00c7I YARIN AK\u015eAM<\/strong><\/p>\n<p>\u00c7aykara Kaymakaml\u0131\u011f\u0131 Ali Kele\u015f Futbol Turnuvas\u0131nda 12 A\u011fustos 2025 Sal\u0131 G\u00fcn\u00fc \u00a0heyecan dolu bir g\u00fcn \u00c7aykara halk\u0131 ile bulu\u015facak.<\/p>\n<p>M\u00fczik ile futbolun \u00c7aykara Halk\u0131 ile bulu\u015fturulaca\u011f\u0131 Final ak\u015fam\u0131 etlikleri \u015fu \u015fekilde.<\/p>\n<p>18.30-21.00 Onay \u015eahin ve Sinan Sami Konserleri<\/p>\n<p>21.00-Uzung\u00f6lspor Antikorspor Final M\u00fcsabakas\u0131<\/p>\n<p>22.30-Kupa,Madalya T\u00f6reni ve S\u00fcrpriz hediyelerin takdim edilmesi<\/p>\n<p>\u00a0 \u00a0\u00a0 \u00a0 \u00a0 \u00a0 Protokol Konu\u015fmalar\u0131n\u0131n ger\u00e7ekle\u015ftirilmesi<\/p>\n<p>          <\/div>\n","protected":false},"excerpt":{"rendered":"<p>\u00c7aykara Kaymakaml\u0131\u011f\u0131 Ali Kele\u015f Futbol Turnuvas\u0131nda bu ak\u015fam \u00fc\u00e7\u00fcnc\u00fcl\u00fck ma\u00e7\u0131n\u0131n tatl\u0131 heyecan\u0131 ya\u015fanacak. E\u011friderespor ile Jandarmaspor Turnuvay\u0131 \u00fc\u00e7\u00fcnc\u00fc olarak tamamlayarak \u00dc\u00e7\u00fcnc\u00fcl\u00fck Kupas\u0131na sahip olabilmek i\u00e7in sahaya \u00e7\u0131kacaklar. Kupan\u0131n renkli tak\u0131mlar\u0131ndan Jandarmaspor bu ak\u015fam kazanarak \u00dc\u00e7\u00fcnc\u00fcl\u00fck Kupas\u0131na sahip olmak istiyor. \u00c7aykara \u0130l\u00e7e Stadyumunda oynanacak \u00dc\u00e7\u00fcnc\u00fcl\u00fck ma\u00e7\u0131n\u0131n ba\u015flama saati 19.00 Kupan\u0131n en fazla \u015eampiyonluk kazanan ekibi olan [&hellip;]<\/p>\n","protected":false},"author":1,"featured_media":4851,"comment_status":"open","ping_status":"open","sticky":false,"template":"","format":"standard","meta":{"tdm_status":"","tdm_grid_status":"","footnotes":""},"categories":[40],"tags":[],"class_list":{"0":"post-4850","1":"post","2":"type-post","3":"status-publish","4":"format-standard","5":"has-post-thumbnail","7":"category-caykara"},"_links":{"self":[{"href":"https:\/\/zeleka.com\/index.php?rest_route=\/wp\/v2\/posts\/4850","targetHints":{"allow":["GET"]}}],"collection":[{"href":"https:\/\/zeleka.com\/index.php?rest_route=\/wp\/v2\/posts"}],"about":[{"href":"https:\/\/zeleka.com\/index.php?rest_route=\/wp\/v2\/types\/post"}],"author":[{"embeddable":true,"href":"https:\/\/zeleka.com\/index.php?rest_route=\/wp\/v2\/users\/1"}],"replies":[{"embeddable":true,"href":"https:\/\/zeleka.com\/index.php?rest_route=%2Fwp%2Fv2%2Fcomments&post=4850"}],"version-history":[{"count":0,"href":"https:\/\/zeleka.com\/index.php?rest_route=\/wp\/v2\/posts\/4850\/revisions"}],"wp:featuredmedia":[{"embeddable":true,"href":"https:\/\/zeleka.com\/index.php?rest_route=\/wp\/v2\/media\/4851"}],"wp:attachment":[{"href":"https:\/\/zeleka.com\/index.php?rest_route=%2Fwp%2Fv2%2Fmedia&parent=4850"}],"wp:term":[{"taxonomy":"category","embeddable":true,"href":"https:\/\/zeleka.com\/index.php?rest_route=%2Fwp%2Fv2%2Fcategories&post=4850"},{"taxonomy":"post_tag","embeddable":true,"href":"https:\/\/zeleka.com\/index.php?rest_route=%2Fwp%2Fv2%2Ftags&post=4850"}],"curies":[{"name":"wp","href":"https:\/\/api.w.org\/{rel}","templated":true}]}}