{"id":4848,"date":"2025-08-10T20:31:05","date_gmt":"2025-08-10T17:31:05","guid":{"rendered":"https:\/\/zeleka.com\/?p=4848"},"modified":"2025-08-10T20:31:05","modified_gmt":"2025-08-10T17:31:05","slug":"trabzonun-caykara-ilcesinde-yazlik-sinema-etkinligi-gerceklestirildi-trabzon-buyuksehir-belediyesi-tarafindan-gerceklestirilen-yazlik-sinema-etkinlikleri-kapsamind","status":"publish","type":"post","link":"https:\/\/zeleka.com\/?p=4848","title":{"rendered":"<div id=\"detaymetin\">                            <p>Trabzon\u2019un \u00c7aykara \u0130l\u00e7esinde Yazl\u0131k Sinema etkinli\u011fi ger\u00e7ekle\u015ftirildi.<\/p><p>Trabzon B\u00fcy\u00fck\u015fehir Belediyesi taraf\u0131ndan ger\u00e7ekle\u015ftirilen Yazl\u0131k Sinema Etkinlikleri kapsam\u0131nda Trabzon\u2019un"},"content":{"rendered":"<div id=\"detaymetin\">\n<p>Trabzon\u2019un \u00c7aykara \u0130l\u00e7esinde Yazl\u0131k Sinema etkinli\u011fi ger\u00e7ekle\u015ftirildi.<\/p>\n<p>Trabzon B\u00fcy\u00fck\u015fehir Belediyesi taraf\u0131ndan ger\u00e7ekle\u015ftirilen Yazl\u0131k Sinema Etkinlikleri kapsam\u0131nda Trabzon\u2019un \u00c7aykara \u0130l\u00e7esinde Yazl\u0131k Sinema etkinli\u011fi ger\u00e7ekle\u015ftirildi.<\/p>\n<p>9 May\u0131s 2025 Cumartesi g\u00fcn\u00fc ger\u00e7ekle\u015ftirilen etkinlik \u00c7aykara Zeki Bilge Ortaokulu Okul Bah\u00e7esinde ger\u00e7ekle\u015ftirildi.<\/p>\n<figure><img decoding=\"async\" src=\"https:\/\/caykaragundem.com\/resimler\/2025-8\/10\/69576347207119.webp\"><\/figure>\n<p>Yazl\u0131k Sinema etkinli\u011fi kapsam\u0131nda 20 Ekim 2023 tarihinde vizyona giren,Y\u00f6netmenli\u011fi Bilal Kalyoncu,Senaristli\u011fi ise Y\u0131lmaz Okumu\u015f taraf\u0131ndan ger\u00e7ekle\u015ftirilen ve \u00e7ekimlerinin Trabzon\u2019un \u00c7aykara \u0130l\u00e7esinde ger\u00e7ekle\u015fti\u011fi Trabzonspor Fenerbah\u00e7e rekabetinin konu edildi\u011fi \u00d6\u011fretmen Filmi \u00f6\u011frencilere izletildi.<\/p>\n<p>Ger\u00e7ekle\u015ftirilen etkinli\u011fe \u00c7aykara Kaymakam\u0131 Ali Sapmaz,\u00c7aykara Belediye Ba\u015fkan\u0131 Hanefi tok,\u00c7aykara \u0130l\u00e7e Jandarma Komutan\u0131 \u00dcste\u011fmen Emre Can Narin,\u0130l\u00e7e Emniyet Amiri Komiser Alparslan Albayrak,\u00c7aykara \u0130l\u00e7e Milli E\u011fitim M\u00fcd\u00fcr\u00fc Ahmet \u00c7amurali ile \u00e7ok kalabal\u0131k bir vatanda\u015f toplulu\u011fu kat\u0131l\u0131m sa\u011flad\u0131.<\/p>\n<figure><img decoding=\"async\" src=\"https:\/\/caykaragundem.com\/resimler\/2025-8\/10\/8846953838633.webp\"><\/figure>\n<p>\u00c7aykara \u0130l\u00e7esinde devam eden Destekleme ve Yeti\u015ftirme Kurslar\u0131(DYK)\u2019na devam eden ve \u00f6\u011frenci yurtlar\u0131nda ikamet eden \u00f6\u011frenciler de Yazl\u0131k Sinema etkinli\u011fine kat\u0131l\u0131m sa\u011flad\u0131lar.<\/p>\n<p>\u00c7aykara Kaymakam\u0131 Ali Sapmaz,Trabzon B\u00fcy\u00fck\u015fehir Belediyesi taraf\u0131ndan ger\u00e7ekle\u015ftirilen Yazl\u0131k Sinema etkinli\u011finin \u00f6nemine de\u011finerek \u015fu ifadelere yer verdi.<\/p>\n<p>Trabzon B\u00fcy\u00fck\u015fehir Belediyemiz taraf\u0131ndan ger\u00e7ekle\u015ftirilen bu t\u00fcr sosyal ve k\u00fclt\u00fcrel projelere \u00c7aykara \u0130l\u00e7esi olarak \u00a0\u00e7ok b\u00fcy\u00fck \u00f6nem veriyoruz.<\/p>\n<figure><img decoding=\"async\" src=\"https:\/\/caykaragundem.com\/resimler\/2025-8\/10\/1048291437430521.webp\"><\/figure>\n<p>\u00c7aykara \u0130l\u00e7emizde sinema bulunmuyor.Bu itibar ile \u00f6\u011frencilerimizi,velilerimizi ve vatanda\u015flar\u0131m\u0131z\u0131 sinema etkinli\u011fi ile bulu\u015fturarak \u00c7aykara \u0130l\u00e7emize bu g\u00fczel heyecan\u0131n ya\u015fat\u0131lmas\u0131nda eme\u011fi ge\u00e7en ba\u015fta Trabzon B\u00fcy\u00fck\u015fehir Belediye Ba\u015fkan\u0131 Ahmet Metin Gen\u00e7 olmak \u00fczere eme\u011fi ge\u00e7en herkese \u00c7aykara \u0130l\u00e7esi ad\u0131na te\u015fekk\u00fcr ediyoruz.<\/p>\n<p>          <\/div>\n","protected":false},"excerpt":{"rendered":"<p>Trabzon\u2019un \u00c7aykara \u0130l\u00e7esinde Yazl\u0131k Sinema etkinli\u011fi ger\u00e7ekle\u015ftirildi. Trabzon B\u00fcy\u00fck\u015fehir Belediyesi taraf\u0131ndan ger\u00e7ekle\u015ftirilen Yazl\u0131k Sinema Etkinlikleri kapsam\u0131nda Trabzon\u2019un \u00c7aykara \u0130l\u00e7esinde Yazl\u0131k Sinema etkinli\u011fi ger\u00e7ekle\u015ftirildi. 9 May\u0131s 2025 Cumartesi g\u00fcn\u00fc ger\u00e7ekle\u015ftirilen etkinlik \u00c7aykara Zeki Bilge Ortaokulu Okul Bah\u00e7esinde ger\u00e7ekle\u015ftirildi. Yazl\u0131k Sinema etkinli\u011fi kapsam\u0131nda 20 Ekim 2023 tarihinde vizyona giren,Y\u00f6netmenli\u011fi Bilal Kalyoncu,Senaristli\u011fi ise Y\u0131lmaz Okumu\u015f taraf\u0131ndan ger\u00e7ekle\u015ftirilen ve [&hellip;]<\/p>\n","protected":false},"author":1,"featured_media":4849,"comment_status":"open","ping_status":"open","sticky":false,"template":"","format":"standard","meta":{"tdm_status":"","tdm_grid_status":"","footnotes":""},"categories":[40],"tags":[],"class_list":{"0":"post-4848","1":"post","2":"type-post","3":"status-publish","4":"format-standard","5":"has-post-thumbnail","7":"category-caykara"},"_links":{"self":[{"href":"https:\/\/zeleka.com\/index.php?rest_route=\/wp\/v2\/posts\/4848","targetHints":{"allow":["GET"]}}],"collection":[{"href":"https:\/\/zeleka.com\/index.php?rest_route=\/wp\/v2\/posts"}],"about":[{"href":"https:\/\/zeleka.com\/index.php?rest_route=\/wp\/v2\/types\/post"}],"author":[{"embeddable":true,"href":"https:\/\/zeleka.com\/index.php?rest_route=\/wp\/v2\/users\/1"}],"replies":[{"embeddable":true,"href":"https:\/\/zeleka.com\/index.php?rest_route=%2Fwp%2Fv2%2Fcomments&post=4848"}],"version-history":[{"count":0,"href":"https:\/\/zeleka.com\/index.php?rest_route=\/wp\/v2\/posts\/4848\/revisions"}],"wp:featuredmedia":[{"embeddable":true,"href":"https:\/\/zeleka.com\/index.php?rest_route=\/wp\/v2\/media\/4849"}],"wp:attachment":[{"href":"https:\/\/zeleka.com\/index.php?rest_route=%2Fwp%2Fv2%2Fmedia&parent=4848"}],"wp:term":[{"taxonomy":"category","embeddable":true,"href":"https:\/\/zeleka.com\/index.php?rest_route=%2Fwp%2Fv2%2Fcategories&post=4848"},{"taxonomy":"post_tag","embeddable":true,"href":"https:\/\/zeleka.com\/index.php?rest_route=%2Fwp%2Fv2%2Ftags&post=4848"}],"curies":[{"name":"wp","href":"https:\/\/api.w.org\/{rel}","templated":true}]}}