{"id":4842,"date":"2025-08-08T19:32:48","date_gmt":"2025-08-08T16:32:48","guid":{"rendered":"https:\/\/zeleka.com\/?p=4842"},"modified":"2025-08-08T19:32:48","modified_gmt":"2025-08-08T16:32:48","slug":"caykara-kaymakamligi-ali-keles-futbol-turnuvasinda-bu-aksam-yari-final-heyecani-yasanacak-kupada-egriderspor-uzungolsporantikorspor-ve-jandarmaspor-takimlari-rakiplerini","status":"publish","type":"post","link":"https:\/\/zeleka.com\/?p=4842","title":{"rendered":"<div id=\"detaymetin\">                            <p>\u00c7aykara Kaymakaml\u0131\u011f\u0131 Ali Kele\u015f Futbol Turnuvas\u0131nda bu ak\u015fam Yar\u0131 Final Heyecan\u0131 ya\u015fanacak.<\/p><p>Kupada E\u011friderspor ,Uzung\u00f6lspor,Antikorspor ve Jandarmaspor tak\u0131mlar\u0131 rakiplerini eleyerek Y"},"content":{"rendered":"<div id=\"detaymetin\">\n<p>\u00c7aykara Kaymakaml\u0131\u011f\u0131 Ali Kele\u015f Futbol Turnuvas\u0131nda bu ak\u015fam Yar\u0131 Final Heyecan\u0131 ya\u015fanacak.<\/p>\n<p>Kupada E\u011friderspor ,Uzung\u00f6lspor,Antikorspor ve Jandarmaspor tak\u0131mlar\u0131 rakiplerini eleyerek Yar\u0131 Finale \u00e7\u0131kma ba\u015far\u0131s\u0131 g\u00f6stermi\u015flerdi.<\/p>\n<p>\u00c7aykara Kaymakam\u0131 Ali Sapmaz\u2019\u0131n himaye ve y\u00f6netimlerinde \u00c7aykara Belediye Ba\u015fkan\u0131 Hanefi Tok\u2019un destek ve katk\u0131lar\u0131 ile \u00c7aykara Gen\u00e7lik ve Spor \u0130l\u00e7e M\u00fcd\u00fcrl\u00fc\u011f\u00fcn\u00fcn organizasyonunda ger\u00e7ekle\u015ftirilen ve kar\u015f\u0131la\u015fmalar\u0131n \u00c7aykara \u0130l\u00e7e Stadyumunda oynand\u0131\u011f\u0131 \u00c7aykara Kaymakaml\u0131\u011f\u0131 Ali Kele\u015f Futbol Turnuvas\u0131nda 8 A\u011fustos 2025 Cuma ak\u015fam\u0131 Yar\u0131 Final Heyecan\u0131 Ya\u015fanacak.<\/p>\n<p><strong>PROTOKOLDEN \u00c7OK YO\u011eUN \u0130LG\u0130<\/strong><\/p>\n<p>\u00c7aykara Protokol\u00fc kar\u015f\u0131la\u015fmaya \u00e7ok yo\u011fun ilgi g\u00f6steriyor.<\/p>\n<figure><img decoding=\"async\" src=\"https:\/\/caykaragundem.com\/resimler\/2025-8\/8\/321311616447970.webp\"><\/figure>\n<p><strong>\u00c7aykara Kaymakam\u0131 Ali Sapmaz,\u00c7aykara Belediye Ba\u015fkan\u0131 Hanefi Tok,\u00c7aykara \u0130l\u00e7e Jandarma Komutan\u0131 \u00dcste\u011fmen Emre Can Narin,\u00c7aykara \u0130l\u00e7e Emniyet Amiri Komiser Alparslan Albayrak,Organizasyon Komitesinde yer alan \u00c7aykara Gen\u00e7lik ve Spor \u0130l\u00e7e M\u00fcd\u00fcr\u00fc Yusuf Kurt,\u00c7aykara \u0130l\u00e7e Tar\u0131m M\u00fcd\u00fcr\u00fc Ersin Yavuz Birkan ve \u00c7aykara Kaymakaml\u0131\u011f\u0131 Yaz\u0131 \u0130\u015fleri M\u00fcd\u00fcr\u00fc Resul Semiz her ak\u015fam kar\u015f\u0131la\u015fmalar\u0131 izleyerek gen\u00e7lere destek veriyor.<\/strong><\/p>\n<p>\u00c7aykara \u0130l\u00e7e Emniyet Amirli\u011fi Personeli her ak\u015fam kar\u015f\u0131la\u015fmalar\u0131n g\u00fcven i\u00e7inde oynanmas\u0131 i\u00e7in sahada g\u00f6rev yap\u0131yor.\u00c7aykara Mehmet \u0130lhan Durgun Devlet Hastanesi personeli Sporcular\u0131n sa\u011fl\u0131\u011f\u0131 i\u00e7in her ak\u015fam Doktor y\u00f6netiminde sahadaki yerlerini al\u0131yor.<\/p>\n<p>\u00c7aykara Gen\u00e7lik ve Spor M\u00fcd\u00fcrl\u00fc\u011f\u00fc personelleri ise Turnuvan\u0131n kusursuz bir \u015fekilde y\u00fcr\u00fct\u00fclmesi i\u00e7in t\u00fcm g\u00fc\u00e7leri ile \u00e7al\u0131\u015f\u0131yor.<\/p>\n<p><strong>TARAFTARLARDAN YO\u011eUN \u0130LG\u0130<\/strong><\/p>\n<figure><img decoding=\"async\" src=\"https:\/\/caykaragundem.com\/resimler\/2025-8\/8\/358612003757267.webp\"><\/figure>\n<p><strong>\u00c7aykara Halk\u0131 Turnuvaya \u00e7ok yo\u011fun bir ilgi g\u00f6steriyor.Her ak\u015fam \u00c7aykara \u0130l\u00e7e Stadyumunun trib\u00fcnlerini t\u0131kl\u0131m t\u0131kl\u0131m dolduran \u00c7aykara\u2019l\u0131 vatanda\u015flar \u00c7aykara Gen\u00e7lerinin futbol bayram\u0131na e\u015flik ediyorlar.<\/strong><\/p>\n<p><strong>ORGAN\u0130ZASYON KOM\u0130TES\u0130NDEN \u015eAMP\u0130YONLUK MA\u00c7I HAZIRLI\u011eI<\/strong><\/p>\n<p>\u00c7aykara Kaymakam\u0131 Ali Sapmaz\u2019\u0131n ba\u015fkanl\u0131\u011f\u0131nda \u00c7aykara Kaymakaml\u0131\u011f\u0131 Yaz\u0131 \u0130\u015fleri M\u00fcd\u00fcr\u00fc Resul Semiz,\u00c7aykara Gen\u00e7lik ve Spor \u0130l\u00e7e M\u00fcd\u00fcr\u00fc Yusuf Kurt ve \u00c7aykara \u0130l\u00e7e Tar\u0131m M\u00fcd\u00fcr\u00fc Ersin Yavuz Birkan\u2019dan olu\u015fan Organizasyon Komitesi Final Ma\u00e7\u0131n\u0131n oynanaca\u011f\u0131 12 A\u011fustos 2025 Sal\u0131 Ak\u015fam\u0131 i\u00e7in \u00d6zel bir haz\u0131rl\u0131k yap\u0131yor.<\/p>\n<p>Final Ma\u00e7\u0131ndan \u00f6nce Karadeniz M\u00fczi\u011finin g\u00fc\u00e7l\u00fc sesleri Sinan Sami ve Onay \u015eahin Konserleri ile \u00c7aykara \u0130l\u00e7esi M\u00fczik ve e\u011flencenin tad\u0131n\u0131 \u00e7\u0131karacak.<\/p>\n<p>Saat 20.00\u2019da ba\u015flayacak Final Ma\u00e7\u0131ndan \u00f6nce \u00f6zel haz\u0131rl\u0131klar ile kar\u015f\u0131la\u015fman\u0131n hakemleri ve tak\u0131mlar \u00f6zel \u0131\u015f\u0131kland\u0131rma sistemi ile sahaya davet edilecek.<\/p>\n<p>Final ma\u00e7\u0131n\u0131n ard\u0131ndan ise Kupa ve Madalya T\u00f6reni ile heyecan doruk noktas\u0131na ula\u015facak.<\/p>\n<p>Turnuvan\u0131n Organizasyon Komitesi olarak 12 A\u011fustos 2025 Sal\u0131 Ak\u015fam\u0131 t\u00fcm \u00c7aykara Halk\u0131m\u0131z\u0131 bu muhte\u015fem g\u00fczelliklerin ya\u015fanaca\u011f\u0131 \u015eampiyonluk co\u015fkusunu hep birlikte ya\u015famaya ve payla\u015fmaya davet ediyoruz.<\/p>\n<p><strong>GECEN\u0130N \u0130LK YARI F\u0130NAL\u0130 UZUNG\u00d6LSPOR-E\u011eR\u0130DERESPOR ARASINDA<\/strong><\/p>\n<p>Gecenin ilk yar\u0131 final heyecan\u0131nda E\u011friderespor ile Uzung\u00f6lspor Final bileti i\u00e7in nefesleri kesecek bir m\u00fcsabakada kar\u015f\u0131 kar\u015f\u0131ya gelecekler.<\/p>\n<figure><img decoding=\"async\" src=\"https:\/\/caykaragundem.com\/resimler\/2025-8\/8\/2371736883882.webp\"><\/figure>\n<p><strong>Turnuvan\u0131n en fazla \u015eampiyonluk kazanan ve m\u00fczesi Kaymakaml\u0131k Kupas\u0131 ile dolu olan E\u011friderespor \u015eampiyonluk gelene\u011fini s\u00fcrd\u00fcrmek istiyor.<\/strong><\/p>\n<p>E\u011frider Mahallesinin gen\u00e7 delikanl\u0131lar\u0131 \u00f6nce Uzung\u00f6lspor Tak\u0131m\u0131n\u0131 ge\u00e7erek finale y\u00fckselmek sonra da rakiplerini beklemek istiyor.<\/p>\n<p>Karadeniz ve \u00dclke Turizminin en \u00f6nemli Merkezlerinden Uzung\u00f6lspor ise bu sene turnuvaya farkl\u0131 bir heyecan ve farkl\u0131 bir motivasyon ile kat\u0131l\u0131yor.<\/p>\n<figure><img decoding=\"async\" src=\"https:\/\/caykaragundem.com\/resimler\/2025-8\/8\/445521088869596.webp\"><\/figure>\n<p><strong>Uzung\u00f6l\u2019\u00fcn gen\u00e7 delikanl\u0131lar\u0131 t\u00fcm g\u00fc\u00e7lerini ortaya koyarak \u015eampiyonluk Kupas\u0131n\u0131 Solakl\u0131 Deresine ta\u015f\u0131yarak bir ilki ba\u015farmak istiyor.<\/strong><\/p>\n<p>Uzung\u00f6lspor-E\u011friderespor kar\u015f\u0131la\u015fmas\u0131 bu ak\u015fam saat 20.00\u2019da ba\u015flayacak.<\/p>\n<p>BU heyecan f\u0131rt\u0131nas\u0131 dolu kar\u015f\u0131la\u015fmaya t\u00fcm \u00c7aykara\u2019l\u0131 sporseverleri davet ediyoruz.<\/p>\n<p><strong>JANDARMASPOR ANT\u0130KORSPOR MA\u00c7I NEFES KESECEK<\/strong><\/p>\n<p>Gecenin ikinci Yar\u0131 Final M\u00fcsabakas\u0131nda Antikorspor ile Jandarmaspor kar\u015f\u0131 kar\u015f\u0131ya gelecekler.<\/p>\n<p>Turnuvan\u0131n iki Kamu Kurulu\u015fu tak\u0131m\u0131 olan Antikorspor ve Jandarmaspor turnuva boyunca oynad\u0131klar\u0131 keyif dolu futbollar\u0131 ile yar\u0131 final biletini almay\u0131 ba\u015farm\u0131\u015flard\u0131.<\/p>\n<p>Turnuvan\u0131n en iyi ekiplerinden biri olarak g\u00f6sterilen B\u00f6l\u00fck Komutan\u0131 \u00dcste\u011fmen Emre Can Narin kaptanl\u0131\u011f\u0131ndaki Jandarmaspor muhte\u015fem futbolunu bu ak\u015fam da devam ettirerek Final biletini ceplerine koymak istiyorlar.<\/p>\n<figure><img decoding=\"async\" src=\"https:\/\/caykaragundem.com\/resimler\/2025-8\/8\/66436802553267.webp\"><\/figure>\n<p><strong>Turnuvada futbollar\u0131n\u0131n yan\u0131 s\u0131ra beyefendilikleri ve m\u00fctevazi kadro yap\u0131s\u0131 ile herkesin herkesin \u00e7ok b\u00fcy\u00fck be\u011fenisini kazanan Jandarmaspor\u2019un bu ak\u015famki performans\u0131 merakla bekleniyor.<\/strong><\/p>\n<p>Turnuvan\u0131n bir ba\u015fka \u0130ddial\u0131 ekibi ise Antikorspor.<\/p>\n<p>Turnuvan\u0131n en beyefendi,en m\u00fctevazi tak\u0131mlar\u0131ndan bir tanesi.<\/p>\n<p>Futbollar\u0131n\u0131n yan\u0131 s\u0131ra sahadaki duru\u015flar\u0131,rakiplerine olan sayg\u0131s\u0131 ile \u00f6rnek g\u00f6sterilen bir tak\u0131m.<\/p>\n<p>Turnuvada en fazla taraftar\u0131 olan tak\u0131mlardan bir tanesi.<\/p>\n<figure><img decoding=\"async\" src=\"https:\/\/caykaragundem.com\/resimler\/2025-8\/8\/47427829541908.webp\"><\/figure>\n<p><strong>\u00c7aykara Mehmet \u0130lhan Durgun Devlet Hastanesi Ba\u015f Hekimi Ahmet Peker Y\u00f6netimindeki Antikorspor muhte\u015fem futbolunu final biletini cebine koyarak ta\u00e7land\u0131rmak istiyor.<\/strong><\/p>\n<p>\u0130ki Kamu Kurumu personelinden olu\u015fan Antikorspor Jandarmaspor kar\u015f\u0131la\u015fmas\u0131 saat 21.30\u2019da ba\u015flayacak.<\/p>\n<p>BU keyif dolu m\u00fcsabakaya t\u00fcm sporseverleri davet ediyoruz.<\/p>\n<p><strong>\u00c7EYREK F\u0130NAL MA\u00c7 PROGRAMI<\/strong><\/p>\n<figure>\n<table readabilityDataTable=\"1\">\n<tbody>\n<tr>\n<td>\n<p>TAKIM<\/p>\n<\/td>\n<td>\n<p>TAKIM<\/p>\n<\/td>\n<td>\n<p>TAR\u0130H<\/p>\n<\/td>\n<td>\n<p>SAAT<\/p>\n<\/td>\n<\/tr>\n<tr>\n<td>\n<p>E\u011eR\u0130DERSPOR<\/p>\n<\/td>\n<td>\n<p>\u00c7AYKARA GEN\u00c7L\u0130K<\/p>\n<\/td>\n<td>\n<p>2<\/p>\n<\/td>\n<td>\n<p>1<\/p>\n<\/td>\n<\/tr>\n<tr>\n<td>\n<p>UZUNG\u00d6LSPOR<\/p>\n<\/td>\n<td>\n<p>\u015eAH\u0130NKAYASPOR<\/p>\n<\/td>\n<td>\n<p>12<\/p>\n<\/td>\n<td>\n<p>11(Penalt\u0131lar Sonunda)<\/p>\n<\/td>\n<\/tr>\n<tr>\n<td>\n<p>ANT\u0130KORSPOR<\/p>\n<\/td>\n<td>\n<p>\u0130SPENDAMSPOR<\/p>\n<\/td>\n<td>\n<p>5<\/p>\n<\/td>\n<td>\n<p>3<\/p>\n<\/td>\n<\/tr>\n<tr>\n<td>\n<p>YE\u015e\u0130LALANSPOR<\/p>\n<\/td>\n<td>\n<p>JANDARMASPOR<\/p>\n<\/td>\n<td>\n<p>3<\/p>\n<\/td>\n<td>\n<p>2<\/p>\n<\/td>\n<\/tr>\n<\/tbody>\n<\/table>\n<\/figure>\n<p>\u00a0\u00a0\u00a0\u00a0\u00a0\u00a0\u00a0\u00a0\u00a0\u00a0\u00a0\u00a0\u00a0\u00a0\u00a0 <strong>YARI F\u0130NAL MA\u00c7 PROGRAMI<\/strong><\/p>\n<figure>\n<table readabilityDataTable=\"1\">\n<tbody>\n<tr>\n<td>\n<p>TAKIM<\/p>\n<\/td>\n<td>\n<p>TAKIM<\/p>\n<\/td>\n<td>\n<p>TAR\u0130H<\/p>\n<\/td>\n<td>\n<p>SAAT<\/p>\n<\/td>\n<\/tr>\n<tr>\n<td>\n<p>E\u011eR\u0130DRESPOR<\/p>\n<\/td>\n<td>\n<p>UZUNG\u00d6LSPOR<\/p>\n<\/td>\n<td>\n<p>08.08.2025-CUMA<\/p>\n<\/td>\n<td>\n<p>19.00<\/p>\n<\/td>\n<\/tr>\n<tr>\n<td>\n<p>ANT\u0130KORSPOR\u00a0<\/p>\n<\/td>\n<td>\n<p>JANDARMASPOR<\/p>\n<\/td>\n<td>\n<p>08.08.2025-CUMA<\/p>\n<\/td>\n<td>\n<p>20.30<\/p>\n<\/td>\n<\/tr>\n<\/tbody>\n<\/table>\n<\/figure>\n<p><strong>F\u0130NAL MA\u00c7I 12 A\u011eUSTOS 2025 SALI\u00a0 AK\u015eAMI SAAT 20.00\u2019DA<\/strong><\/p>\n<p>Turnuvan\u0131n final M\u00fcsabakas\u0131 12 A\u011fustos 2025 Sal\u0131\u00a0 G\u00fcn\u00fc Saat 20.00\u2019da \u00c7aykara \u0130l\u00e7e Stadyumunda oynanacak.<\/p>\n<p>Bu kar\u015f\u0131la\u015fmadan 1 g\u00fcn \u00f6nce ise 11 A\u011fustos 2025 Pazartesi ak\u015fam\u0131 \u00dc\u00e7\u00fcnc\u00fcl\u00fck ma\u00e7\u0131 oynanacak.<\/p>\n<p>          <\/div>\n","protected":false},"excerpt":{"rendered":"<p>\u00c7aykara Kaymakaml\u0131\u011f\u0131 Ali Kele\u015f Futbol Turnuvas\u0131nda bu ak\u015fam Yar\u0131 Final Heyecan\u0131 ya\u015fanacak. Kupada E\u011friderspor ,Uzung\u00f6lspor,Antikorspor ve Jandarmaspor tak\u0131mlar\u0131 rakiplerini eleyerek Yar\u0131 Finale \u00e7\u0131kma ba\u015far\u0131s\u0131 g\u00f6stermi\u015flerdi. \u00c7aykara Kaymakam\u0131 Ali Sapmaz\u2019\u0131n himaye ve y\u00f6netimlerinde \u00c7aykara Belediye Ba\u015fkan\u0131 Hanefi Tok\u2019un destek ve katk\u0131lar\u0131 ile \u00c7aykara Gen\u00e7lik ve Spor \u0130l\u00e7e M\u00fcd\u00fcrl\u00fc\u011f\u00fcn\u00fcn organizasyonunda ger\u00e7ekle\u015ftirilen ve kar\u015f\u0131la\u015fmalar\u0131n \u00c7aykara \u0130l\u00e7e Stadyumunda oynand\u0131\u011f\u0131 [&hellip;]<\/p>\n","protected":false},"author":1,"featured_media":4843,"comment_status":"open","ping_status":"open","sticky":false,"template":"","format":"standard","meta":{"tdm_status":"","tdm_grid_status":"","footnotes":""},"categories":[40],"tags":[],"class_list":{"0":"post-4842","1":"post","2":"type-post","3":"status-publish","4":"format-standard","5":"has-post-thumbnail","7":"category-caykara"},"_links":{"self":[{"href":"https:\/\/zeleka.com\/index.php?rest_route=\/wp\/v2\/posts\/4842","targetHints":{"allow":["GET"]}}],"collection":[{"href":"https:\/\/zeleka.com\/index.php?rest_route=\/wp\/v2\/posts"}],"about":[{"href":"https:\/\/zeleka.com\/index.php?rest_route=\/wp\/v2\/types\/post"}],"author":[{"embeddable":true,"href":"https:\/\/zeleka.com\/index.php?rest_route=\/wp\/v2\/users\/1"}],"replies":[{"embeddable":true,"href":"https:\/\/zeleka.com\/index.php?rest_route=%2Fwp%2Fv2%2Fcomments&post=4842"}],"version-history":[{"count":0,"href":"https:\/\/zeleka.com\/index.php?rest_route=\/wp\/v2\/posts\/4842\/revisions"}],"wp:featuredmedia":[{"embeddable":true,"href":"https:\/\/zeleka.com\/index.php?rest_route=\/wp\/v2\/media\/4843"}],"wp:attachment":[{"href":"https:\/\/zeleka.com\/index.php?rest_route=%2Fwp%2Fv2%2Fmedia&parent=4842"}],"wp:term":[{"taxonomy":"category","embeddable":true,"href":"https:\/\/zeleka.com\/index.php?rest_route=%2Fwp%2Fv2%2Fcategories&post=4842"},{"taxonomy":"post_tag","embeddable":true,"href":"https:\/\/zeleka.com\/index.php?rest_route=%2Fwp%2Fv2%2Ftags&post=4842"}],"curies":[{"name":"wp","href":"https:\/\/api.w.org\/{rel}","templated":true}]}}