{"id":4840,"date":"2025-08-08T19:32:49","date_gmt":"2025-08-08T16:32:49","guid":{"rendered":"https:\/\/zeleka.com\/?p=4840"},"modified":"2025-08-08T19:32:49","modified_gmt":"2025-08-08T16:32:49","slug":"caykara-kaymakamligi-tarafindan-organize-edilen-caykara-kaymakamligi-ali-keles-futbol-turnuvasinda-final-programi-belli-oldu-caykara-kaymakami-ali-sapmazin-himaye","status":"publish","type":"post","link":"https:\/\/zeleka.com\/?p=4840","title":{"rendered":"<div id=\"detaymetin\">                            <p>\u00c7aykara Kaymakaml\u0131\u011f\u0131 taraf\u0131ndan Organize edilen \u00c7aykara Kaymakaml\u0131\u011f\u0131 Ali Kele\u015f Futbol Turnuvas\u0131nda Final Program\u0131 belli oldu.<\/p><p>\u00c7aykara Kaymakam\u0131 Ali Sapmaz\u2019\u0131n himaye ve y\u00f6netimleri"},"content":{"rendered":"<div id=\"detaymetin\">\n<p>\u00c7aykara Kaymakaml\u0131\u011f\u0131 taraf\u0131ndan Organize edilen \u00c7aykara Kaymakaml\u0131\u011f\u0131 Ali Kele\u015f Futbol Turnuvas\u0131nda Final Program\u0131 belli oldu.<\/p>\n<p>\u00c7aykara Kaymakam\u0131 Ali Sapmaz\u2019\u0131n himaye ve y\u00f6netimlerinde \u00c7aykara Belediye Ba\u015fkan\u0131 Hanefi Tok\u2019un destek ve katk\u0131lar\u0131 ile \u00c7aykara Gen\u00e7lik ve Spor \u0130l\u00e7e M\u00fcd\u00fcrl\u00fc\u011f\u00fcn\u00fcn organizasyonunda ger\u00e7ekle\u015ftirilen ve kar\u015f\u0131la\u015fmalar\u0131n \u00c7aykara \u0130l\u00e7e Stadyumunda oynand\u0131\u011f\u0131 \u00c7aykara Kaymakaml\u0131\u011f\u0131 Ali Kele\u015f Futbol Turnuvas\u0131nda Final Ma\u00e7\u0131nda \u00e7e\u015fitli etkinlikler ger\u00e7ekle\u015ftirilecek.<\/p>\n<p>12 A\u011fustos 2025 Sal\u0131 ak\u015fam\u0131 ger\u00e7ekle\u015ftirilecek olan Final Program\u0131 organizasyonu kapsam\u0131nda \u00c7aykara \u0130l\u00e7esi M\u00fczik ve Spor dolu keyifli bir ak\u015fam ya\u015fayacak.<\/p>\n<p>Final Ma\u00e7\u0131 program\u0131 \u00a0saat 18.30\u2019da ba\u015flayacak.<\/p>\n<p>Ulusal M\u00fczik D\u00fcnyas\u0131nda Karadeniz M\u00fczi\u011fini \u00e7ok b\u00fcy\u00fck bir ba\u015far\u0131 ile temsil eden Karadeniz M\u00fczi\u011finin iki g\u00fc\u00e7l\u00fc sesi \u00c7aykara\u2019l\u0131 Sanat\u00e7\u0131lar Sinan Sami ve Onay \u015eahin muhte\u015fem konserleri ile \u00c7aykara halk\u0131 ile bulu\u015facak.<\/p>\n<p>Yakla\u015f\u0131k olarak 2 saat s\u00fcrecek olan konser organizasyonunda \u00c7aykara insan\u0131 m\u00fczik co\u015fkusu ile e\u011flenerek final ma\u00e7\u0131na haz\u0131rlanacak.<\/p>\n<p>Saat 21.00\u2019da Final ma\u00e7\u0131 heyecan\u0131 ya\u015fanacak.<\/p>\n<p>Saat 22.30\u2019da ise Turnuvan\u0131n \u00d6d\u00fcl T\u00f6reni ger\u00e7ekle\u015ftirilecek.<\/p>\n<p>\u00c7aykara Kaymakaml\u0131\u011f\u0131 ve Organizasyon Komitesi\u2019nin planlamas\u0131 do\u011frultusunda \u015eampiyonluk Kupas\u0131n\u0131n yan\u0131 s\u0131ra bir \u00e7ok dalda \u00e7e\u015fitli \u00f6d\u00fcller sahiplerini bulacak.<\/p>\n<p>Ayr\u0131ca Organizasyon Komitesi taraf\u0131ndan S\u00fcrpriz hediyeler de sahiplerine takdim edilecek.<\/p>\n<p>\u00c7aykara Kaymakam\u0131 Ali Sapmaz,Final Ma\u00e7\u0131 oprganizasyonu ile ilgili yapm\u0131\u015f oldu\u011fu a\u00e7\u0131klamada \u015fu ifadelere yer verdi.<\/p>\n<p>Yakla\u015f\u0131k 3 haftadan bu yana \u00c7aykara \u0130l\u00e7esinde \u00e7ok farkl\u0131 bir heyecan\u0131 \u00c7aykara\u2019l\u0131 gen\u00e7 karde\u015flerimiz ile birlikte ya\u015f\u0131yoruz.<\/p>\n<p>\u00c7aykara \u0130l\u00e7emizin de\u011fi\u015fik mahallelerinde ya\u015fayan gen\u00e7 karde\u015flerimiz dostluk,bar\u0131\u015f ve karde\u015flik ortam\u0131 i\u00e7erisinde birbirleri ile yar\u0131\u015f\u0131yorlar.<\/p>\n<p>Gen\u00e7lerimiz futbol arac\u0131l\u0131\u011f\u0131 ile kayna\u015farak sporun dostluk,sevgi,bar\u0131\u015f ve karde\u015flik oldu\u011funu hepimize bir kere daha kan\u0131tl\u0131yorlar.<\/p>\n<p>13 Tak\u0131m\u0131n m\u00fccadele etti\u011fi turnuvam\u0131zda \u015fimdi Final zaman\u0131 yakla\u015f\u0131yor.<\/p>\n<p>12 A\u011fustos 2025 Sal\u0131 ak\u015fam\u0131 Final heyecan\u0131n\u0131 hep birlikte ya\u015fayaca\u011f\u0131z.<\/p>\n<p>Organizasyon Komitemiz ile yapm\u0131\u015f oldu\u011fumuz toplant\u0131da alm\u0131\u015f oldu\u011fumuz karar do\u011frultusunda Final ma\u00e7\u0131 ak\u015fam\u0131nda \u00e7e\u015fitli etkinlikler ger\u00e7ekle\u015ftiriyoruz.<\/p>\n<p>Karadeniz M\u00fczi\u011finin iki g\u00fc\u00e7l\u00fc sesi Sinan Sami ve Onay \u015eahin\u2019i konser organizasyonu kapsam\u0131nda \u00c7aykara halk\u0131m\u0131z ile bulu\u015fturuyoruz.<\/p>\n<p>Saatler 21.00\u2019\u0131 g\u00f6sterdi\u011finde futbol ve final ma\u00e7\u0131 heyecan\u0131 ya\u015fanacak.<\/p>\n<p>Saat 22.30\u2019da ise Kupa T\u00f6reninin yan\u0131 s\u0131ra \u00e7e\u015fitli s\u00fcrpriz hediyelerimiz ile \u00c7aykara \u0130nsan\u0131m\u0131za farkl\u0131 ve \u00f6zel bir final ak\u015fam\u0131 ya\u015fatmay\u0131 hedefliyoruz.<\/p>\n<p>M\u00fczik,e\u011flence ve futbol co\u015fkusunu bir arada ya\u015fayaca\u011f\u0131m\u0131z \u00c7aykara \u0130l\u00e7emizin bu \u00d6zel gecesinde t\u00fcm \u00c7aykara\u2019l\u0131 hem\u015ferilerimizi \u00c7aykara \u0130l\u00e7e Stadyumunda bu g\u00fczelli\u011fi ya\u015famaya davet ediyoruz.<\/p>\n<p>          <\/div>\n","protected":false},"excerpt":{"rendered":"<p>\u00c7aykara Kaymakaml\u0131\u011f\u0131 taraf\u0131ndan Organize edilen \u00c7aykara Kaymakaml\u0131\u011f\u0131 Ali Kele\u015f Futbol Turnuvas\u0131nda Final Program\u0131 belli oldu. \u00c7aykara Kaymakam\u0131 Ali Sapmaz\u2019\u0131n himaye ve y\u00f6netimlerinde \u00c7aykara Belediye Ba\u015fkan\u0131 Hanefi Tok\u2019un destek ve katk\u0131lar\u0131 ile \u00c7aykara Gen\u00e7lik ve Spor \u0130l\u00e7e M\u00fcd\u00fcrl\u00fc\u011f\u00fcn\u00fcn organizasyonunda ger\u00e7ekle\u015ftirilen ve kar\u015f\u0131la\u015fmalar\u0131n \u00c7aykara \u0130l\u00e7e Stadyumunda oynand\u0131\u011f\u0131 \u00c7aykara Kaymakaml\u0131\u011f\u0131 Ali Kele\u015f Futbol Turnuvas\u0131nda Final Ma\u00e7\u0131nda \u00e7e\u015fitli etkinlikler [&hellip;]<\/p>\n","protected":false},"author":1,"featured_media":4841,"comment_status":"open","ping_status":"open","sticky":false,"template":"","format":"standard","meta":{"tdm_status":"","tdm_grid_status":"","footnotes":""},"categories":[40],"tags":[],"class_list":{"0":"post-4840","1":"post","2":"type-post","3":"status-publish","4":"format-standard","5":"has-post-thumbnail","7":"category-caykara"},"_links":{"self":[{"href":"https:\/\/zeleka.com\/index.php?rest_route=\/wp\/v2\/posts\/4840","targetHints":{"allow":["GET"]}}],"collection":[{"href":"https:\/\/zeleka.com\/index.php?rest_route=\/wp\/v2\/posts"}],"about":[{"href":"https:\/\/zeleka.com\/index.php?rest_route=\/wp\/v2\/types\/post"}],"author":[{"embeddable":true,"href":"https:\/\/zeleka.com\/index.php?rest_route=\/wp\/v2\/users\/1"}],"replies":[{"embeddable":true,"href":"https:\/\/zeleka.com\/index.php?rest_route=%2Fwp%2Fv2%2Fcomments&post=4840"}],"version-history":[{"count":0,"href":"https:\/\/zeleka.com\/index.php?rest_route=\/wp\/v2\/posts\/4840\/revisions"}],"wp:featuredmedia":[{"embeddable":true,"href":"https:\/\/zeleka.com\/index.php?rest_route=\/wp\/v2\/media\/4841"}],"wp:attachment":[{"href":"https:\/\/zeleka.com\/index.php?rest_route=%2Fwp%2Fv2%2Fmedia&parent=4840"}],"wp:term":[{"taxonomy":"category","embeddable":true,"href":"https:\/\/zeleka.com\/index.php?rest_route=%2Fwp%2Fv2%2Fcategories&post=4840"},{"taxonomy":"post_tag","embeddable":true,"href":"https:\/\/zeleka.com\/index.php?rest_route=%2Fwp%2Fv2%2Ftags&post=4840"}],"curies":[{"name":"wp","href":"https:\/\/api.w.org\/{rel}","templated":true}]}}