{"id":4838,"date":"2025-08-06T19:29:55","date_gmt":"2025-08-06T16:29:55","guid":{"rendered":"https:\/\/zeleka.com\/?p=4838"},"modified":"2025-08-06T19:29:55","modified_gmt":"2025-08-06T16:29:55","slug":"caykara-kaymakamligi-ali-keles-futbol-turnuvasinda-yari-finale-cikan-takimlar-belli-oldu-egriderspor-ve-uzungolsporun-ardindan-antikorspor-ve-jandarmaspor-takimlar","status":"publish","type":"post","link":"https:\/\/zeleka.com\/?p=4838","title":{"rendered":"<div id=\"detaymetin\">                            <p>\u00c7aykara Kaymakaml\u0131\u011f\u0131 Ali Kele\u015f Futbol Turnuvas\u0131nda Yar\u0131 Finale \u00e7\u0131kan tak\u0131mlar belli oldu.<\/p><p>E\u011friderspor ve Uzung\u00f6lspor\u2019un ard\u0131ndan Antikorspor ve Jandarmaspor tak\u0131mlar\u0131 rakiplerini e"},"content":{"rendered":"<div id=\"detaymetin\">\n<p>\u00c7aykara Kaymakaml\u0131\u011f\u0131 Ali Kele\u015f Futbol Turnuvas\u0131nda Yar\u0131 Finale \u00e7\u0131kan tak\u0131mlar belli oldu.<\/p>\n<p>E\u011friderspor ve Uzung\u00f6lspor\u2019un ard\u0131ndan Antikorspor ve Jandarmaspor tak\u0131mlar\u0131 rakiplerini eleyerek yar\u0131 finale \u00e7\u0131kma ba\u015far\u0131s\u0131 g\u00f6sterdiler.<\/p>\n<p>\u00c7aykara Kaymakam\u0131 Ali Sapmaz\u2019\u0131n himaye ve y\u00f6netimlerinde \u00c7aykara Belediye Ba\u015fkan\u0131 Hanefi Tok\u2019un destek ve katk\u0131lar\u0131 ile \u00c7aykara Gen\u00e7lik ve Spor \u0130l\u00e7e M\u00fcd\u00fcrl\u00fc\u011f\u00fcn\u00fcn organizasyonunda ger\u00e7ekle\u015ftirilen ve kar\u015f\u0131la\u015fmalar\u0131n \u00c7aykara \u0130l\u00e7e Stadyumunda oynand\u0131\u011f\u0131 \u00c7aykara Kaymakaml\u0131\u011f\u0131 Ali Kele\u015f Futbol Turnuvas\u0131nda 8 A\u011fustos 2025 Cuma ak\u015fam\u0131 Yar\u0131 Final Heyecan\u0131 Ya\u015fanacak.<\/p>\n<p><strong>PROTOKOLDEN \u00c7OK YO\u011eUN \u0130LG\u0130<\/strong><\/p>\n<p>\u00c7aykara Protokol\u00fc kar\u015f\u0131la\u015fmaya \u00e7ok yo\u011fun ilgi g\u00f6steriyor.<\/p>\n<figure><img decoding=\"async\" src=\"https:\/\/caykaragundem.com\/resimler\/2025-8\/6\/119631890923172.webp\"><\/figure>\n<p><strong>\u00c7aykara Kaymakam\u0131 Ali Sapmaz,\u00c7aykara Belediye Ba\u015fkan\u0131 Hanefi Tok,\u00c7aykara \u0130l\u00e7e Jandarma Komutan\u0131 \u00dcste\u011fmen Emre Can Narin,\u00c7aykara \u0130l\u00e7e Emniyet Amiri Komiser Alparslan Albayrak,AK Parti \u00c7aykara \u0130l\u00e7e Ba\u015fkan\u0131 Muhammet Sel\u00e7uk,Organizasyon Komitesinde yer alan \u00c7aykara Gen\u00e7lik ve Spor \u0130l\u00e7e M\u00fcd\u00fcr\u00fc Yusuf Kurt,\u00c7aykara \u0130l\u00e7e Tar\u0131m M\u00fcd\u00fcr\u00fc Ersin Yavuz Birkan ve \u00c7aykara Kaymakaml\u0131\u011f\u0131 Yaz\u0131 \u0130\u015fleri M\u00fcd\u00fcr\u00fc Resul Semiz her ak\u015fam kar\u015f\u0131la\u015fmalar\u0131 izleyerek gen\u00e7lere destek veriyor.<\/strong><\/p>\n<p>\u00c7aykara \u0130l\u00e7e Emniyet Amirli\u011fi Personeli her ak\u015fam kar\u015f\u0131la\u015fmalar\u0131n g\u00fcven i\u00e7inde oynanmas\u0131 i\u00e7in sahada g\u00f6rev yap\u0131yor.\u00c7aykara Mehmet \u0130lhan Durgun Devlet Hastanesi personeli Sporcular\u0131n sa\u011fl\u0131\u011f\u0131 i\u00e7in her ak\u015fam Doktor \u00c7ilem Ok,y\u00f6netiminde sahadaki yerlerini al\u0131yor.<\/p>\n<p>\u00c7aykara Gen\u00e7lik ve Spor M\u00fcd\u00fcrl\u00fc\u011f\u00fc personelleri ise Turnuvan\u0131n kusursuz bir \u015fekilde y\u00fcr\u00fct\u00fclmesi i\u00e7in t\u00fcm g\u00fc\u00e7leri ile \u00e7al\u0131\u015f\u0131yor.<\/p>\n<p><strong>TARAFTARLARDAN YO\u011eUN \u0130LG\u0130<\/strong><\/p>\n<p>\u00c7aykara Halk\u0131 Turnuvaya \u00e7ok yo\u011fun bir ilgi g\u00f6steriyor.Her ak\u015fam \u00c7aykara \u0130l\u00e7e Stadyumunun trib\u00fcnlerini t\u0131kl\u0131m t\u0131kl\u0131m dolduran \u00c7aykara\u2019l\u0131 vatanda\u015flar \u00c7aykara Gen\u00e7lerinin futbol bayram\u0131na e\u015flik ediyorlar.<\/p>\n<figure><img decoding=\"async\" src=\"https:\/\/caykaragundem.com\/resimler\/2025-8\/6\/105605419192921.webp\"><\/figure>\n<p><strong>GECEN\u0130N \u0130LK YARI F\u0130NAL\u0130ST\u0130 ANT\u0130KORSPOR<\/strong><\/p>\n<p>\u00c7eyrek Final Heyecan\u0131n\u0131n ikinci ak\u015fam\u0131nda ilk olarak Antikorspor ile \u0130spendamspor tak\u0131mlar\u0131 kar\u015f\u0131 kar\u015f\u0131ya geldiler.<\/p>\n<p>Turnuvada oynanan Grup ma\u00e7lar\u0131nda g\u00f6z dolduran ve be\u011feni toplayan Antikorspor kar\u015f\u0131la\u015fmaya \u015fu onbir ile \u00e7\u0131kt\u0131:<\/p>\n<p>Emre Ayd\u0131n,Murat G\u00f6nan,Semih Akg\u00fcn,Ahmet Faruk Y\u00fcksel,Erdo\u011fan \u00c7ak,Eren Korkmaz,Ercan \u00c7ak\u0131r,\u0130rfan \u00d6zmen Ayd\u0131n,\u0130sa Annak,Yavuz Selim Yal\u00e7\u0131n,Enes Ayd\u0131n.<\/p>\n<figure><img decoding=\"async\" src=\"https:\/\/caykaragundem.com\/resimler\/2025-8\/6\/103525285976001.webp\"><\/figure>\n<p><strong>Doktor Ahmet Peker Y\u00f6netiminde \u00c7aykara Mehmet \u0130lhan Durgun Devlet Hastanesi personelinden olu\u015fan Antikorspor futbolu,centilmenli\u011fi,taraftar\u0131n\u0131n farkl\u0131l\u0131\u011f\u0131 ile Kaymakaml\u0131k Kupas\u0131na farkl\u0131 bir renk ve g\u00fczellik kat\u0131yor<\/strong><\/p>\n<figure><img decoding=\"async\" src=\"https:\/\/caykaragundem.com\/resimler\/2025-8\/6\/130183392891700.webp\"><\/figure>\n<p><strong>\u00c7aykara \u0130l\u00e7esinin gen\u00e7 delikanl\u0131lar\u0131ndan olu\u015fan \u0130spendamspor Turnuvaya farkl\u0131 bir renk ve g\u00fczellik katt\u0131<\/strong><\/p>\n<p>\u00c7aykara \u0130l\u00e7esinin gen\u00e7 ve dinamik delikanl\u0131lar\u0131ndan olu\u015fan \u0130spendamspor ise kar\u015f\u0131la\u015fmaya \u015fu onbir ile \u00e7\u0131kt\u0131.<\/p>\n<p>Nurullah K\u00f6ksal,Yavuz Semiz,Ferhat Sel\u00e7uk,Erdo\u011fan Teke,Kamil \u00c7ift\u00e7i,Mehmet Can,Ak\u0131n Tiryaki,Kemal Kaplan,Taha \u00d6zkan,Fatih K\u00fc\u00e7\u00fck<\/p>\n<p>\u00c7aykara \u0130l\u00e7esinin gen\u00e7 dinamik ve yi\u011fit delikanl\u0131lar\u0131ndan olu\u015fan \u0130spendamspor tarafl\u0131 tarafs\u0131z herkesin be\u011fenisini kazanarak alk\u0131\u015flar ile turnuvaya veda ettiler.<\/p>\n<p>Kar\u015f\u0131la\u015fmada Antikorspor \u0130sa Annak ile buldu\u011fu gol ile \u00f6ne ge\u00e7meyi ba\u015fard\u0131.Daha sonra Semih Akg\u00fcn ile iki gol daha bulan Antikorspor kar\u015f\u0131la\u015fmada 3-0 \u00f6ne ge\u00e7ti.<\/p>\n<p>\u0130spendamspor Kar\u015f\u0131la\u015fman\u0131n ilk yar\u0131s\u0131n\u0131n son saniyelerinde Numan Kamil \u00c7ift\u00e7i ile bu gole kar\u015f\u0131l\u0131k verdi ve ilk yar\u0131 3-1 Antikorspor\u2019un\u00fcst\u00fcnl\u00fc\u011f\u00fc ile sona erdi.<\/p>\n<p>Antikorspor Semih Akg\u00fcn\u2019\u00fcn gol\u00fc ile fark\u0131 yeniden \u00fc\u00e7e \u00e7\u0131kar\u0131rken \u0130spendamspor Abdurrahman Kaygusuz ile fark\u0131 yeniden ikiye indirdi.<\/p>\n<p>Antikorspor Ercan \u00c7ak\u0131r\u2019\u0131n gol\u00fc ile fark\u0131 yeniden \u00fc\u00e7e \u00e7\u0131kar\u0131rken kar\u015f\u0131la\u015fmada son s\u00f6z\u00fc \u0130spendamspor\u2019dan Abdurrahman Kaygusuz s\u00f6yledi ve kar\u015f\u0131la\u015fma 5-3 Antikorspor\u2019un \u00fcst\u00fcnl\u00fc\u011f\u00fc ile sona erdi.<\/p>\n<p>Bu sonu\u00e7 ile Antikorspor Yar\u0131 Finale y\u00fckselirken \u0130spendamspor ise turnuvaya veda etti.<\/p>\n<figure><img decoding=\"async\" src=\"https:\/\/caykaragundem.com\/resimler\/2025-8\/6\/91646312432326.webp\"><\/figure>\n<p><strong>Antikorspor Tak\u0131m\u0131 kar\u015f\u0131la\u015fma sonunda galibiyet sevincini taraftar\u0131 ile birlikte sahada ya\u015fad\u0131.<\/strong><\/p>\n<p><strong>JANDARMASPOR YE\u015e\u0130LALANSPOR KAR\u015eILA\u015eMASI NEFESLER\u0130 KEST\u0130<\/strong><\/p>\n<p>Turnuvan\u0131n son \u00c7eyrek Final M\u00fcsabakas\u0131nda Jandarmaspor ile Ye\u015filalanspor tak\u0131mlar\u0131 sahada muhte\u015fem bir m\u00fccadele \u00f6rne\u011fi g\u00f6sterdiler.<\/p>\n<p>Turnuvan\u0131n g\u00fc\u00e7l\u00fc ekiplerinden Jandarmaspor Kar\u015f\u0131la\u015fmaya Abdullah Demirhan,Yunus Barakl\u0131o\u011flu,H\u00fcseyin Dede,Dursun G\u00fcnl\u00fc,Mehmet \u00d6z\u00e7elik,L\u00fctfi Can Topta\u015f,Nimet Polat,Mehmet Kanbur,Emre Can Narin,Deniz Akayd\u0131n ve Bar\u0131\u015f Karo\u011flu onbiri ile \u00e7\u0131kt\u0131.<\/p>\n<figure><img decoding=\"async\" src=\"https:\/\/caykaragundem.com\/resimler\/2025-8\/6\/69641210658916.webp\"><\/figure>\n<p><strong>\u00c7aykara \u0130l\u00e7e Jandarma B\u00f6l\u00fck Komutan\u0131 \u00dcste\u011fmen Emre Can Narin Y\u00f6netimindeki Jandarmaspor yoluna dolu dizgin devam ediyor.<\/strong><\/p>\n<p>Turnuvan\u0131n iyi futbol oynayan iddial\u0131 ekiplerinden Ye\u015filalanspor ise kar\u015f\u0131la\u015fmaya \u015fu onbir ile \u00e7\u0131kt\u0131.<\/p>\n<p>Mustafa Dama,Hasan Gencan,Halil \u0130brahim Tekke,Yasin Ocak,Furkan Kahveci,\u00d6mer Faruk Yavuz,Emin Ocak,Beytullah K\u00f6ksal,Ozan G\u00f6rkem \u015eenel,Halil \u0130brahim Kahveci,Muhammet Zengin\u00a0<\/p>\n<figure><img decoding=\"async\" src=\"https:\/\/caykaragundem.com\/resimler\/2025-8\/6\/89341924207801.webp\"><\/figure>\n<p><strong>\u00c7aykaraspor Tak\u0131m\u0131n\u0131n Efsane Kaptanlar\u0131ndan ,Ba\u015fkan ve Y\u00f6netim Kurulu \u00dcyelerinden \u00c7aykara Bas\u0131n Camias\u0131n\u0131n Efsane \u0130smi Ali Kemal Sevin\u00e7 Y\u00f6netimindeki Ye\u015filalanspor\u2019un gen\u00e7 ve dinamik delikanl\u0131lar\u0131 azimleri,m\u00fccadeleleri ve futbol ad\u0131na ya\u015fatm\u0131\u015f olduklar\u0131 g\u00fczellikleri ile Turnuvay\u0131 alk\u0131\u015flar e\u015fli\u011finde tamamlad\u0131lar.<\/strong><\/p>\n<p>Kar\u015f\u0131la\u015fmada Jandarmaspor Ye\u015filkalanspor\u2019dan Halilk \u0130brahim Tekke\u2019nin kendi kalesine att\u0131\u011f\u0131 gol ile 1-0 \u00f6ne ge\u00e7ti.<\/p>\n<p>Jandarmaspor Ceza sahas\u0131nda ya\u015fanan bir pozisyonda Jandarmaspor tak\u0131m\u0131ndan Yunus Barakl\u0131o\u011flu \u00a0topu kendi kalesine gol olarak g\u00f6nderince kar\u015f\u0131la\u015fman\u0131n skoru 1-1 oldu ve ilk yar\u0131 bu sonu\u00e7 ile kapand\u0131.<\/p>\n<figure><img decoding=\"async\" src=\"https:\/\/caykaragundem.com\/resimler\/2025-8\/6\/1158182079555263.webp\"><\/figure>\n<p><strong>Ye\u015filalanspor\u2019un Teknik Direkt\u00f6r\u00fc,\u00c7aykara Bas\u0131n\u0131n\u0131n Efsane \u0130smi Ali Kemal Sevin\u00e7 her zamanki gibi turnuvaya renk ve g\u00fczellik katt\u0131.<\/strong><\/p>\n<p>Kar\u015f\u0131la\u015fman\u0131n ikinci yar\u0131s\u0131nda Jandarmaspor Bar\u0131\u015f Karo\u011flu ve Mehmet Kanbur\u2019un aya\u011f\u0131ndan buldu\u011fu goller ile bier anda 3-1 \u00f6ne ge\u00e7meyi ba\u015fard\u0131.<\/p>\n<p>Ye\u015filalanspor bu gole Emin Ocak ile cevap verse de bu gol Ye\u015filalanspor tak\u0131m\u0131na yetmedi ve kar\u015f\u0131la\u015fma Jandarmaspor\u2019un 3-2\u2019lik galibiyeti ile sona erdi.<\/p>\n<p>Bu skor ile Jandarmaspor Yar\u0131 Finale y\u00fckselirken Ye\u015filalanspor ise turnuvaya veda etti.<\/p>\n<p><strong>\u00c7EYREK F\u0130NAL MA\u00c7 PROGRAMI<\/strong><\/p>\n<figure>\n<table readabilityDataTable=\"1\">\n<tbody>\n<tr>\n<td>\n<p>TAKIM<\/p>\n<\/td>\n<td>\n<p>TAKIM<\/p>\n<\/td>\n<td>\n<p>TAR\u0130H<\/p>\n<\/td>\n<td>\n<p>SAAT<\/p>\n<\/td>\n<\/tr>\n<tr>\n<td>\n<p>E\u011eR\u0130DERSPOR<\/p>\n<\/td>\n<td>\n<p>\u00c7AYKARA GEN\u00c7L\u0130K<\/p>\n<\/td>\n<td>\n<p>2<\/p>\n<\/td>\n<td>\n<p>1<\/p>\n<\/td>\n<\/tr>\n<tr>\n<td>\n<p>UZUNG\u00d6LSPOR<\/p>\n<\/td>\n<td>\n<p>\u015eAH\u0130NKAYASPOR<\/p>\n<\/td>\n<td>\n<p>12<\/p>\n<\/td>\n<td>\n<p>11(Penalt\u0131lar Sonunda)<\/p>\n<\/td>\n<\/tr>\n<tr>\n<td>\n<p>ANT\u0130KORSPOR<\/p>\n<\/td>\n<td>\n<p>\u0130SPENDAMSPOR<\/p>\n<\/td>\n<td>\n<p>5<\/p>\n<\/td>\n<td>\n<p>3<\/p>\n<\/td>\n<\/tr>\n<tr>\n<td>\n<p>YE\u015e\u0130LALANSPOR<\/p>\n<\/td>\n<td>\n<p>JANDARMASPOR<\/p>\n<\/td>\n<td>\n<p>3<\/p>\n<\/td>\n<td>\n<p>2<\/p>\n<\/td>\n<\/tr>\n<\/tbody>\n<\/table>\n<\/figure>\n<p><strong>YARI F\u0130NAL MA\u00c7 PROGRAMI<\/strong><\/p>\n<figure>\n<table readabilityDataTable=\"1\">\n<tbody>\n<tr>\n<td>\n<p>TAKIM<\/p>\n<\/td>\n<td>\n<p>TAKIM<\/p>\n<\/td>\n<td>\n<p>TAR\u0130H<\/p>\n<\/td>\n<td>\n<p>SAAT<\/p>\n<\/td>\n<\/tr>\n<tr>\n<td>\n<p>E\u011eR\u0130DRESPOR<\/p>\n<\/td>\n<td>\n<p>UZUNG\u00d6LSPOR<\/p>\n<\/td>\n<td>\n<p>08.08.2025-CUMA<\/p>\n<\/td>\n<td>\n<p>19.00<\/p>\n<\/td>\n<\/tr>\n<tr>\n<td>\n<p>ANT\u0130KORSPOR\u00a0<\/p>\n<\/td>\n<td>\n<p>JANDARMASPOR<\/p>\n<\/td>\n<td>\n<p>08.08.2025-CUMA<\/p>\n<\/td>\n<td>\n<p>20.30<\/p>\n<\/td>\n<\/tr>\n<\/tbody>\n<\/table>\n<\/figure>\n<p>F\u0130NAL MA\u00c7I 12 A\u011eUSTOS 2025 SALI\u00a0 AK\u015eAMI SAAT 20.00\u2019DA<\/p>\n<p>Turnuvan\u0131n final M\u00fcsabakas\u0131 12 A\u011fustos 2025 Sal\u0131\u00a0 G\u00fcn\u00fc Saat 20.00\u2019da \u00c7aykara \u0130l\u00e7e Stadyumunda oynanacak.Ayn\u0131 g\u00fcn saat 19.00\u2019da \u00dc\u00e7\u00fcnc\u00fcl\u00fck ma\u00e7\u0131 oynanacak.<\/p>\n<p>          <\/div>\n","protected":false},"excerpt":{"rendered":"<p>\u00c7aykara Kaymakaml\u0131\u011f\u0131 Ali Kele\u015f Futbol Turnuvas\u0131nda Yar\u0131 Finale \u00e7\u0131kan tak\u0131mlar belli oldu. E\u011friderspor ve Uzung\u00f6lspor\u2019un ard\u0131ndan Antikorspor ve Jandarmaspor tak\u0131mlar\u0131 rakiplerini eleyerek yar\u0131 finale \u00e7\u0131kma ba\u015far\u0131s\u0131 g\u00f6sterdiler. \u00c7aykara Kaymakam\u0131 Ali Sapmaz\u2019\u0131n himaye ve y\u00f6netimlerinde \u00c7aykara Belediye Ba\u015fkan\u0131 Hanefi Tok\u2019un destek ve katk\u0131lar\u0131 ile \u00c7aykara Gen\u00e7lik ve Spor \u0130l\u00e7e M\u00fcd\u00fcrl\u00fc\u011f\u00fcn\u00fcn organizasyonunda ger\u00e7ekle\u015ftirilen ve kar\u015f\u0131la\u015fmalar\u0131n \u00c7aykara \u0130l\u00e7e [&hellip;]<\/p>\n","protected":false},"author":1,"featured_media":4839,"comment_status":"open","ping_status":"open","sticky":false,"template":"","format":"standard","meta":{"tdm_status":"","tdm_grid_status":"","footnotes":""},"categories":[40],"tags":[],"class_list":{"0":"post-4838","1":"post","2":"type-post","3":"status-publish","4":"format-standard","5":"has-post-thumbnail","7":"category-caykara"},"_links":{"self":[{"href":"https:\/\/zeleka.com\/index.php?rest_route=\/wp\/v2\/posts\/4838","targetHints":{"allow":["GET"]}}],"collection":[{"href":"https:\/\/zeleka.com\/index.php?rest_route=\/wp\/v2\/posts"}],"about":[{"href":"https:\/\/zeleka.com\/index.php?rest_route=\/wp\/v2\/types\/post"}],"author":[{"embeddable":true,"href":"https:\/\/zeleka.com\/index.php?rest_route=\/wp\/v2\/users\/1"}],"replies":[{"embeddable":true,"href":"https:\/\/zeleka.com\/index.php?rest_route=%2Fwp%2Fv2%2Fcomments&post=4838"}],"version-history":[{"count":0,"href":"https:\/\/zeleka.com\/index.php?rest_route=\/wp\/v2\/posts\/4838\/revisions"}],"wp:featuredmedia":[{"embeddable":true,"href":"https:\/\/zeleka.com\/index.php?rest_route=\/wp\/v2\/media\/4839"}],"wp:attachment":[{"href":"https:\/\/zeleka.com\/index.php?rest_route=%2Fwp%2Fv2%2Fmedia&parent=4838"}],"wp:term":[{"taxonomy":"category","embeddable":true,"href":"https:\/\/zeleka.com\/index.php?rest_route=%2Fwp%2Fv2%2Fcategories&post=4838"},{"taxonomy":"post_tag","embeddable":true,"href":"https:\/\/zeleka.com\/index.php?rest_route=%2Fwp%2Fv2%2Ftags&post=4838"}],"curies":[{"name":"wp","href":"https:\/\/api.w.org\/{rel}","templated":true}]}}