{"id":4836,"date":"2025-08-05T19:30:25","date_gmt":"2025-08-05T16:30:25","guid":{"rendered":"https:\/\/zeleka.com\/?p=4836"},"modified":"2025-08-05T19:30:25","modified_gmt":"2025-08-05T16:30:25","slug":"caykara-kaymakamligi-ali-keles-futbol-turnuvasinda-egriderespor-ve-uzungolspor-takimlari-yari-final-bileti-almayi-basaran-ilk-iki-takim-oldular-caykara-kaymakami-ali","status":"publish","type":"post","link":"https:\/\/zeleka.com\/?p=4836","title":{"rendered":"<div id=\"detaymetin\">                            <p>\u00c7aykara Kaymakaml\u0131\u011f\u0131 Ali Kele\u015f Futbol Turnuvas\u0131nda E\u011friderespor ve Uzung\u00f6lspor \u00a0Tak\u0131mlar\u0131 Yar\u0131 Final bileti almay\u0131 ba\u015faran ilk iki tak\u0131m oldular.<\/p><p>\u00c7aykara Kaymakam\u0131 Ali Sapmaz\u2019\u0131n"},"content":{"rendered":"<div id=\"detaymetin\">\n<p>\u00c7aykara Kaymakaml\u0131\u011f\u0131 Ali Kele\u015f Futbol Turnuvas\u0131nda E\u011friderespor ve Uzung\u00f6lspor \u00a0Tak\u0131mlar\u0131 Yar\u0131 Final bileti almay\u0131 ba\u015faran ilk iki tak\u0131m oldular.<\/p>\n<p>\u00c7aykara Kaymakam\u0131 Ali Sapmaz\u2019\u0131n himaye ve y\u00f6netimlerinde \u00c7aykara Belediye Ba\u015fkan\u0131 Hanefi Tok\u2019un destek ve katk\u0131lar\u0131 ile \u00c7aykara Gen\u00e7lik ve Spor \u0130l\u00e7e M\u00fcd\u00fcrl\u00fc\u011f\u00fcn\u00fcn organizasyonunda ger\u00e7ekle\u015ftirilen ve kar\u015f\u0131la\u015fmalar\u0131n \u00c7aykara \u0130l\u00e7e Stadyumunda oynand\u0131\u011f\u0131 \u00c7aykara Kaymakaml\u0131\u011f\u0131 Ali Kele\u015f Futbol Turnuvas\u0131nda Grup ma\u00e7lar\u0131 tamamland\u0131 ve bu ak\u015fam \u00c7eyrek Final heyecan\u0131 ba\u015flad\u0131<\/p>\n<figure><img decoding=\"async\" src=\"https:\/\/caykaragundem.com\/resimler\/2025-8\/5\/5591975452612.webp\"><\/figure>\n<p><strong>\u00c7aykara Kaymakam\u0131 Ali Sapmaz,\u00c7aykara Belediye Ba\u015fkan\u0131 Hanefi Tok,\u00c7aykar<\/strong><\/p>\n<p><strong>\u0130LK HEYECAN E\u011eR\u0130DERSPOR \u00c7AYKARA GEN\u00c7L\u0130K<\/strong><\/p>\n<p><strong>\u00c7eyrek Finalin ilk ma\u00e7\u0131nda E\u011friderespor ile \u00c7aykara Gen\u00e7lik Tak\u0131mlar\u0131 kar\u015f\u0131 kar\u015f\u0131ya geldi.<\/strong><\/p>\n<p><strong>\u00c7aykara Gen\u00e7lik Spor kar\u015f\u0131la\u015fmaya Necmi Kaan \u00c7\u00fcmen,Emre Y\u0131ld\u0131z,Yunus Emre Kofo\u011flu,\u0130rfan Mollamehmeto\u011flu,H\u00fcseyin Furkan Akhan,Hasan Semiz,Atilla Emre Kuzu,\u0130brahim Eren \u015eim\u015fek,Yavuz Selim Ko\u00e7ak,G\u00f6khan Kaygusuz,Faruk Zengin onbiri ile ba\u015flad\u0131.<\/strong><\/p>\n<figure><img decoding=\"async\" src=\"https:\/\/caykaragundem.com\/resimler\/2025-8\/5\/33113772469.webp\"><\/figure>\n<p><strong>\u00c7aykara \u0130l\u00e7esinin p\u0131rlanta gibi delikanl\u0131lar\u0131 azimleri ile m\u00fccadeleleri ile ve sahadaki duru\u015flar\u0131 ile b\u00fcy\u00fck bir alk\u0131\u015f\u0131 hak ederek veda ettiler Kaymakaml\u0131k Kupas\u0131na<\/strong><\/p>\n<p><strong>E\u011friderespor ise kar\u015f\u0131la\u015f\u015fmaya Hasan Pamuk,Engin Co\u015fkun,Fatih Co\u015fkun,Volkan Co\u015fkun,Enes Tok,O\u011fuzhan Tok,Fatih Kamilo\u011flu,Semih Bal,Fatih \u00c7atal,\u00d6mer Tun\u00e7 onbiri ile ba\u015flad\u0131.<\/strong><\/p>\n<p><strong>\u0130ki tak\u0131m\u0131n da muhte\u015fem bir oyun ortaya koydu\u011fu m\u00fcsabakada E\u011friderespor 2-0 \u00f6ne ge\u00e7meyi ba\u015fard\u0131.<\/strong><\/p>\n<figure><img decoding=\"async\" src=\"https:\/\/caykaragundem.com\/resimler\/2025-8\/5\/356281393325864.webp\"><\/figure>\n<p><strong>Turnuvada en fazla \u015eampiyon olan Tak\u0131m \u00dcnvanina sahip olan \u00a0Son Finalist E\u011friderespor \u0130\u00e7in Finale sadece 1 ad\u0131m kald\u0131<\/strong><\/p>\n<p><strong>\u00c7aykara Gen\u00e7lik Spor tak\u0131m\u0131 Yavuz Selim Ko\u00e7ak ile fark\u0131 bire indirse de beraberlik gol\u00fcn\u00fc bulamad\u0131 ve kar\u015f\u0131la\u015fma E\u011friderespor tak\u0131m\u0131n\u0131n 2-1\u2019lik \u00fcst\u00fcnl\u00fc\u011f\u00fc ile sona erdi.<\/strong><\/p>\n<p><strong>Bu sonu\u00e7 ile E\u011friderespor ilk Yar\u0131 Finalist olmay\u0131 ba\u015far\u0131rken \u00c7aykaraspor\u2019un gen\u00e7 ve dinamik delikanl\u0131lar\u0131 turnuvaya veda ettiler.<\/strong><\/p>\n<p><strong>UZUNG\u00d6L \u015eAH\u0130NKAYA MA\u00c7INDA NEFESLER TUTULDU<\/strong><\/p>\n<p><strong>Turnuvan\u0131n iki iddial\u0131 ekibi Uzung\u00f6lspor ve \u015eahinkayaspor Turnuvan\u0131n erken finali olarak nitelendirilen kar\u015f\u0131la\u015fmada kar\u015f\u0131 kar\u015f\u0131ya geldiler.<\/strong><\/p>\n<p><strong>Uzung\u00f6lspor kar\u015f\u0131la\u015fmaya Fatih \u0130lhan,Mehmet Ero\u011flu,Ahmet Aky\u00fcz,Salih Zeyrek,Ali \u0130hsan \u015eahin,Ya\u015far Onat,Ramazan Karaca,Ata Ahmet Tahan,Ahmet Ero\u011flu,\u0130smail Necati \u015een,Salih Zeki \u015eahin onbiri ile \u00e7\u0131kt\u0131<\/strong><\/p>\n<figure><img decoding=\"async\" src=\"https:\/\/caykaragundem.com\/resimler\/2025-8\/5\/905891426560453.webp\"><\/figure>\n<figure><\/figure>\n<p><strong>Turnuvan\u0131n g\u00fc\u00e7l\u00fc ve \u0130ddial\u0131 ekiplerinden \u015eahinkayaspor Yar\u0131 Final \u015eans\u0131n\u0131 sonuna kadar zorlad\u0131\u011f\u0131 kar\u015f\u0131la\u015fmada penalt\u0131 at\u0131\u015flar\u0131 sonucunda turnuvaya veda ederken m\u00fccadeleleri ve muhte\u015fem futbollar\u0131 ile ayakta alk\u0131\u015fland\u0131lar.<\/strong><\/p>\n<p><strong>\u015eahinkayaspor ise kar\u015f\u0131la\u015fmaya Turgay Ayan,R\u0131fk\u0131 Kama,Veysel \u00d6zda\u015f,Timur Kazanc\u0131,\u00d6mer Faruk Kazanc\u0131,\u0130brahim Ayal,Mehmet Akif Kazanc\u0131,\u0130smail Karatay,Mehmet Cemal \u00d6zer,Ali Yan\u0131k,Mustafa Uygun onbiri ile ba\u015flad\u0131.<\/strong><\/p>\n<figure><\/figure>\n<figure><img decoding=\"async\" src=\"https:\/\/caykaragundem.com\/resimler\/2025-8\/5\/71944488658479.webp\"><\/figure>\n<p><strong>Uzung\u00f6l&#8217;\u00fcn Gen\u00e7 ve Dinamik delikanl\u0131lar\u0131 Ali Kele\u015f isminin verildi\u011fi Turnuvada \u015eampiyonluk Kupas\u0131n\u0131 Uzung\u00f6l&#8217;e getirerek Ali Kele\u015f&#8217;in ailesine arma\u011fan etmek istiyor.<\/strong><\/p>\n<p><strong>\u00c7ok keyifli ve \u00e7eki\u015fmeli ge\u00e7en kar\u015f\u0131la\u015fman\u0131n hemen ba\u015f\u0131nda \u015eahinkayaspor Mehmet Akif Kazanc\u0131\u2019n\u0131n aya\u011f\u0131ndan buldu\u011fu gol ile 1-0 \u00f6ne ge\u00e7ti.\u0130lk yar\u0131n\u0131n son dakikalar\u0131nda ise Uzung\u00f6lspor Ya\u015far Onat\u2019\u0131n aya\u011f\u0131ndan kazand\u0131\u011f\u0131 penalt\u0131 gol\u00fc ile skora denge getirdi.<\/strong><\/p>\n<p><strong>Uzung\u00f6lspor kalecisi Fatih \u0130lhan sakatlan\u0131nca yerini yedek kaleci Ahmet Aky\u00fcz\u2019e b\u0131rakt\u0131.Ancak Ahmet Aky\u00fcz de k\u0131rm\u0131z\u0131 kart g\u00f6rerek oyun d\u0131\u015f\u0131nda kald\u0131.<\/strong><\/p>\n<p><strong>\u015eahinkayaspor Mehmet Cemal \u00d6zer ile buldu\u011fu gol ile bir kere daha \u00f6ne ge\u00e7meyi ba\u015fard\u0131.<\/strong><\/p>\n<p><strong>1 Ki\u015fi eksik oynayan Uzung\u00f6lspor bu gole Ramazan Karaca ile cevap vererek skora denge getirmeyi ba\u015fard\u0131.<\/strong><\/p>\n<p><strong>Kar\u015f\u0131la\u015fman\u0131n normal s\u00fcresi 2-2 sona erdi.<\/strong><\/p>\n<p><strong>Organizasyon Komitesi karar\u0131 ile direkt penalt\u0131 at\u0131\u015flar\u0131na gidildi.<\/strong><\/p>\n<p><strong>Heyecan f\u0131rt\u0131nas\u0131n\u0131n ya\u015fand\u0131\u011f\u0131 penalt\u0131 at\u0131\u015flar\u0131 4-4\u2019l\u00fck beraberlik ile sonu\u00e7land\u0131.<\/strong><\/p>\n<p><strong>Seri Penal\u015ft\u0131 at\u0131\u015flar\u0131 sonucunda rakibine 10-9 \u00fcst\u00fcnl\u00fck kurmay\u0131 ba\u015faran Uzung\u00f6lspor Yar\u0131 Final biletini almay\u0131 ba\u015faran ikinci tak\u0131m olmay\u0131 ba\u015fard\u0131<\/strong><\/p>\n<figure><\/figure>\n<figure><img decoding=\"async\" src=\"https:\/\/caykaragundem.com\/resimler\/2025-8\/5\/588501468927139.webp\"><\/figure>\n<p><strong>Ma\u00e7 sonunda Uzung\u00f6lspor&#8217;dan Soyunma Odas\u0131nda Galibiyet Pozu<\/strong><\/p>\n<p><strong>\u0130LK YARI F\u0130NAL E\u011eR\u0130DERE UZUNG\u00d6L<\/strong><\/p>\n<p><strong>D\u00fcn ak\u015fam oynanan ma\u00e7lar\u0131n ard\u0131ndan ilk yar\u0131 fi\u015fnal ma\u00e7\u0131 belli oldu.<\/strong><\/p>\n<p><strong>E\u011friderespor ve Uzung\u00f6lspor 8 A\u011fustos 2025 Cuma G\u00fcn\u00fc saat 19.00\u2019da Final Bileti i\u00e7in kar\u015f\u0131 kar\u015f\u0131ya gelecekler.<\/strong><\/p>\n<p><strong>\u00c7EYREK F\u0130NAL MA\u00c7 PROGRAMI<\/strong><\/p>\n<figure>\n<table readabilityDataTable=\"1\">\n<tbody>\n<tr>\n<td>\n<p>TAKIM<\/p>\n<\/td>\n<td>\n<p>TAKIM<\/p>\n<\/td>\n<td>\n<p>TAR\u0130H<\/p>\n<\/td>\n<td>\n<p>SAAT<\/p>\n<\/td>\n<\/tr>\n<tr>\n<td>\n<p>E\u011eR\u0130DERSPOR<\/p>\n<\/td>\n<td>\n<p>\u00c7AYKARA GEN\u00c7L\u0130K<\/p>\n<\/td>\n<td>\n<p>2<\/p>\n<\/td>\n<td>\n<p>1<\/p>\n<\/td>\n<\/tr>\n<tr>\n<td>\n<p>UZUNG\u00d6LSPOR<\/p>\n<\/td>\n<td>\n<p>\u015eAH\u0130NKAYASPOR<\/p>\n<\/td>\n<td>\n<p>12<\/p>\n<\/td>\n<td>\n<p>11(Penalt\u0131lar Sonunda)<\/p>\n<\/td>\n<\/tr>\n<tr>\n<td>\n<p>ANT\u0130KORSPOR<\/p>\n<\/td>\n<td>\n<p>\u0130SPENDAMSPOR<\/p>\n<\/td>\n<td>\n<p>05.08.2025-SALI<\/p>\n<\/td>\n<td>\n<p>19.00<\/p>\n<\/td>\n<\/tr>\n<tr>\n<td>\n<p>YE\u015e\u0130LALANSPOR<\/p>\n<\/td>\n<td>\n<p>JANDARMASPOR<\/p>\n<\/td>\n<td>\n<p>05.08.2025-SALI<\/p>\n<\/td>\n<td>\n<p>20.30<\/p>\n<\/td>\n<\/tr>\n<\/tbody>\n<\/table>\n<\/figure>\n<p><strong>YARI F\u0130NAL MA\u00c7 PROGRAMI<\/strong><\/p>\n<figure>\n<table readabilityDataTable=\"1\">\n<tbody>\n<tr>\n<td>\n<p>TAKIM<\/p>\n<\/td>\n<td>\n<p>TAKIM<\/p>\n<\/td>\n<td>\n<p>TAR\u0130H<\/p>\n<\/td>\n<td>\n<p>SAAT<\/p>\n<\/td>\n<\/tr>\n<tr>\n<td>\n<p>E\u011eR\u0130DERESPOR<\/p>\n<\/td>\n<td>\n<p>UZUNG\u00d6LSPOR<\/p>\n<\/td>\n<td>\n<p>08.08.2025-CUMA<\/p>\n<\/td>\n<td>\n<p>19.00<\/p>\n<\/td>\n<\/tr>\n<tr>\n<td>\n<p>ANT\u0130KORSPOR \u0130SPENDAMSPOR KAR\u015eILA\u015eMASININ GAL\u0130B\u0130<\/p>\n<\/td>\n<td>\n<p>YE\u015e\u0130LALANSPOR JANDARMASPOR KAR\u015eILA\u015eMASININ GAL\u0130B\u0130<\/p>\n<\/td>\n<td>\n<p>08.08.2025-CUMA<\/p>\n<\/td>\n<td>\n<p>20.30<\/p>\n<\/td>\n<\/tr>\n<\/tbody>\n<\/table>\n<\/figure>\n<p><strong>F\u0130NAL MA\u00c7I 12 A\u011eUSTOS 2025 SALI\u00a0 AK\u015eAMI SAAT 20.00\u2019DA<\/strong><\/p>\n<p><strong>Turnuvan\u0131n final M\u00fcsabakas\u0131 12 A\u011fustos 2025 Sal\u0131\u00a0 G\u00fcn\u00fc Saat 20.00\u2019da \u00c7aykara \u0130l\u00e7e Stadyumunda oynanacak.Ayn\u0131 g\u00fcn saat 19.00\u2019da \u00dc\u00e7\u00fcnc\u00fcl\u00fck ma\u00e7\u0131 oynanacak.<\/strong><\/p>\n<p>          <\/div>\n","protected":false},"excerpt":{"rendered":"<p>\u00c7aykara Kaymakaml\u0131\u011f\u0131 Ali Kele\u015f Futbol Turnuvas\u0131nda E\u011friderespor ve Uzung\u00f6lspor \u00a0Tak\u0131mlar\u0131 Yar\u0131 Final bileti almay\u0131 ba\u015faran ilk iki tak\u0131m oldular. \u00c7aykara Kaymakam\u0131 Ali Sapmaz\u2019\u0131n himaye ve y\u00f6netimlerinde \u00c7aykara Belediye Ba\u015fkan\u0131 Hanefi Tok\u2019un destek ve katk\u0131lar\u0131 ile \u00c7aykara Gen\u00e7lik ve Spor \u0130l\u00e7e M\u00fcd\u00fcrl\u00fc\u011f\u00fcn\u00fcn organizasyonunda ger\u00e7ekle\u015ftirilen ve kar\u015f\u0131la\u015fmalar\u0131n \u00c7aykara \u0130l\u00e7e Stadyumunda oynand\u0131\u011f\u0131 \u00c7aykara Kaymakaml\u0131\u011f\u0131 Ali Kele\u015f Futbol Turnuvas\u0131nda [&hellip;]<\/p>\n","protected":false},"author":1,"featured_media":4837,"comment_status":"open","ping_status":"open","sticky":false,"template":"","format":"standard","meta":{"tdm_status":"","tdm_grid_status":"","footnotes":""},"categories":[40],"tags":[],"class_list":{"0":"post-4836","1":"post","2":"type-post","3":"status-publish","4":"format-standard","5":"has-post-thumbnail","7":"category-caykara"},"_links":{"self":[{"href":"https:\/\/zeleka.com\/index.php?rest_route=\/wp\/v2\/posts\/4836","targetHints":{"allow":["GET"]}}],"collection":[{"href":"https:\/\/zeleka.com\/index.php?rest_route=\/wp\/v2\/posts"}],"about":[{"href":"https:\/\/zeleka.com\/index.php?rest_route=\/wp\/v2\/types\/post"}],"author":[{"embeddable":true,"href":"https:\/\/zeleka.com\/index.php?rest_route=\/wp\/v2\/users\/1"}],"replies":[{"embeddable":true,"href":"https:\/\/zeleka.com\/index.php?rest_route=%2Fwp%2Fv2%2Fcomments&post=4836"}],"version-history":[{"count":0,"href":"https:\/\/zeleka.com\/index.php?rest_route=\/wp\/v2\/posts\/4836\/revisions"}],"wp:featuredmedia":[{"embeddable":true,"href":"https:\/\/zeleka.com\/index.php?rest_route=\/wp\/v2\/media\/4837"}],"wp:attachment":[{"href":"https:\/\/zeleka.com\/index.php?rest_route=%2Fwp%2Fv2%2Fmedia&parent=4836"}],"wp:term":[{"taxonomy":"category","embeddable":true,"href":"https:\/\/zeleka.com\/index.php?rest_route=%2Fwp%2Fv2%2Fcategories&post=4836"},{"taxonomy":"post_tag","embeddable":true,"href":"https:\/\/zeleka.com\/index.php?rest_route=%2Fwp%2Fv2%2Ftags&post=4836"}],"curies":[{"name":"wp","href":"https:\/\/api.w.org\/{rel}","templated":true}]}}