{"id":4834,"date":"2025-08-05T19:30:26","date_gmt":"2025-08-05T16:30:26","guid":{"rendered":"https:\/\/zeleka.com\/?p=4834"},"modified":"2025-08-05T19:30:26","modified_gmt":"2025-08-05T16:30:26","slug":"caykara-kaymakamligi-ali-keles-futbol-turnuvasinda-ceyrek-final-heyecani-bu-aksam-tamamlanacak-ve-yari-fi-nal-biletini-alacak-olan-son-iki-takim-belli-olacak-caykar-caykara","status":"publish","type":"post","link":"https:\/\/zeleka.com\/?p=4834","title":{"rendered":"<div id=\"detaymetin\">                            <p>\u00c7aykara Kaymakaml\u0131\u011f\u0131 Ali Kele\u015f Futbol Turnuvas\u0131nda \u00c7eyrek Final heyecan\u0131 bu ak\u015fam tamamlanacak ve Yar\u0131 Fi nal biletini alacak olan son iki tak\u0131m belli olacak.<\/p><p>\u00c7aykar \u00c7aykara Kaymakam\u0131"},"content":{"rendered":"<div id=\"detaymetin\">\n<p>\u00c7aykara Kaymakaml\u0131\u011f\u0131 Ali Kele\u015f Futbol Turnuvas\u0131nda \u00c7eyrek Final heyecan\u0131 bu ak\u015fam tamamlanacak ve Yar\u0131 Fi nal biletini alacak olan son iki tak\u0131m belli olacak.<\/p>\n<p>\u00c7aykar \u00c7aykara Kaymakam\u0131 Ali Sapmaz\u2019\u0131n himaye ve y\u00f6netimlerinde \u00c7aykara Belediye Ba\u015fkan\u0131 Hanefi Tok\u2019un destek ve katk\u0131lar\u0131 ile \u00c7aykara Gen\u00e7lik ve Spor \u0130l\u00e7e M\u00fcd\u00fcrl\u00fc\u011f\u00fcn\u00fcn organizasyonunda ger\u00e7ekle\u015ftirilen ve kar\u015f\u0131la\u015fmalar\u0131n \u00c7aykara \u0130l\u00e7e Stadyumunda oynand\u0131\u011f\u0131 \u00c7aykara Kaymakaml\u0131\u011f\u0131 Ali Kele\u015f Futbol Turnuvas\u0131nda Grup ma\u00e7lar\u0131 tamamland\u0131 \u00c7eyrek Final heyecan\u0131 ba\u015flad\u0131.<\/p>\n<figure><img decoding=\"async\" src=\"https:\/\/caykaragundem.com\/resimler\/2025-8\/5\/698041021794683.webp\"><\/figure>\n<p><strong>\u00c7aykara Kaymakaml\u0131\u011f\u0131 Ali, Kele\u015f Futbol Turnuvas\u0131na \u00c7aykara Protokol\u00fc yo\u011fun bir ilgi g\u00f6steriyor.\u00c7aykara Kaymakam\u0131 Ali Sapmaz,\u00c7aykara Belediye Ba\u015fkan\u0131 Hanefi Tok,\u00c7aykara \u0130l\u00e7e Jandarma Komutan\u0131 \u00dcste\u011fmen Emre Can Narin,\u00c7aykara \u0130l\u00e7e Emniyet Amiri Komiser Alparslan Albayrak,\u00c7aykara Gen\u00e7lik ve Spor \u0130l\u00e7e M\u00fcd\u00fcr\u00fc Ersin Yavuz Birkan,\u00c7aykara \u0130l\u00e7e Tar\u0131m M\u00fcd\u00fcr\u00fc Ersin Yavuz Birkan ve \u00c7aykara Kaymakaml\u0131\u011f\u0131 Yaz\u0131 \u0130\u015fleri M\u00fcd\u00fcr\u00fc Resul Semiz turnuvan\u0131n ba\u015f\u0131ndan bu yana her ak\u015fam stadyuma gelerek ve t\u00fcm kar\u015f\u0131la\u015fmalar\u0131 izleyerek \u00c7aykara Gen\u00e7li\u011finin heyecanlar\u0131na ortak oluyorlar.<\/strong><\/p>\n<p>D\u00fcn ak\u015fam Oynanan ilk \u00c7eyrek Final ma\u00e7\u0131nda E\u011friderespor,\u00c7aykara Gen\u00e7lik tak\u0131m\u0131n\u0131 2-1 yenerek Yar\u0131 Finale \u00e7\u0131kmay\u0131 ba\u015faran ilk tak\u0131m olmu\u015ftu.<\/p>\n<p>Gecenin ikinci \u00e7eyrek Final ma\u00e7\u0131nda ise tam bir heyecan f\u0131rt\u0131nas\u0131 ya\u015fanm\u0131\u015ft\u0131.<\/p>\n<p>\u015eahinkaya ve Uzung\u00f6lspor\u2019un kar\u015f\u0131 kar\u015f\u0131ya geldi\u011fi ma\u00e7\u0131n normal s\u00fcresi 2-2 berabere sona ermi\u015f,kar\u015f\u0131la\u015fma penalt\u0131 at\u0131\u015flar\u0131na kalm\u0131\u015ft\u0131.<\/p>\n<p>Uzun s\u00fcre haf\u0131zalardan silinmeyecek ma\u00e7ta seri penalt\u0131 at\u0131\u015flar\u0131nda rakibine 10-9 \u00fcst\u00fcnl\u00fck sa\u011flamay\u0131 ba\u015faran Uzung\u00f6lspor Yar\u0131 Finale y\u00fckselmeyi ba\u015faran ikinci tak\u0131m olmay\u0131 ba\u015farm\u0131\u015ft\u0131.<\/p>\n<p>\u00c7EYREK F\u0130NAL HEYECANI BU AK\u015eAM DEBVAM EDECEK<\/p>\n<p>Turnuvada \u00c7eyrek Final Heyecan\u0131 bu ak\u015fam oynanacak iki kar\u015f\u0131la\u015fma ile sona erecek.<\/p>\n<p><strong>ANT\u0130KOR \u0130SPENDAM MA\u00c7I 19.00\u2019DA<\/strong><\/p>\n<p>Yar\u0131 Finale \u00e7\u0131kma yolunda gecenin ilk ma\u00e7\u0131 Antikorspor ile \u0130spendarspor aras\u0131nda ya\u015fanacak.<\/p>\n<p>Grup ma\u00e7lar\u0131 sonunda C Grubunu Lider tamamlamay\u0131 ba\u015faran Antikorspor bu ak\u015fam Yar\u0131 Final i\u00e7in sahaya \u00e7\u0131kmaya haz\u0131rlan\u0131yor.<\/p>\n<figure><img decoding=\"async\" src=\"https:\/\/caykaragundem.com\/resimler\/2025-8\/5\/654841301642956.webp\"><\/figure>\n<p><strong>\u00c7aykara Mehmet \u0130lhan Durgun Devlet Hastanesi Ba\u015fhekimi Dr Ahmet Peker y\u00f6netiminde Sa\u011fl\u0131k \u00c7al\u0131\u015fanlar\u0131ndan olu\u015fan Antikorspor Turnuvan\u0131n en iti futbol oynayan tak\u0131mlar\u0131 aras\u0131nda g\u00f6steriliyor.<\/strong><\/p>\n<p>A Grubunu E\u011friderspor\u2019un ard\u0131ndan \u0130kinci tamamlayan \u0130spendamspor ise bu ak\u015fam kazanarak belki de turnuvan\u0131n s\u00fcrprizini ger\u00e7ekle\u015ftirmek istiyor.<\/p>\n<figure><img decoding=\"async\" src=\"https:\/\/caykaragundem.com\/resimler\/2025-8\/5\/9436403795072.webp\"><\/figure>\n<p><strong>\u00c7aykara \u0130l\u00e7esinin Gen\u00e7 Delikanl\u0131lar\u0131ndan olu\u015fan \u0130spendamspor Turnuvan\u0131n renkli tak\u0131mlar\u0131 aras\u0131nda g\u00f6steriliyor.<\/strong><\/p>\n<p>Antikorspor \u0130spendamspor kar\u015f\u0131la\u015fmas\u0131 bu ak\u015fam saat 19.00\u2019da ba\u015flayacak.<\/p>\n<p>T\u00fcm \u00c7aykara Halk\u0131n\u0131 bu heyecan f\u0131rt\u0131nas\u0131 dolu kar\u015f\u0131la\u015fmaya bekliyoruz.<\/p>\n<p><strong>YE\u015e\u0130LALANSPOR JANDARMA NEFES KESECEK<\/strong><\/p>\n<p>Turnuvada son \u00e7eyrek final ma\u00e7\u0131nda Ye\u015filalanspor ile Jandarmaspor kar\u015f\u0131 kar\u015f\u0131ya gelecek.<\/p>\n<p>D Grubunu gol averaj\u0131 ile \u015eahinkayaspor\u2019un \u00f6n\u00fcnde lider bitirmeyi ba\u015faran Ye\u015filalanspor\u2019un gen\u00e7 delikanl\u0131lar\u0131 bu ak\u015fam yeni bir hikaye daha yazmak istiyor.<\/p>\n<figure><img decoding=\"async\" src=\"https:\/\/caykaragundem.com\/resimler\/2025-8\/5\/651671509603408.webp\"><\/figure>\n<p><strong>Oynad\u0131klar\u0131 muyhte\u015fem futbol ile herkesin b\u00fcy\u00fck be\u011fenisini kazanan Ye\u015filalanspor\u2019un bu ak\u015fam Jandarmaspor kar\u015f\u0131s\u0131ndaki performans\u0131 merakla bekleniyor.<\/strong><\/p>\n<p>B Grubunda Uzung\u00f6lspor\u2019un ard\u0131ndan ikinci \u00e7eyrek Final biletini almnay\u0131 ba\u015faran Jandarmaspor m\u00fccadelesini ve g\u00fczel furbolunu yar\u0131 final bileti ile ta\u00e7land\u0131rmak istiyor.<\/p>\n<figure><img decoding=\"async\" src=\"https:\/\/caykaragundem.com\/resimler\/2025-8\/5\/95157222446049.webp\"><\/figure>\n<p><strong>Grup ma\u00e7lar\u0131ndaki muhte\u015fem futbolunun yan\u0131 s\u0131ra duru\u015flar\u0131,beyefendilikleri ve rakiplerine olan sayg\u0131lar\u0131 ile herkesin takdirini kazanmay\u0131 ba\u015faran Jandarmaspor bu ak\u015fam Yar\u0131 Final bileti i\u00e7in sahada olacak.<\/strong><\/p>\n<p>Bu heyecan dolu kar\u015f\u0131la\u015fmada t\u00fcm sporseverleri \u00c7aykara \u0130l\u00e7e Stadyumuna davet ediyoruz.<\/p>\n<p><strong>\u00c7EYREK F\u0130NAL MA\u00c7 PROGRAMI<\/strong><\/p>\n<figure>\n<table readabilityDataTable=\"1\">\n<tbody>\n<tr>\n<td>\n<p>TAKIM<\/p>\n<\/td>\n<td>\n<p>TAKIM<\/p>\n<\/td>\n<td>\n<p>TAR\u0130H<\/p>\n<\/td>\n<td>\n<p>SAAT<\/p>\n<\/td>\n<\/tr>\n<tr>\n<td>\n<p>E\u011eR\u0130DERSPOR<\/p>\n<\/td>\n<td>\n<p>\u00c7AYKARA GEN\u00c7L\u0130K<\/p>\n<\/td>\n<td>\n<p>2<\/p>\n<\/td>\n<td>\n<p>1<\/p>\n<\/td>\n<\/tr>\n<tr>\n<td>\n<p>UZUNG\u00d6LSPOR<\/p>\n<\/td>\n<td>\n<p>\u015eAH\u0130NKAYASPOR<\/p>\n<\/td>\n<td>\n<p>12<\/p>\n<\/td>\n<td>\n<p>11(Penalt\u0131lar Sonunda)<\/p>\n<\/td>\n<\/tr>\n<tr>\n<td>\n<p>ANT\u0130KORSPOR<\/p>\n<\/td>\n<td>\n<p>\u0130SPENDAMSPOR<\/p>\n<\/td>\n<td>\n<p>05.08.2025-SALI<\/p>\n<\/td>\n<td>\n<p>19.00<\/p>\n<\/td>\n<\/tr>\n<tr>\n<td>\n<p>YE\u015e\u0130LALANSPOR<\/p>\n<\/td>\n<td>\n<p>JANDARMASPOR<\/p>\n<\/td>\n<td>\n<p>05.08.2025-SALI<\/p>\n<\/td>\n<td>\n<p>20.30<\/p>\n<\/td>\n<\/tr>\n<\/tbody>\n<\/table>\n<\/figure>\n<p><strong>YARI F\u0130NAL MA\u00c7 PROGRAMI<\/strong><\/p>\n<figure>\n<table readabilityDataTable=\"1\">\n<tbody>\n<tr>\n<td>\n<p>TAKIM<\/p>\n<\/td>\n<td>\n<p>TAKIM<\/p>\n<\/td>\n<td>\n<p>TAR\u0130H<\/p>\n<\/td>\n<td>\n<p>SAAT<\/p>\n<\/td>\n<\/tr>\n<tr>\n<td>\n<p>E\u011eR\u0130DERESPOR\u00a0 \u00a0\u00c7AYKARA GEN\u00c7L\u0130K KAR\u015eILA\u015eMASININ GAL\u0130B\u0130<\/p>\n<\/td>\n<td>\n<p>UZUNG\u00d6LSPOR \u015eAH\u0130NKAYASPOR MA\u00c7ININ GAL\u0130B\u0130<\/p>\n<\/td>\n<td>\n<p>08.08.2025-CUMA<\/p>\n<\/td>\n<td>\n<p>19.00<\/p>\n<\/td>\n<\/tr>\n<tr>\n<td>\n<p>ANT\u0130KORSPOR \u0130SPENDAMSPOR KAR\u015eILA\u015eMASININ GAL\u0130B\u0130<\/p>\n<\/td>\n<td>\n<p>YE\u015e\u0130LALANSPOR JANDARMASPOR KAR\u015eILA\u015eMASININ GAL\u0130B\u0130<\/p>\n<\/td>\n<td>\n<p>08.08.2025-CUMA<\/p>\n<\/td>\n<td>\n<p>20.30<\/p>\n<\/td>\n<\/tr>\n<\/tbody>\n<\/table>\n<\/figure>\n<p>F\u0130NAL MA\u00c7I 12 A\u011eUSTOS 2025 SALI\u00a0 AK\u015eAMI SAAT 20.00\u2019DA<\/p>\n<p>Turnuvan\u0131n final M\u00fcsabakas\u0131 12 A\u011fustos 2025 Sal\u0131\u00a0 G\u00fcn\u00fc Saat 20.00\u2019da \u00c7aykara \u0130l\u00e7e Stadyumunda oynanacak.Ayn\u0131 g\u00fcn saat 19.00\u2019da \u00dc\u00e7\u00fcnc\u00fcl\u00fck ma\u00e7\u0131 oynanacak.<\/p>\n<p>          <\/div>\n","protected":false},"excerpt":{"rendered":"<p>\u00c7aykara Kaymakaml\u0131\u011f\u0131 Ali Kele\u015f Futbol Turnuvas\u0131nda \u00c7eyrek Final heyecan\u0131 bu ak\u015fam tamamlanacak ve Yar\u0131 Fi nal biletini alacak olan son iki tak\u0131m belli olacak. \u00c7aykar \u00c7aykara Kaymakam\u0131 Ali Sapmaz\u2019\u0131n himaye ve y\u00f6netimlerinde \u00c7aykara Belediye Ba\u015fkan\u0131 Hanefi Tok\u2019un destek ve katk\u0131lar\u0131 ile \u00c7aykara Gen\u00e7lik ve Spor \u0130l\u00e7e M\u00fcd\u00fcrl\u00fc\u011f\u00fcn\u00fcn organizasyonunda ger\u00e7ekle\u015ftirilen ve kar\u015f\u0131la\u015fmalar\u0131n \u00c7aykara \u0130l\u00e7e Stadyumunda oynand\u0131\u011f\u0131 [&hellip;]<\/p>\n","protected":false},"author":1,"featured_media":4835,"comment_status":"open","ping_status":"open","sticky":false,"template":"","format":"standard","meta":{"tdm_status":"","tdm_grid_status":"","footnotes":""},"categories":[40],"tags":[],"class_list":{"0":"post-4834","1":"post","2":"type-post","3":"status-publish","4":"format-standard","5":"has-post-thumbnail","7":"category-caykara"},"_links":{"self":[{"href":"https:\/\/zeleka.com\/index.php?rest_route=\/wp\/v2\/posts\/4834","targetHints":{"allow":["GET"]}}],"collection":[{"href":"https:\/\/zeleka.com\/index.php?rest_route=\/wp\/v2\/posts"}],"about":[{"href":"https:\/\/zeleka.com\/index.php?rest_route=\/wp\/v2\/types\/post"}],"author":[{"embeddable":true,"href":"https:\/\/zeleka.com\/index.php?rest_route=\/wp\/v2\/users\/1"}],"replies":[{"embeddable":true,"href":"https:\/\/zeleka.com\/index.php?rest_route=%2Fwp%2Fv2%2Fcomments&post=4834"}],"version-history":[{"count":0,"href":"https:\/\/zeleka.com\/index.php?rest_route=\/wp\/v2\/posts\/4834\/revisions"}],"wp:featuredmedia":[{"embeddable":true,"href":"https:\/\/zeleka.com\/index.php?rest_route=\/wp\/v2\/media\/4835"}],"wp:attachment":[{"href":"https:\/\/zeleka.com\/index.php?rest_route=%2Fwp%2Fv2%2Fmedia&parent=4834"}],"wp:term":[{"taxonomy":"category","embeddable":true,"href":"https:\/\/zeleka.com\/index.php?rest_route=%2Fwp%2Fv2%2Fcategories&post=4834"},{"taxonomy":"post_tag","embeddable":true,"href":"https:\/\/zeleka.com\/index.php?rest_route=%2Fwp%2Fv2%2Ftags&post=4834"}],"curies":[{"name":"wp","href":"https:\/\/api.w.org\/{rel}","templated":true}]}}