{"id":4832,"date":"2025-08-04T19:29:10","date_gmt":"2025-08-04T16:29:10","guid":{"rendered":"https:\/\/zeleka.com\/?p=4832"},"modified":"2025-08-04T19:29:10","modified_gmt":"2025-08-04T16:29:10","slug":"trabzonun-caykara-ilcesinde-geleneksel-kurtdagi-yayla-senligi-3-agustos-2025-pazar-gunu-gerceklestirildi-2003-yilindan-bu-yana-her-yil-geleneksel-olarak-duzen","status":"publish","type":"post","link":"https:\/\/zeleka.com\/?p=4832","title":{"rendered":"<div id=\"detaymetin\">                            <p><span>Trabzon\u2019un \u00c7aykara \u0130l\u00e7esinde Geleneksel Kurtda\u011f\u0131 Yayla \u015eenli\u011fi 3 A\u011fustos 2025 Pazar g\u00fcn\u00fc ger\u00e7ekle\u015ftirildi.<\/span><\/p><p><span>2003 Y\u0131l\u0131ndan bu yana her y\u0131l Geleneksel olarak d\u00fczen"},"content":{"rendered":"<div id=\"detaymetin\">\n<p><span>Trabzon\u2019un \u00c7aykara \u0130l\u00e7esinde Geleneksel Kurtda\u011f\u0131 Yayla \u015eenli\u011fi 3 A\u011fustos 2025 Pazar g\u00fcn\u00fc ger\u00e7ekle\u015ftirildi.<\/span><\/p>\n<p><span>2003 Y\u0131l\u0131ndan bu yana her y\u0131l Geleneksel olarak d\u00fczenlenen ve \u00c7aykara \u0130l\u00e7esinin en eski \u015fenliklerinden bir tanesi olan Kurtda\u011f\u0131 Yayla \u015eenlikleri 3 A\u011fustos 2025 Pazar g\u00fcn\u00fc ger\u00e7ekle\u015ftirildi.<\/span><\/p>\n<figure><img decoding=\"async\" src=\"https:\/\/caykaragundem.com\/resimler\/2025-8\/3\/543531034675876.webp\"><\/figure>\n<p><span>Kurtda\u011f\u0131 Yayla \u015eenlikleri K\u00fclt\u00fcr ve Dayan\u0131\u015fma Derne\u011fi taraf\u0131ndan organize edilen,Ye\u015filalan Muhtar\u0131 \u0130lyas Lemahmuto\u011flu\u2019nun organizasyonu \u00a0ve 10 Mahallenin ortak kat\u0131l\u0131mlar\u0131 ile ger\u00e7ekle\u015ftirilen \u00c7aykara \u0130l\u00e7esinin en eski \u015fenliklerinden olan Kurtda\u011f\u0131 Yayla \u015eenliklerinin her y\u0131l oldu\u011fu gibi bu y\u0131l da \u00e7ok yo\u011fun bir kat\u0131l\u0131m ile ger\u00e7ekle\u015fti.<\/span><\/p>\n<p><span>Profesyonel Sunucu Fatma Hasano\u011flu taraf\u0131ndan sunumu ger\u00e7ekle\u015ftirilen \u015fenlik her zamanki gibi yine muhte\u015fem bir sunum ile \u00c7aykara Halk\u0131 ile bulu\u015ftu.<\/span><\/p>\n<figure><img decoding=\"async\" src=\"https:\/\/caykaragundem.com\/resimler\/2025-8\/3\/76586185207970.webp\"><\/figure>\n<p><span>Yo\u011fun bir kat\u0131l\u0131m ile ger\u00e7ekle\u015ftirilen \u015eenli\u011fe \u00c7aykara Kaymakam\u0131 Ali Sapmaz,\u00c7aykara Belediye Ba\u015fkan\u0131 Hanefi Tok ve \u00c7aykara ve \u00e7evre il\u00e7elerden binlerce vatanda\u015f kat\u0131l\u0131m sa\u011flad\u0131.<\/span><\/p>\n<p><span>Y\u0131l boyu \u00c7aykara d\u0131\u015f\u0131nda ya\u015fayan ve birbirlerini g\u00f6remeyen vatanda\u015flar \u015fenlik arac\u0131l\u0131\u011f\u0131 ile hem arkada\u015flar\u0131 ile hasret giderdiler hem de g\u00f6n\u00fcllerince e\u011flendiler.<\/span><\/p>\n<p><span>\u00c7aykara Kaymakam\u0131 Ali Sapmaz,\u00c7aykara Belediye Ba\u015fkan\u0131 Hanefi Tok ve \u015eenlik Organizat\u00f6r\u00fc Ulucami Mahallesi Muhtar\u0131 \u0130lyas Lemahmuto\u011flu ger\u00e7ekle\u015ftirilen \u015fenlikte birer selamlama konu\u015fmas\u0131 ger\u00e7ekle\u015ftirdiler.<\/span><\/p>\n<figure><img decoding=\"async\" src=\"https:\/\/caykaragundem.com\/resimler\/2025-8\/3\/94802328658185.webp\"><\/figure>\n<p><span>Kurtda\u011f\u0131 Yayla \u015eenlikleri K\u00fclt\u00fcr ve Dayan\u0131\u015fma Derne\u011fi Ba\u015fkan\u0131 Ye\u015filalan mahallesi muhtar\u0131 \u0130lyas Lemahmuto\u011flu gazetemize yapt\u0131\u011f\u0131 a\u00e7\u0131klamada \u015fu ifadelere yer verdi.:<\/span><\/p>\n<p><span>\u201c2003 y\u0131l\u0131ndan itibaren ger\u00e7ekle\u015ftirilen Kurtda\u011f\u0131 Yayla \u015eenlikleri bu y\u0131l 03 A\u011fustos Pazar g\u00fcn\u00fc yap\u0131ld\u0131.\u0130l\u00e7emizin \u00f6nemli \u015fenliklerinden olan ve 10 k\u00f6y\u00fcn kat\u0131l\u0131m\u0131 ile ger\u00e7ekle\u015ftirilen Kurtda\u011f\u0131 \u015fenliklerine vatanda\u015flar\u0131m\u0131z\u0131n,hem\u015ferilerimizin g\u00f6stermi\u015f oldu\u011fu yo\u011fun ilgi ve alaka bizleri fazlas\u0131 ile memnun etmi\u015ftir.. Ulusal ve Y\u00f6resel sanat\u00e7\u0131lar\u0131m\u0131z\u0131n sahne ald\u0131\u011f\u0131 \u015fenlikte \u00a0Karadeniz M\u00fczi\u011finin \u00f6nemli seslerini \u00c7aykara Halk\u0131m\u0131z ile bulu\u015fturman\u0131n mutlulu\u011funu ya\u015fad\u0131k. Birlik beraberlik dostluk ve kayna\u015fman\u0131n \u00f6ne \u00e7\u0131kt\u0131\u011f\u0131 \u015fenlikte halk\u0131m\u0131z\u0131, insanlar\u0131m\u0131z\u0131n kayna\u015fmalar\u0131n\u0131 ve birbbirleri ile kucakla\u015fmalar\u0131n\u0131 g\u00f6rmek bizleri fazlas\u0131 ile mutlu etmi\u015ftir.<\/span><\/p>\n<figure><img decoding=\"async\" src=\"https:\/\/caykaragundem.com\/resimler\/2025-8\/3\/50621680316727.webp\"><\/figure>\n<p><span>Geleneksel Kurtda\u011f\u0131 Yayla \u015eenliklerinde Karadeniz M\u00fczi\u011finin birbirinden de\u011ferli ismi sahne alarak \u015fenli\u011fe kat\u0131l\u0131m sa\u011flayan binlerce vatanda\u015f\u0131n saatlerve ve g\u00f6n\u00fcllerince e\u011flenmelerini sa\u011flad\u0131lar.<\/span><\/p>\n<p><span>\u015eenli\u011fe kat\u0131l\u0131m sa\u011flayan Sanat\u00e7\u0131lar \u015fu \u015fekilde;<\/span><\/p>\n<p><span>1-Kerim Ayd\u0131n<\/span><\/p>\n<p><span>2-Yakup Atalay<\/span><\/p>\n<p><span>3-Cemal Kaygusuz<\/span><\/p>\n<p><span>4-Furkan Kama<\/span><\/p>\n<p><span>5-Orhan Sayg\u0131n<\/span><\/p>\n<p><span>6-Serhat Y\u0131ld\u0131r\u0131m<\/span><\/p>\n<p><span>7-Mustafa Turgut<\/span><\/p>\n<p><span>8-G\u00f6khan Tabano\u011flu<\/span><\/p>\n<p><span>9-Mustafa Kara<\/span><\/p>\n<p><span>10-G\u00f6khan Ayd\u0131n<\/span><\/p>\n<p><span>11-Turan Kanbero\u011flu (Kemen\u00e7e)<\/span><\/p>\n<p><span>12-Furkan Y\u0131lmaz (Klavye)<\/span><\/p>\n<p><span>13-Fatma Hasano\u011flu (Sunucu)<\/span><\/p>\n<p>          <\/div>\n","protected":false},"excerpt":{"rendered":"<p>Trabzon\u2019un \u00c7aykara \u0130l\u00e7esinde Geleneksel Kurtda\u011f\u0131 Yayla \u015eenli\u011fi 3 A\u011fustos 2025 Pazar g\u00fcn\u00fc ger\u00e7ekle\u015ftirildi. 2003 Y\u0131l\u0131ndan bu yana her y\u0131l Geleneksel olarak d\u00fczenlenen ve \u00c7aykara \u0130l\u00e7esinin en eski \u015fenliklerinden bir tanesi olan Kurtda\u011f\u0131 Yayla \u015eenlikleri 3 A\u011fustos 2025 Pazar g\u00fcn\u00fc ger\u00e7ekle\u015ftirildi. Kurtda\u011f\u0131 Yayla \u015eenlikleri K\u00fclt\u00fcr ve Dayan\u0131\u015fma Derne\u011fi taraf\u0131ndan organize edilen,Ye\u015filalan Muhtar\u0131 \u0130lyas Lemahmuto\u011flu\u2019nun organizasyonu \u00a0ve [&hellip;]<\/p>\n","protected":false},"author":1,"featured_media":4833,"comment_status":"open","ping_status":"open","sticky":false,"template":"","format":"standard","meta":{"tdm_status":"","tdm_grid_status":"","footnotes":""},"categories":[40],"tags":[],"class_list":{"0":"post-4832","1":"post","2":"type-post","3":"status-publish","4":"format-standard","5":"has-post-thumbnail","7":"category-caykara"},"_links":{"self":[{"href":"https:\/\/zeleka.com\/index.php?rest_route=\/wp\/v2\/posts\/4832","targetHints":{"allow":["GET"]}}],"collection":[{"href":"https:\/\/zeleka.com\/index.php?rest_route=\/wp\/v2\/posts"}],"about":[{"href":"https:\/\/zeleka.com\/index.php?rest_route=\/wp\/v2\/types\/post"}],"author":[{"embeddable":true,"href":"https:\/\/zeleka.com\/index.php?rest_route=\/wp\/v2\/users\/1"}],"replies":[{"embeddable":true,"href":"https:\/\/zeleka.com\/index.php?rest_route=%2Fwp%2Fv2%2Fcomments&post=4832"}],"version-history":[{"count":0,"href":"https:\/\/zeleka.com\/index.php?rest_route=\/wp\/v2\/posts\/4832\/revisions"}],"wp:featuredmedia":[{"embeddable":true,"href":"https:\/\/zeleka.com\/index.php?rest_route=\/wp\/v2\/media\/4833"}],"wp:attachment":[{"href":"https:\/\/zeleka.com\/index.php?rest_route=%2Fwp%2Fv2%2Fmedia&parent=4832"}],"wp:term":[{"taxonomy":"category","embeddable":true,"href":"https:\/\/zeleka.com\/index.php?rest_route=%2Fwp%2Fv2%2Fcategories&post=4832"},{"taxonomy":"post_tag","embeddable":true,"href":"https:\/\/zeleka.com\/index.php?rest_route=%2Fwp%2Fv2%2Ftags&post=4832"}],"curies":[{"name":"wp","href":"https:\/\/api.w.org\/{rel}","templated":true}]}}