{"id":4830,"date":"2025-08-04T19:29:11","date_gmt":"2025-08-04T16:29:11","guid":{"rendered":"https:\/\/zeleka.com\/?p=4830"},"modified":"2025-08-04T19:29:11","modified_gmt":"2025-08-04T16:29:11","slug":"caykara-kaymakamligi-ali-keles-futbol-turnuvasinda-ceyrek-final-heyecani-4-agustos-2025-pazartesi-aksami-oynanacak-iki-karsilasma-ile-basliyor-caykara-kaymakami-ali-sapmaz","status":"publish","type":"post","link":"https:\/\/zeleka.com\/?p=4830","title":{"rendered":"<div id=\"detaymetin\">                            <p>\u00c7aykara Kaymakaml\u0131\u011f\u0131 Ali Kele\u015f Futbol Turnuvas\u0131nda \u00c7eyrek Final heyecan\u0131 4 A\u011fustos 2025 Pazartesi ak\u015fam\u0131 oynanacak iki kar\u015f\u0131la\u015fma ile ba\u015fl\u0131yor.<\/p><p>\u00c7aykara Kaymakam\u0131 Ali Sapmaz\u2019\u0131n"},"content":{"rendered":"<div id=\"detaymetin\">\n<p>\u00c7aykara Kaymakaml\u0131\u011f\u0131 Ali Kele\u015f Futbol Turnuvas\u0131nda \u00c7eyrek Final heyecan\u0131 4 A\u011fustos 2025 Pazartesi ak\u015fam\u0131 oynanacak iki kar\u015f\u0131la\u015fma ile ba\u015fl\u0131yor.<\/p>\n<p>\u00c7aykara Kaymakam\u0131 Ali Sapmaz\u2019\u0131n himaye ve y\u00f6netimlerinde \u00c7aykara Belediye Ba\u015fkan\u0131 Hanefi Tok\u2019un destek ve katk\u0131lar\u0131 ile \u00c7aykara Gen\u00e7lik ve Spor \u0130l\u00e7e M\u00fcd\u00fcrl\u00fc\u011f\u00fcn\u00fcn organizasyonunda ger\u00e7ekle\u015ftirilen ve kar\u015f\u0131la\u015fmalar\u0131n \u00c7aykara \u0130l\u00e7e Stadyumunda oynand\u0131\u011f\u0131 \u00c7aykara Kaymakaml\u0131\u011f\u0131 Ali Kele\u015f Futbol Turnuvas\u0131nda Grup ma\u00e7lar\u0131 tamamland\u0131 ve bu ak\u015fam \u00c7eyrek Final heyecan\u0131 ba\u015fl\u0131yor.<\/p>\n<p><strong>\u0130LK HEYECAN E\u011eR\u0130DERSPOR \u00c7AYKARA GEN\u00c7L\u0130K<\/strong><\/p>\n<p>Turnuvada ilk \u00c7eyrek Final Heyecan\u0131 E\u011friderspor ile \u00c7aykara Gen\u00e7lik aras\u0131nda ya\u015fanacak.<\/p>\n<figure><img decoding=\"async\" src=\"https:\/\/caykaragundem.com\/resimler\/2025-8\/4\/99318310410171.webp\"><\/figure>\n<p><strong>Kaymakaml\u0131k Kupas\u0131 tarihinin en fazla \u015eampiyonluk ya\u015fayan Tak\u0131m\u0131 E\u011friderespor bu ak\u015fam \u00c7aykara Gen\u00e7lik engelini a\u015farak Finale do\u011fru y\u00fcr\u00fcmek istiyor<\/strong>.<\/p>\n<p>Turnuvan\u0131n iddial\u0131 ekiplerinden ve \u015eampiyonluk adaylar\u0131 aras\u0131nda g\u00f6sterilen E\u011friderespor \u00a0bu ak\u015fam kazanarak yoluna devam etmek istiyor.<\/p>\n<figure><img decoding=\"async\" src=\"https:\/\/caykaragundem.com\/resimler\/2025-8\/4\/708992060167894.webp\"><\/figure>\n<p><strong>Turnuvan\u0131n gen\u00e7 ve dinamik tak\u0131m\u0131 \u00c7aykaragen\u00e7lik bu ak\u015fam E\u011friderspor tak\u0131m\u0131n\u0131 kupan\u0131n d\u0131\u015f\u0131na g\u00f6ndererek turnuvan\u0131n en b\u00fcy\u00fck s\u00fcrprizini yapmak i\u00e7in sahaya \u00e7.\u0131kacak.Gen\u00e7 Jenerasyon mu yoksa tecr\u00fcbe mi?Bu sorunun cevab\u0131n\u0131 sahada alaca\u011f\u0131z.<\/strong><\/p>\n<p>Turnuvan\u0131n en gen\u00e7 ve dinamik ekiplerinden \u00c7aykara Gen\u00e7lik Spor ile gen\u00e7 ve dinamik enerjileri ile favori tak\u0131m E\u011friderespor\u2019u kupadan eleyerek Yar\u0131 Final biletini ceplerine koymak istiyorlar.<\/p>\n<p>Bu keyif dolu muhte\u015fem m\u00fccadele bu ak\u015fam saat 19.00\u2019da ba\u015flayacak.<\/p>\n<p><strong>UZUNG\u00d6L \u015eEH\u0130NKAYA MA\u00c7I NEFES KESECEK<\/strong><\/p>\n<p>Turnuvan\u0131n iki iddial\u0131 ekibi Uzung\u00f6lspor ve \u015eahinkayaspor Turnuvan\u0131n erken finali olarak nitelendirilen kar\u015f\u0131la\u015fmada kar\u015f\u0131 kar\u015f\u0131ya gelecekler.<\/p>\n<figure><img decoding=\"async\" src=\"https:\/\/caykaragundem.com\/resimler\/2025-8\/4\/781581216167955.webp\"><\/figure>\n<p><strong>Turnuvan\u0131n \u015eampiyonluk Adaylar\u0131 aras\u0131nda g\u00f6sterilen \u015eahinkayaspor,bu ak\u015fam Uzung\u00f6lspor kar\u015f\u0131s\u0131nda zor bir kar\u015f\u0131la\u015fmaya \u00e7\u0131kmaya haz\u0131rlan\u0131yor<\/strong><\/p>\n<p>Turnuvan\u0131n iddial\u0131 ekiplerinden ve \u00e7ok iyi top oynayan tak\u0131mlar\u0131ndan \u015eahinkayaspor Uzung\u00f6lspor engelini a\u015farak yar\u0131 final biletini cebine koymak istiyor.<\/p>\n<figure><img decoding=\"async\" src=\"https:\/\/caykaragundem.com\/resimler\/2025-8\/4\/1041151474170127.webp\"><\/figure>\n<p><strong>Ali Kele\u015f&#8217;in \u0130smini ta\u015f\u0131yan turnuvada Uzung\u00f6lspor \u015eampiyonluk Kupas\u0131n\u0131 kazanarak Ali Kele\u015f&#8217;in ailesine hediye etmek istiyor.<\/strong><\/p>\n<p>Bu y\u0131l \u0130ddial\u0131 bir ekip ile turnuvaya kat\u0131lan ve \u015eampiyonluk hedefleyen Uzung\u00f6lspor ise bu ak\u015fam \u015eahinkayaspor engelini kay\u0131ps\u0131z ge\u00e7mek istiyor.<\/p>\n<p>\u00c7aykara \u0130l\u00e7emizin Sanat\u00e7\u0131 Mahallesi \u015eahinkayaspor ile tabiat g\u00fczelli\u011fi ile Turizm Merkezi Uzung\u00f6lspor aras\u0131ndaki bu keyif dolu m\u00fccadele bu ak\u015fam saat 20.30\u2019da ba\u015flayacak.<\/p>\n<p><strong>\u00c7EYREK F\u0130NAL MA\u00c7 PROGRAMI<\/strong><\/p>\n<figure>\n<table readabilityDataTable=\"1\">\n<tbody>\n<tr>\n<td>\n<p>TAKIM<\/p>\n<\/td>\n<td>\n<p>TAKIM<\/p>\n<\/td>\n<td>\n<p>TAR\u0130H<\/p>\n<\/td>\n<td>\n<p>SAAT<\/p>\n<\/td>\n<\/tr>\n<tr>\n<td>\n<p>E\u011eR\u0130DERSPOR<\/p>\n<\/td>\n<td>\n<p>\u00c7AYKARA GEN\u00c7L\u0130K<\/p>\n<\/td>\n<td>\n<p>04.085.2025-PAZARTES\u0130<\/p>\n<\/td>\n<td>\n<p>19.00<\/p>\n<\/td>\n<\/tr>\n<tr>\n<td>\n<p>UZUNG\u00d6LSPOR<\/p>\n<\/td>\n<td>\n<p>\u015eAH\u0130NKAYASPOR<\/p>\n<\/td>\n<td>\n<p>04.085.2025-PAZARTES\u0130<\/p>\n<\/td>\n<td>\n<p>20.30<\/p>\n<\/td>\n<\/tr>\n<tr>\n<td>\n<p>ANT\u0130KORSPOR<\/p>\n<\/td>\n<td>\n<p>\u0130SPENDAMSPOR<\/p>\n<\/td>\n<td>\n<p>05.08.2025-SALI<\/p>\n<\/td>\n<td>\n<p>19.00<\/p>\n<\/td>\n<\/tr>\n<tr>\n<td>\n<p>YE\u015e\u0130LALANSPOR<\/p>\n<\/td>\n<td>\n<p>JANDARMASPOR<\/p>\n<\/td>\n<td>\n<p>05.08.2025-SALI<\/p>\n<\/td>\n<td>\n<p>20.30<\/p>\n<\/td>\n<\/tr>\n<\/tbody>\n<\/table>\n<\/figure>\n<p><strong>YARI F\u0130NAL MA\u00c7 PROGRAMI<\/strong><\/p>\n<figure>\n<table readabilityDataTable=\"1\">\n<tbody>\n<tr>\n<td>\n<p>TAKIM<\/p>\n<\/td>\n<td>\n<p>TAKIM<\/p>\n<\/td>\n<td>\n<p>TAR\u0130H<\/p>\n<\/td>\n<td>\n<p>SAAT<\/p>\n<\/td>\n<\/tr>\n<tr>\n<td>\n<p>E\u011eR\u0130DERESPOR\u00a0 \u00c7AYKARA GEN\u00c7L\u0130K KAR\u015eILA\u015eMASININ GAL\u0130B\u0130<\/p>\n<\/td>\n<td>\n<p>UZUNG\u00d6LSPOR \u015eAH\u0130NKAYASPOR MA\u00c7ININ GAL\u0130B\u0130<\/p>\n<\/td>\n<td>\n<p>08.08.2025-CUMA<\/p>\n<\/td>\n<td>\n<p>19.00<\/p>\n<\/td>\n<\/tr>\n<tr>\n<td>\n<p>ANT\u0130KORSPOR \u0130SPENDAMSPOR KAR\u015eILA\u015eMASININ GAL\u0130B\u0130<\/p>\n<\/td>\n<td>\n<p>YE\u015e\u0130LALANSPOR JANDARMASPOR KAR\u015eILA\u015eMASININ GAL\u0130B\u0130<\/p>\n<\/td>\n<td>\n<p>08.08.2025-CUMA<\/p>\n<\/td>\n<td>\n<p>20.30<\/p>\n<\/td>\n<\/tr>\n<\/tbody>\n<\/table>\n<\/figure>\n<p>F\u0130NAL MA\u00c7I 12 A\u011eUSTOS 2025 SALI \u00a0AK\u015eAMI SAAT 20.00\u2019DA<\/p>\n<p>Turnuvan\u0131n final M\u00fcsabakas\u0131 12 A\u011fustos 2025 Sal\u0131 \u00a0G\u00fcn\u00fc Saat 20.00\u2019da \u00c7aykara \u0130l\u00e7e Stadyumunda oynanacak.Ayn\u0131 g\u00fcn saat 19.00\u2019da \u00dc\u00e7\u00fcnc\u00fcl\u00fck ma\u00e7\u0131 oynanacak.<\/p>\n<p>          <\/div>\n","protected":false},"excerpt":{"rendered":"<p>\u00c7aykara Kaymakaml\u0131\u011f\u0131 Ali Kele\u015f Futbol Turnuvas\u0131nda \u00c7eyrek Final heyecan\u0131 4 A\u011fustos 2025 Pazartesi ak\u015fam\u0131 oynanacak iki kar\u015f\u0131la\u015fma ile ba\u015fl\u0131yor. \u00c7aykara Kaymakam\u0131 Ali Sapmaz\u2019\u0131n himaye ve y\u00f6netimlerinde \u00c7aykara Belediye Ba\u015fkan\u0131 Hanefi Tok\u2019un destek ve katk\u0131lar\u0131 ile \u00c7aykara Gen\u00e7lik ve Spor \u0130l\u00e7e M\u00fcd\u00fcrl\u00fc\u011f\u00fcn\u00fcn organizasyonunda ger\u00e7ekle\u015ftirilen ve kar\u015f\u0131la\u015fmalar\u0131n \u00c7aykara \u0130l\u00e7e Stadyumunda oynand\u0131\u011f\u0131 \u00c7aykara Kaymakaml\u0131\u011f\u0131 Ali Kele\u015f Futbol Turnuvas\u0131nda [&hellip;]<\/p>\n","protected":false},"author":1,"featured_media":4831,"comment_status":"open","ping_status":"open","sticky":false,"template":"","format":"standard","meta":{"tdm_status":"","tdm_grid_status":"","footnotes":""},"categories":[40],"tags":[],"class_list":{"0":"post-4830","1":"post","2":"type-post","3":"status-publish","4":"format-standard","5":"has-post-thumbnail","7":"category-caykara"},"_links":{"self":[{"href":"https:\/\/zeleka.com\/index.php?rest_route=\/wp\/v2\/posts\/4830","targetHints":{"allow":["GET"]}}],"collection":[{"href":"https:\/\/zeleka.com\/index.php?rest_route=\/wp\/v2\/posts"}],"about":[{"href":"https:\/\/zeleka.com\/index.php?rest_route=\/wp\/v2\/types\/post"}],"author":[{"embeddable":true,"href":"https:\/\/zeleka.com\/index.php?rest_route=\/wp\/v2\/users\/1"}],"replies":[{"embeddable":true,"href":"https:\/\/zeleka.com\/index.php?rest_route=%2Fwp%2Fv2%2Fcomments&post=4830"}],"version-history":[{"count":0,"href":"https:\/\/zeleka.com\/index.php?rest_route=\/wp\/v2\/posts\/4830\/revisions"}],"wp:featuredmedia":[{"embeddable":true,"href":"https:\/\/zeleka.com\/index.php?rest_route=\/wp\/v2\/media\/4831"}],"wp:attachment":[{"href":"https:\/\/zeleka.com\/index.php?rest_route=%2Fwp%2Fv2%2Fmedia&parent=4830"}],"wp:term":[{"taxonomy":"category","embeddable":true,"href":"https:\/\/zeleka.com\/index.php?rest_route=%2Fwp%2Fv2%2Fcategories&post=4830"},{"taxonomy":"post_tag","embeddable":true,"href":"https:\/\/zeleka.com\/index.php?rest_route=%2Fwp%2Fv2%2Ftags&post=4830"}],"curies":[{"name":"wp","href":"https:\/\/api.w.org\/{rel}","templated":true}]}}