{"id":4828,"date":"2025-08-04T19:29:12","date_gmt":"2025-08-04T16:29:12","guid":{"rendered":"https:\/\/zeleka.com\/?p=4828"},"modified":"2025-08-04T19:29:12","modified_gmt":"2025-08-04T16:29:12","slug":"geleneksel-koknar-limni-senlig-10-agustos-2025-pazar-gunu-koknar-mahallesi-limni-mezire-alaninda-gerceklestirilecek-koknar-mahallesi-muhtarligi-ve-koknar-dernekleri-tarafin","status":"publish","type":"post","link":"https:\/\/zeleka.com\/?p=4828","title":{"rendered":"<div id=\"detaymetin\">                            <p>Geleneksel K\u00f6knar Limni \u015eenli\u011f 10 A\u011fustos 2025 Pazar G\u00fcn\u00fc K\u00f6knar Mahallesi Limni Mezire alan\u0131nda ger\u00e7ekle\u015ftirilecek.<\/p><p>K\u00f6knar Mahallesi Muhtarl\u0131\u011f\u0131 ve K\u00f6knar Dernekleri taraf\u0131ndan birl"},"content":{"rendered":"<div id=\"detaymetin\">\n<p>Geleneksel K\u00f6knar Limni \u015eenli\u011f 10 A\u011fustos 2025 Pazar G\u00fcn\u00fc K\u00f6knar Mahallesi Limni Mezire alan\u0131nda ger\u00e7ekle\u015ftirilecek.<\/p>\n<p>K\u00f6knar Mahallesi Muhtarl\u0131\u011f\u0131 ve K\u00f6knar Dernekleri taraf\u0131ndan birlikte haz\u0131rlanan K\u00f6knar Limni \u015eenli\u011fi zengin Sanat\u00e7\u0131 kadosu ile g\u00f6z kama\u015ft\u0131r\u0131yor.<\/p>\n<p>Do\u011fal g\u00fczelli\u011fi ile b\u00f6lgenin en \u00f6nemli Turizm Merkezlerinden olan Limni Mezire alan\u0131 ger\u00e7ekle\u015ftirilecek olan \u015eenlik Organizasyonu ile B\u00f6lge ve \u00dclke Turizmine katk\u0131 sa\u011flamaya haz\u0131rlan\u0131yor.<\/p>\n<figure><img decoding=\"async\" src=\"https:\/\/caykaragundem.com\/resimler\/2025-8\/4\/121533250700824.webp\"><\/figure>\n<p>\u00c7am a\u011fa\u00e7lar\u0131n\u0131 aras\u0131nda yer alan geni\u015f etkinlik alan\u0131n\u0131n yan\u0131 s\u0131ra a\u011fa\u00e7lar\u0131n g\u00f6lgesindeki piknik alanlar\u0131 ve dinlenme yerleri ile farkl\u0131 ve \u00f6zel bir yer konumunda olan Limni Mezire alan\u0131 muhte\u015fem do\u011falg\u00fczelli\u011fi ile b\u00f6lgenin en \u00f6nemli cazibe merkezlerinden bir tanesi konumunda yer al\u0131yor.<\/p>\n<p>K\u00f6knar Muhtar\u0131 Cemile Alhan aylard\u0131r tatl\u0131 bir ko\u015fu\u015fturma i\u00e7erisinde \u015eenlik haz\u0131rl\u0131klar\u0131 ger\u00e7ekle\u015ftiriyor.<\/p>\n<p>Trabzon B\u00fcy\u00fck\u015fehir Belediyesi ve \u00c7aykara Belediyesinin destek ve katk\u0131lar\u0131 ile Limni Meziresi yol geni\u015fletme ve altyap\u0131 \u00e7al\u0131\u015fmalar\u0131n\u0131 tamamlayan K\u00f6knar Muhtar\u0131 Cemile Alhan daha sonra ise Limni Mezire alan\u0131nda piknik alanlar\u0131,pazarlamac\u0131lar\u0131n yerle\u015ftirilece\u011fi alanlar,lavabo ve su ihtiyac\u0131n\u0131n kar\u015f\u0131lanmas\u0131 gibi altyap\u0131 \u00e7al\u0131\u015fmalar\u0131n\u0131 tamamlayarak L\u0130mni Mezire alan\u0131n\u0131 \u015fenli\u011fe haz\u0131r hale getirdi.<\/p>\n<p>K\u00f6knar Limni \u015eenli\u011finde:<\/p>\n<p>Karadeniz M\u00fczi\u011finin g\u00fc\u00e7l\u00fc sesleri Tuncay Gargar,Mustafa Turgut,Abdullah Ko\u00e7,Ahmet Gargar,Nesrullah Sivaz,Grup Ahval,Muammer \u00c7ak\u0131ral,\u0130smail Berat,Nurettin Kahveci,Enver \u00c7ak\u0131ral ve Seyfettin \u00c7ak\u0131ral\u2019\u0131n yan\u0131 s\u0131ra s\u00fcrpriz sanat\u00e7\u0131lar sahne alarak hayranlar\u0131na unutamayacaklar\u0131 muhte\u015fem bir g\u00fcn ya\u015fatacaklar.<\/p>\n<p>K\u00f6knar L\u0130mni \u015eenli\u011finin \u00e7ok yo\u011fun bir kat\u0131l\u0131m ile ger\u00e7ekle\u015fece\u011fi tahmin ediliyor.Kat\u0131l\u0131mc\u0131lar\u0131n aileleri ile birlikte Do\u011fal piknik ortam\u0131nda hem dinlenecekleri,a\u011fa\u00e7lar\u0131n g\u00f6lgesinde oturarak sohbet edecekleri \u00e7aylar\u0131n\u0131 yudumlayacaklar\u0131 ve m\u00fczik e\u015fli\u011finde muhte\u015fem bir g\u00fcn ya\u015fayacaklar\u0131 bu \u00f6zel g\u00fcne \u00c7aykara ve \u00e7evre \u0130l\u00e7e vatanda\u015flar\u0131 ile Trabzon ve Karadeniz insan\u0131n\u0131n yo\u011fun bir bilgi g\u00f6sterece\u011fi tahmin ediliyor.<\/p>\n<p>K\u00f6knar Muhtar\u0131 Cemile Alhan gaztemize yapt\u0131\u011f\u0131 a\u00e7\u0131klamada \u015fu ifadelere yer verdi.<\/p>\n<p>K\u00f6knar K\u00f6y\u00fc Muhtarl\u0131\u011f\u0131 ve K\u00f6knar K\u00f6y\u00fc Derneklerinin d\u00fczenledi\u011fi, birlik ve beraberli\u011fimizi peki\u015ftirecek, k\u00fclt\u00fcr\u00fcm\u00fcz\u00fc ya\u015fatacak geleneksel K\u00d6KNAR L\u0130MN\u0130 \u015eENL\u0130\u011e\u0130 i\u00e7in siz de\u011ferli hem\u015fehrilerimizi 10 A\u011fustos 2025 Pazar G\u00fcn\u00fc \u00a0Limni\u2019ye bekliyoruz!<\/p>\n<p>          <\/div>\n","protected":false},"excerpt":{"rendered":"<p>Geleneksel K\u00f6knar Limni \u015eenli\u011f 10 A\u011fustos 2025 Pazar G\u00fcn\u00fc K\u00f6knar Mahallesi Limni Mezire alan\u0131nda ger\u00e7ekle\u015ftirilecek. K\u00f6knar Mahallesi Muhtarl\u0131\u011f\u0131 ve K\u00f6knar Dernekleri taraf\u0131ndan birlikte haz\u0131rlanan K\u00f6knar Limni \u015eenli\u011fi zengin Sanat\u00e7\u0131 kadosu ile g\u00f6z kama\u015ft\u0131r\u0131yor. Do\u011fal g\u00fczelli\u011fi ile b\u00f6lgenin en \u00f6nemli Turizm Merkezlerinden olan Limni Mezire alan\u0131 ger\u00e7ekle\u015ftirilecek olan \u015eenlik Organizasyonu ile B\u00f6lge ve \u00dclke Turizmine katk\u0131 [&hellip;]<\/p>\n","protected":false},"author":1,"featured_media":4829,"comment_status":"open","ping_status":"open","sticky":false,"template":"","format":"standard","meta":{"tdm_status":"","tdm_grid_status":"","footnotes":""},"categories":[40],"tags":[],"class_list":{"0":"post-4828","1":"post","2":"type-post","3":"status-publish","4":"format-standard","5":"has-post-thumbnail","7":"category-caykara"},"_links":{"self":[{"href":"https:\/\/zeleka.com\/index.php?rest_route=\/wp\/v2\/posts\/4828","targetHints":{"allow":["GET"]}}],"collection":[{"href":"https:\/\/zeleka.com\/index.php?rest_route=\/wp\/v2\/posts"}],"about":[{"href":"https:\/\/zeleka.com\/index.php?rest_route=\/wp\/v2\/types\/post"}],"author":[{"embeddable":true,"href":"https:\/\/zeleka.com\/index.php?rest_route=\/wp\/v2\/users\/1"}],"replies":[{"embeddable":true,"href":"https:\/\/zeleka.com\/index.php?rest_route=%2Fwp%2Fv2%2Fcomments&post=4828"}],"version-history":[{"count":0,"href":"https:\/\/zeleka.com\/index.php?rest_route=\/wp\/v2\/posts\/4828\/revisions"}],"wp:featuredmedia":[{"embeddable":true,"href":"https:\/\/zeleka.com\/index.php?rest_route=\/wp\/v2\/media\/4829"}],"wp:attachment":[{"href":"https:\/\/zeleka.com\/index.php?rest_route=%2Fwp%2Fv2%2Fmedia&parent=4828"}],"wp:term":[{"taxonomy":"category","embeddable":true,"href":"https:\/\/zeleka.com\/index.php?rest_route=%2Fwp%2Fv2%2Fcategories&post=4828"},{"taxonomy":"post_tag","embeddable":true,"href":"https:\/\/zeleka.com\/index.php?rest_route=%2Fwp%2Fv2%2Ftags&post=4828"}],"curies":[{"name":"wp","href":"https:\/\/api.w.org\/{rel}","templated":true}]}}