{"id":4826,"date":"2025-08-04T19:29:13","date_gmt":"2025-08-04T16:29:13","guid":{"rendered":"https:\/\/zeleka.com\/?p=4826"},"modified":"2025-08-04T19:29:13","modified_gmt":"2025-08-04T16:29:13","slug":"ilcemiz-koldere-mahallesinden-cevriye-kansiz-vefat-ettimerhume-cevriye-kansizmerhum-muzaffer-kansizin-esi-dr-mehmet-zeki-kansizin-an","status":"publish","type":"post","link":"https:\/\/zeleka.com\/?p=4826","title":{"rendered":"<div id=\"detaymetin\">                            <p>\u0130l\u00e7emiz Koldere Mahallesi\u2019nden Cevriye Kans\u0131z vefat etti<\/p><p>Merhume Cevriye Kans\u0131z,merhum Muzaffer Kans\u0131z\u2019\u0131n e\u015fi \u00a0Dr Mehmet Zeki \u00a0Kans\u0131z\u2019\u0131n annesiydi..<\/p><p>Merhume Cevriye Kans\u0131z 4"},"content":{"rendered":"<div id=\"detaymetin\">\n<p>\u0130l\u00e7emiz Koldere Mahallesi\u2019nden Cevriye Kans\u0131z vefat etti<\/p>\n<p>Merhume Cevriye Kans\u0131z,merhum Muzaffer Kans\u0131z\u2019\u0131n e\u015fi \u00a0Dr Mehmet Zeki \u00a0Kans\u0131z\u2019\u0131n annesiydi..<\/p>\n<p>Merhume Cevriye Kans\u0131z 4 A\u011fustos 2025 Pazartesi g\u00fcn\u00fc(Bug\u00fcn) \u00a0ikindi namaz\u0131na m\u00fcteakip Koldere Yeni Camii\u2019nde k\u0131l\u0131nacak olan cenaze namaz\u0131n\u0131n ard\u0131ndan ayn\u0131 yerde bulunan aile kabristanl\u0131\u011f\u0131nda son yolculu\u011funa u\u011furlanacak.<\/p>\n<p>\u00c7aykara G\u00fcndem Gazetesi olarak Merhume Cevriye Kans\u0131z\u2019a Allah\u2019tan rahmet,ba\u015fta Doktorumuz Mehmet Zeki Kans\u0131z olmak \u00fczere t\u00fcm aile bireylerine ba\u015f sa\u011fl\u0131\u011f\u0131 dileklerimizi iletiyoruz.<\/p>\n<p>          <\/div>\n","protected":false},"excerpt":{"rendered":"<p>\u0130l\u00e7emiz Koldere Mahallesi\u2019nden Cevriye Kans\u0131z vefat etti Merhume Cevriye Kans\u0131z,merhum Muzaffer Kans\u0131z\u2019\u0131n e\u015fi \u00a0Dr Mehmet Zeki \u00a0Kans\u0131z\u2019\u0131n annesiydi.. Merhume Cevriye Kans\u0131z 4 A\u011fustos 2025 Pazartesi g\u00fcn\u00fc(Bug\u00fcn) \u00a0ikindi namaz\u0131na m\u00fcteakip Koldere Yeni Camii\u2019nde k\u0131l\u0131nacak olan cenaze namaz\u0131n\u0131n ard\u0131ndan ayn\u0131 yerde bulunan aile kabristanl\u0131\u011f\u0131nda son yolculu\u011funa u\u011furlanacak. \u00c7aykara G\u00fcndem Gazetesi olarak Merhume Cevriye Kans\u0131z\u2019a Allah\u2019tan rahmet,ba\u015fta Doktorumuz [&hellip;]<\/p>\n","protected":false},"author":1,"featured_media":4827,"comment_status":"open","ping_status":"open","sticky":false,"template":"","format":"standard","meta":{"tdm_status":"","tdm_grid_status":"","footnotes":""},"categories":[40],"tags":[],"class_list":{"0":"post-4826","1":"post","2":"type-post","3":"status-publish","4":"format-standard","5":"has-post-thumbnail","7":"category-caykara"},"_links":{"self":[{"href":"https:\/\/zeleka.com\/index.php?rest_route=\/wp\/v2\/posts\/4826","targetHints":{"allow":["GET"]}}],"collection":[{"href":"https:\/\/zeleka.com\/index.php?rest_route=\/wp\/v2\/posts"}],"about":[{"href":"https:\/\/zeleka.com\/index.php?rest_route=\/wp\/v2\/types\/post"}],"author":[{"embeddable":true,"href":"https:\/\/zeleka.com\/index.php?rest_route=\/wp\/v2\/users\/1"}],"replies":[{"embeddable":true,"href":"https:\/\/zeleka.com\/index.php?rest_route=%2Fwp%2Fv2%2Fcomments&post=4826"}],"version-history":[{"count":0,"href":"https:\/\/zeleka.com\/index.php?rest_route=\/wp\/v2\/posts\/4826\/revisions"}],"wp:featuredmedia":[{"embeddable":true,"href":"https:\/\/zeleka.com\/index.php?rest_route=\/wp\/v2\/media\/4827"}],"wp:attachment":[{"href":"https:\/\/zeleka.com\/index.php?rest_route=%2Fwp%2Fv2%2Fmedia&parent=4826"}],"wp:term":[{"taxonomy":"category","embeddable":true,"href":"https:\/\/zeleka.com\/index.php?rest_route=%2Fwp%2Fv2%2Fcategories&post=4826"},{"taxonomy":"post_tag","embeddable":true,"href":"https:\/\/zeleka.com\/index.php?rest_route=%2Fwp%2Fv2%2Ftags&post=4826"}],"curies":[{"name":"wp","href":"https:\/\/api.w.org\/{rel}","templated":true}]}}