{"id":4822,"date":"2025-08-03T19:29:44","date_gmt":"2025-08-03T16:29:44","guid":{"rendered":"https:\/\/zeleka.com\/?p=4822"},"modified":"2025-08-03T19:29:44","modified_gmt":"2025-08-03T16:29:44","slug":"4822","status":"publish","type":"post","link":"https:\/\/zeleka.com\/?p=4822","title":{"rendered":""},"content":{"rendered":"<div id=\"detaymetin\">\n<p>\u0130stanbul\u2019da vefat eden \u015e\u00fckr\u00fc \u0130lhan 03 A\u011fustos 2025 Pazar g\u00fcn\u00fc Uzung\u00f6l\u2019de son yolculu\u011funa u\u011furland\u0131.<\/p>\n<p>\u00c7e\u015fitli hastal\u0131klar\u0131 bulunan \u015e\u00fckr\u00fc \u0130lhan tedavi g\u00f6rd\u00fc\u011f\u00fc hastanede ya\u015fam sava\u015f\u0131n\u0131 kaybetmi\u015fti.<\/p>\n<figure><img decoding=\"async\" src=\"https:\/\/caykaragundem.com\/resimler\/2025-8\/3\/421161114229487.webp\"><\/figure>\n<p>Merhum \u015e\u00fckr\u00fc \u0130lhan Mehmet Hanefi \u0130lhan ile Katip \u0130lhan\u2019\u0131n babalar\u0131,Uzung\u00f6l\u2019\u00fcn sevilen Turizmcilerinden Mehmet \u0130lhan\u2019\u0131n kay\u0131npederi,Salih ve Fatih \u0130lhan\u2019\u0131n dedeleri,\u015eekersu Mahallesi K\u00fclt\u00fcr ve Dayan\u0131\u015fma Derne\u011fi Ba\u015fkan\u0131 Ahmet Hulusi \u0130lhan\u2019\u0131n amcas\u0131yd\u0131.<\/p>\n<p>Merhum \u015e\u00fckr\u00fc \u0130lhan,03 A\u011fustos 2025 Pazar g\u00fcn\u00fc \u00d6\u011fle Namaz\u0131n\u0131 M\u00fcteakip Uzung\u00f6l Merkez Camiinde k\u0131l\u0131nan cenaze namaz\u0131n\u0131n ard\u0131ndan Kablanoz Mevkiindeki aile mezarl\u0131\u011f\u0131nda son yolculu\u011funa u\u011furland\u0131.<\/p>\n<figure><img decoding=\"async\" src=\"https:\/\/caykaragundem.com\/resimler\/2025-8\/3\/699541995660461.webp\"><\/figure>\n<p>\u00c7aykara G\u00fcndem Gazetesi olarak Merhuma Allah&#8217;tan rahmet, kederli ailesine ba\u015fsa\u011fl\u0131\u011f\u0131 dileriz.<\/p>\n<p><strong>\u0130LET\u0130\u015e\u0130M<\/strong><\/p>\n<p><strong>Ahmet Hulusi \u0130lhan-\u015eekersu Mahallesi K\u00fclt\u00fcr ve Dayan\u0131\u015fma Derne\u011fi Ba\u015fkan\u0131-Torunu-0 535 8310515<\/strong><\/p>\n<p><strong>Mehmet Hanefi \u0130lhan-O\u011flu: 0 532 6132662<\/strong><\/p>\n<p><strong>Katip \u0130lhan-O\u011flu: 0532 2365108<\/strong><\/p>\n<p><strong>Mehmet \u0130lhan-\u00a0Damad\u0131:0 533 7473482<\/strong><\/p>\n<p><strong>Salih \u0130lhan-\u00a0 Torunu:0 535 5866151<\/strong><\/p>\n<p><strong>Fatih \u0130lhan- Torunu:0 535 4118520<\/strong><\/p>\n<p>          <\/div>\n","protected":false},"excerpt":{"rendered":"<p>\u0130stanbul\u2019da vefat eden \u015e\u00fckr\u00fc \u0130lhan 03 A\u011fustos 2025 Pazar g\u00fcn\u00fc Uzung\u00f6l\u2019de son yolculu\u011funa u\u011furland\u0131. \u00c7e\u015fitli hastal\u0131klar\u0131 bulunan \u015e\u00fckr\u00fc \u0130lhan tedavi g\u00f6rd\u00fc\u011f\u00fc hastanede ya\u015fam sava\u015f\u0131n\u0131 kaybetmi\u015fti. Merhum \u015e\u00fckr\u00fc \u0130lhan Mehmet Hanefi \u0130lhan ile Katip \u0130lhan\u2019\u0131n babalar\u0131,Uzung\u00f6l\u2019\u00fcn sevilen Turizmcilerinden Mehmet \u0130lhan\u2019\u0131n kay\u0131npederi,Salih ve Fatih \u0130lhan\u2019\u0131n dedeleri,\u015eekersu Mahallesi K\u00fclt\u00fcr ve Dayan\u0131\u015fma Derne\u011fi Ba\u015fkan\u0131 Ahmet Hulusi \u0130lhan\u2019\u0131n amcas\u0131yd\u0131. Merhum [&hellip;]<\/p>\n","protected":false},"author":1,"featured_media":4823,"comment_status":"open","ping_status":"open","sticky":false,"template":"","format":"standard","meta":{"tdm_status":"","tdm_grid_status":"","footnotes":""},"categories":[40],"tags":[],"class_list":{"0":"post-4822","1":"post","2":"type-post","3":"status-publish","4":"format-standard","5":"has-post-thumbnail","7":"category-caykara"},"_links":{"self":[{"href":"https:\/\/zeleka.com\/index.php?rest_route=\/wp\/v2\/posts\/4822","targetHints":{"allow":["GET"]}}],"collection":[{"href":"https:\/\/zeleka.com\/index.php?rest_route=\/wp\/v2\/posts"}],"about":[{"href":"https:\/\/zeleka.com\/index.php?rest_route=\/wp\/v2\/types\/post"}],"author":[{"embeddable":true,"href":"https:\/\/zeleka.com\/index.php?rest_route=\/wp\/v2\/users\/1"}],"replies":[{"embeddable":true,"href":"https:\/\/zeleka.com\/index.php?rest_route=%2Fwp%2Fv2%2Fcomments&post=4822"}],"version-history":[{"count":0,"href":"https:\/\/zeleka.com\/index.php?rest_route=\/wp\/v2\/posts\/4822\/revisions"}],"wp:featuredmedia":[{"embeddable":true,"href":"https:\/\/zeleka.com\/index.php?rest_route=\/wp\/v2\/media\/4823"}],"wp:attachment":[{"href":"https:\/\/zeleka.com\/index.php?rest_route=%2Fwp%2Fv2%2Fmedia&parent=4822"}],"wp:term":[{"taxonomy":"category","embeddable":true,"href":"https:\/\/zeleka.com\/index.php?rest_route=%2Fwp%2Fv2%2Fcategories&post=4822"},{"taxonomy":"post_tag","embeddable":true,"href":"https:\/\/zeleka.com\/index.php?rest_route=%2Fwp%2Fv2%2Ftags&post=4822"}],"curies":[{"name":"wp","href":"https:\/\/api.w.org\/{rel}","templated":true}]}}