{"id":4814,"date":"2025-08-01T19:29:22","date_gmt":"2025-08-01T16:29:22","guid":{"rendered":"https:\/\/zeleka.com\/?p=4814"},"modified":"2025-08-01T19:29:22","modified_gmt":"2025-08-01T16:29:22","slug":"ilcemiz-egridere-mahallesinden-nazim-gonan-tedavi-gordugu-hastanede-hayatini-kaybetti-yasliliga-bagli-cesitli-rahatsizliklari-bulunan-merhum-nazim-gonan-bir-sure-once-rah","status":"publish","type":"post","link":"https:\/\/zeleka.com\/?p=4814","title":{"rendered":"<div id=\"detaymetin\">                            <p>\u0130l\u00e7emiz E\u011fridere Mahallesinden Naz\u0131m G\u00f6nan tedavi g\u00f6rd\u00fc\u011f\u00fc hastanede hayat\u0131n\u0131 kaybetti.<\/p><p>Ya\u015fl\u0131l\u0131\u011fa ba\u011fl\u0131 \u00e7e\u015fitli rahats\u0131zl\u0131klar\u0131 bulunan merhum Naz\u0131m G\u00f6nan bir s\u00fcre \u00f6nce rah"},"content":{"rendered":"<div id=\"detaymetin\">\n<p>\u0130l\u00e7emiz E\u011fridere Mahallesinden Naz\u0131m G\u00f6nan tedavi g\u00f6rd\u00fc\u011f\u00fc hastanede hayat\u0131n\u0131 kaybetti.<\/p>\n<p>Ya\u015fl\u0131l\u0131\u011fa ba\u011fl\u0131 \u00e7e\u015fitli rahats\u0131zl\u0131klar\u0131 bulunan merhum Naz\u0131m G\u00f6nan bir s\u00fcre \u00f6nce rahats\u0131zlanarak KT\u00dc T\u0131p Fak\u00fcltesi E\u011fitim ve Ara\u015ft\u0131rma hastanesinde tedavi alt\u0131na al\u0131nm\u0131\u015ft\u0131<\/p>\n<p>Naz\u0131m G\u00f6nan doktorlar\u0131n t\u00fcm m\u00fcdahalelerine ra\u011fmen kurtar\u0131lamayarak hayat\u0131n\u0131 kaybetti.<\/p>\n<p>Merhum Naz\u0131m G\u00f6nan,\u00c7aykara Halk E\u011fitim Merkezi M\u00fcd\u00fcr\u00fc \u0130zzet G\u00f6nan ile \u00c7aykara Kaymakaml\u0131\u011f\u0131 Yaz\u0131 \u0130\u015fleri M\u00fcd\u00fcr\u00fc Mehmet G\u00f6nan\u2019\u0131n babalar\u0131,\u00c7aykara \u00c7ok Programl\u0131 Anadolu Lisesi M\u00fcd\u00fcr Ba\u015f Yard\u0131mc\u0131s\u0131 Zihni Boz\u2019un kay\u0131npederiydi.<\/p>\n<p>Merhum Naz\u0131m G\u00f6nan 1 A\u011fustos 2025 Cuma g\u00fcn\u00fc Cuma namaz\u0131na m\u00fcteakip \u00c7aykara Merkez Camiinde k\u0131l\u0131nacak olan cenaze namaz\u0131n\u0131n ard\u0131ndan ayn\u0131 yerde bulunan aile kabristanl\u0131\u011f\u0131nda son yolculu\u011funa u\u011furlanacak<\/p>\n<p>\u00c7aykara G\u00fcndem gazetesi olarak merhum Naz\u0131m G\u00f6nan\u2019a Allah\u2019tan rahmet,kederli ailesine ba\u015f sa\u011fl\u0131\u011f\u0131 dileklerimizi iletiyoruz<\/p>\n<p>\u0130LET\u0130\u015e\u0130M<\/p>\n<p>\u0130zzet G\u00f6nan-O\u011flu-\u00c7aykara Halk E\u011fitim Merkezi M\u00fcd\u00fcr\u00fc-0 <a href=\"http:\/\/caykaragundem.com\/tel:536 3438328\">536 3438328<\/a><\/p>\n<p>Mehmet G\u00f6nan-\u00c7aykara Kaymakaml\u0131\u011f\u0131 Makam \u015eof\u00f6r\u00fc-0 <a href=\"http:\/\/caykaragundem.com\/tel:535 2709809\">535 2709809<\/a><\/p>\n<p>Zihni Boz-\u00c7aykara \u00c7ok Programl\u0131 Anadolu Lisesi M\u00fcd\u00fcr Ba\u015f Yard\u0131mc\u0131s\u0131-0 <a href=\"http:\/\/caykaragundem.com\/tel:505 810 8355\">505 810 8355<\/a><\/p>\n<p>          <\/div>\n","protected":false},"excerpt":{"rendered":"<p>\u0130l\u00e7emiz E\u011fridere Mahallesinden Naz\u0131m G\u00f6nan tedavi g\u00f6rd\u00fc\u011f\u00fc hastanede hayat\u0131n\u0131 kaybetti. Ya\u015fl\u0131l\u0131\u011fa ba\u011fl\u0131 \u00e7e\u015fitli rahats\u0131zl\u0131klar\u0131 bulunan merhum Naz\u0131m G\u00f6nan bir s\u00fcre \u00f6nce rahats\u0131zlanarak KT\u00dc T\u0131p Fak\u00fcltesi E\u011fitim ve Ara\u015ft\u0131rma hastanesinde tedavi alt\u0131na al\u0131nm\u0131\u015ft\u0131 Naz\u0131m G\u00f6nan doktorlar\u0131n t\u00fcm m\u00fcdahalelerine ra\u011fmen kurtar\u0131lamayarak hayat\u0131n\u0131 kaybetti. Merhum Naz\u0131m G\u00f6nan,\u00c7aykara Halk E\u011fitim Merkezi M\u00fcd\u00fcr\u00fc \u0130zzet G\u00f6nan ile \u00c7aykara Kaymakaml\u0131\u011f\u0131 Yaz\u0131 \u0130\u015fleri [&hellip;]<\/p>\n","protected":false},"author":1,"featured_media":4815,"comment_status":"open","ping_status":"open","sticky":false,"template":"","format":"standard","meta":{"tdm_status":"","tdm_grid_status":"","footnotes":""},"categories":[40],"tags":[],"class_list":{"0":"post-4814","1":"post","2":"type-post","3":"status-publish","4":"format-standard","5":"has-post-thumbnail","7":"category-caykara"},"_links":{"self":[{"href":"https:\/\/zeleka.com\/index.php?rest_route=\/wp\/v2\/posts\/4814","targetHints":{"allow":["GET"]}}],"collection":[{"href":"https:\/\/zeleka.com\/index.php?rest_route=\/wp\/v2\/posts"}],"about":[{"href":"https:\/\/zeleka.com\/index.php?rest_route=\/wp\/v2\/types\/post"}],"author":[{"embeddable":true,"href":"https:\/\/zeleka.com\/index.php?rest_route=\/wp\/v2\/users\/1"}],"replies":[{"embeddable":true,"href":"https:\/\/zeleka.com\/index.php?rest_route=%2Fwp%2Fv2%2Fcomments&post=4814"}],"version-history":[{"count":0,"href":"https:\/\/zeleka.com\/index.php?rest_route=\/wp\/v2\/posts\/4814\/revisions"}],"wp:featuredmedia":[{"embeddable":true,"href":"https:\/\/zeleka.com\/index.php?rest_route=\/wp\/v2\/media\/4815"}],"wp:attachment":[{"href":"https:\/\/zeleka.com\/index.php?rest_route=%2Fwp%2Fv2%2Fmedia&parent=4814"}],"wp:term":[{"taxonomy":"category","embeddable":true,"href":"https:\/\/zeleka.com\/index.php?rest_route=%2Fwp%2Fv2%2Fcategories&post=4814"},{"taxonomy":"post_tag","embeddable":true,"href":"https:\/\/zeleka.com\/index.php?rest_route=%2Fwp%2Fv2%2Ftags&post=4814"}],"curies":[{"name":"wp","href":"https:\/\/api.w.org\/{rel}","templated":true}]}}