{"id":4810,"date":"2025-08-01T19:29:24","date_gmt":"2025-08-01T16:29:24","guid":{"rendered":"https:\/\/zeleka.com\/?p=4810"},"modified":"2025-08-01T19:29:24","modified_gmt":"2025-08-01T16:29:24","slug":"ilcemiz-egridere-mahallesinden-nazim-gonan-caykara-ilcesinde-son-yolculuguna-ugurlandi-yasliliga-bagli-cesitli-rahatsizliklari-bulunan-merhum-nazim-gon","status":"publish","type":"post","link":"https:\/\/zeleka.com\/?p=4810","title":{"rendered":"<div id=\"detaymetin\">                            <p><span>\u0130l\u00e7emiz E\u011fridere Mahallesinden Naz\u0131m G\u00f6nan \u00a0\u00c7aykara \u0130l\u00e7esinde son yolculu\u011funa u\u011furland\u0131.<\/span><\/p><p><span>Ya\u015fl\u0131l\u0131\u011fa ba\u011fl\u0131 \u00e7e\u015fitli rahats\u0131zl\u0131klar\u0131 bulunan merhum Naz\u0131m G\u00f6n"},"content":{"rendered":"<div id=\"detaymetin\">\n<p><span>\u0130l\u00e7emiz E\u011fridere Mahallesinden Naz\u0131m G\u00f6nan \u00a0\u00c7aykara \u0130l\u00e7esinde son yolculu\u011funa u\u011furland\u0131.<\/span><\/p>\n<p><span>Ya\u015fl\u0131l\u0131\u011fa ba\u011fl\u0131 \u00e7e\u015fitli rahats\u0131zl\u0131klar\u0131 bulunan merhum Naz\u0131m G\u00f6nan bir s\u00fcre \u00f6nce rahats\u0131zlanarak KT\u00dc T\u0131p Fak\u00fcltesi E\u011fitim ve Ara\u015ft\u0131rma hastanesinde tedavi alt\u0131na al\u0131nm\u0131\u015ft\u0131<\/span><\/p>\n<figure><img decoding=\"async\" src=\"https:\/\/caykaragundem.com\/resimler\/2025-8\/1\/101181772352127.webp\"><\/figure>\n<p><span>Naz\u0131m G\u00f6nan doktorlar\u0131n t\u00fcm m\u00fcdahalelerine ra\u011fmen kurtar\u0131lamayarak hayat\u0131n\u0131 kaybetmi\u015fti.<\/span><\/p>\n<p><span>Merhum Naz\u0131m G\u00f6nan,\u00c7aykara Halk E\u011fitim Merkezi M\u00fcd\u00fcr\u00fc \u0130zzet G\u00f6nan ile \u00c7aykara Kaymakaml\u0131\u011f\u0131 Yaz\u0131 \u0130\u015fleri M\u00fcd\u00fcr\u00fc Mehmet G\u00f6nan\u2019\u0131n babalar\u0131,\u00c7aykara Anadolu Lisesi M\u00fcd\u00fcr\u00fc \u00a0Zihni Boz\u2019un kay\u0131npederiydi.<\/span><\/p>\n<figure><img decoding=\"async\" src=\"https:\/\/caykaragundem.com\/resimler\/2025-8\/1\/106613786108951.webp\"><\/figure>\n<p><span>Merhum Naz\u0131m G\u00f6nan 1 A\u011fustos 2025 Cuma g\u00fcn\u00fc Cuma namaz\u0131na m\u00fcteakip \u00c7aykara Merkez Camiinde k\u0131l\u0131nan cenaze namaz\u0131n\u0131n ard\u0131ndan \u00a0E\u011fridere Mahallesinde \u00a0bulunan aile kabristanl\u0131\u011f\u0131nda son yolculu\u011funa u\u011furland\u0131.<\/span><\/p>\n<p><span>Merhum Naz\u0131m G\u00f6nan\u2019\u0131n cenaze namaz\u0131na \u00c7aykara Kaymakam\u0131 Ali Sapmaz,\u00c7aykara Belediye Ba\u015fkan\u0131 Hanefi Tok,\u00c7aykara Belediye Ba\u015fkanlar\u0131ndan Nam\u0131k Kemal Gediko\u011flu,CHP \u00c7aykara \u0130l\u00e7e Ba\u015fkan\u0131 Naim \u00c7imen,Saadet Partisi \u00c7aykara \u0130l\u00e7e Ba\u015fkan\u0131 Mehmet Nuri Kad\u0131o\u011flu,\u00c7aykara \u0130l\u00e7e Milli E\u011fitim M\u00fcd\u00fcr\u00fc Ahmet \u00c7amurali,Hayrat \u0130l\u00e7e Milli E\u011fitim M\u00fcd\u00fcr\u00fc Mustafa Demircio\u011flu,e\u011fitim camias\u0131 \u00e7al\u0131\u015fanlar\u0131 ile \u00e7ok yo\u011fun bir vatanda\u015f toplulu\u011fu kat\u0131l\u0131m sa\u011flad\u0131.<\/span><\/p>\n<figure><img decoding=\"async\" src=\"https:\/\/caykaragundem.com\/resimler\/2025-8\/1\/82350616163635.webp\"><\/figure>\n<p><span>Merhum Naz\u0131m \u0130nce\u2019nin cenaze namaz\u0131nda Dua \u00c7aykara M\u00fcft\u00fcs\u00fc Fatih Karak\u0131\u015fla taraf\u0131ndan yap\u0131l\u0131rken cenaze namaz\u0131 \u00c7aykara Merkez Camii \u0130mam Hatibi Ahmet \u0130nce taraf\u0131ndan k\u0131ld\u0131r\u0131ld\u0131.<\/span><\/p>\n<p><span>\u00c7aykara G\u00fcndem gazetesi olarak merhum Naz\u0131m G\u00f6nan\u2019a Allah\u2019tan rahmet,kederli ailesine ba\u015f sa\u011fl\u0131\u011f\u0131 dileklerimizi iletiyoruz<\/span><\/p>\n<p><span>\u0130LET\u0130\u015e\u0130M<\/span><\/p>\n<p><span>\u0130zzet G\u00f6nan-O\u011flu-\u00c7aykara Halk E\u011fitim Merkezi M\u00fcd\u00fcr\u00fc-0\u00a0<\/span><a href=\"http:\/\/caykaragundem.com\/tel:536%203438328\"><span><strong>536 3438328<\/strong><\/span><\/a><\/p>\n<p><span>Mehmet G\u00f6nan-\u00c7aykara Kaymakaml\u0131\u011f\u0131 Makam \u015eof\u00f6r\u00fc-0\u00a0<\/span><a href=\"http:\/\/caykaragundem.com\/tel:535%202709809\"><span><strong>535 2709809<\/strong><\/span><\/a><\/p>\n<p><span>Zihni Boz-\u00c7aykara Anadolu Lisesi M\u00fcd\u00fcr\u00fc-0\u00a0<\/span><a href=\"http:\/\/caykaragundem.com\/tel:505%20810%208355\"><span><strong>505 810 8355<\/strong><\/span><\/a><\/p>\n<p>          <\/div>\n","protected":false},"excerpt":{"rendered":"<p>\u0130l\u00e7emiz E\u011fridere Mahallesinden Naz\u0131m G\u00f6nan \u00a0\u00c7aykara \u0130l\u00e7esinde son yolculu\u011funa u\u011furland\u0131. Ya\u015fl\u0131l\u0131\u011fa ba\u011fl\u0131 \u00e7e\u015fitli rahats\u0131zl\u0131klar\u0131 bulunan merhum Naz\u0131m G\u00f6nan bir s\u00fcre \u00f6nce rahats\u0131zlanarak KT\u00dc T\u0131p Fak\u00fcltesi E\u011fitim ve Ara\u015ft\u0131rma hastanesinde tedavi alt\u0131na al\u0131nm\u0131\u015ft\u0131 Naz\u0131m G\u00f6nan doktorlar\u0131n t\u00fcm m\u00fcdahalelerine ra\u011fmen kurtar\u0131lamayarak hayat\u0131n\u0131 kaybetmi\u015fti. Merhum Naz\u0131m G\u00f6nan,\u00c7aykara Halk E\u011fitim Merkezi M\u00fcd\u00fcr\u00fc \u0130zzet G\u00f6nan ile \u00c7aykara Kaymakaml\u0131\u011f\u0131 Yaz\u0131 \u0130\u015fleri [&hellip;]<\/p>\n","protected":false},"author":1,"featured_media":4811,"comment_status":"open","ping_status":"open","sticky":false,"template":"","format":"standard","meta":{"tdm_status":"","tdm_grid_status":"","footnotes":""},"categories":[40],"tags":[],"class_list":{"0":"post-4810","1":"post","2":"type-post","3":"status-publish","4":"format-standard","5":"has-post-thumbnail","7":"category-caykara"},"_links":{"self":[{"href":"https:\/\/zeleka.com\/index.php?rest_route=\/wp\/v2\/posts\/4810","targetHints":{"allow":["GET"]}}],"collection":[{"href":"https:\/\/zeleka.com\/index.php?rest_route=\/wp\/v2\/posts"}],"about":[{"href":"https:\/\/zeleka.com\/index.php?rest_route=\/wp\/v2\/types\/post"}],"author":[{"embeddable":true,"href":"https:\/\/zeleka.com\/index.php?rest_route=\/wp\/v2\/users\/1"}],"replies":[{"embeddable":true,"href":"https:\/\/zeleka.com\/index.php?rest_route=%2Fwp%2Fv2%2Fcomments&post=4810"}],"version-history":[{"count":0,"href":"https:\/\/zeleka.com\/index.php?rest_route=\/wp\/v2\/posts\/4810\/revisions"}],"wp:featuredmedia":[{"embeddable":true,"href":"https:\/\/zeleka.com\/index.php?rest_route=\/wp\/v2\/media\/4811"}],"wp:attachment":[{"href":"https:\/\/zeleka.com\/index.php?rest_route=%2Fwp%2Fv2%2Fmedia&parent=4810"}],"wp:term":[{"taxonomy":"category","embeddable":true,"href":"https:\/\/zeleka.com\/index.php?rest_route=%2Fwp%2Fv2%2Fcategories&post=4810"},{"taxonomy":"post_tag","embeddable":true,"href":"https:\/\/zeleka.com\/index.php?rest_route=%2Fwp%2Fv2%2Ftags&post=4810"}],"curies":[{"name":"wp","href":"https:\/\/api.w.org\/{rel}","templated":true}]}}