{"id":4808,"date":"2025-07-31T18:33:35","date_gmt":"2025-07-31T15:33:35","guid":{"rendered":"https:\/\/zeleka.com\/?p=4808"},"modified":"2025-07-31T18:33:35","modified_gmt":"2025-07-31T15:33:35","slug":"ilcemiz-taskiran-mahallesinden-mevlut-sahin-genc-yasta-amansiz-hastaliga-yenik-dustu-bir-sureden-bu-yana-kanser-hastaligi-ile-mucadele-eden-mevlut-sahin-yakalanmis-ol","status":"publish","type":"post","link":"https:\/\/zeleka.com\/?p=4808","title":{"rendered":"<div id=\"detaymetin\">                            <p>\u0130l\u00e7emiz Ta\u015fk\u0131ran \u00a0Mahallesinden Mevl\u00fct \u015eahin gen\u00e7 ya\u015fta amans\u0131z hastal\u0131\u011fa yenik d\u00fc\u015ft\u00fc.<\/p><p>Bir s\u00fcreden bu yana kanser hastal\u0131\u011f\u0131 ile m\u00fccadele eden Mevl\u00fct \u015eahin yakalanm\u0131\u015f oldu\u011fu"},"content":{"rendered":"<div id=\"detaymetin\">\n<p>\u0130l\u00e7emiz Ta\u015fk\u0131ran \u00a0Mahallesinden Mevl\u00fct \u015eahin gen\u00e7 ya\u015fta amans\u0131z hastal\u0131\u011fa yenik d\u00fc\u015ft\u00fc.<\/p>\n<p>Bir s\u00fcreden bu yana kanser hastal\u0131\u011f\u0131 ile m\u00fccadele eden Mevl\u00fct \u015eahin yakalanm\u0131\u015f oldu\u011fu amans\u0131z hastal\u0131\u011fa yenik d\u00fc\u015ferek hayat\u0131n\u0131 kaybetti<\/p>\n<p>\u00d6rnek bir insan ve \u00a0toplum adam\u0131 olarak herkes taraf\u0131ndan \u00e7ok sevilen Mevl\u00fct \u015eahin\u2019in gen\u00e7 ya\u015fta ani vefat\u0131 \u00c7aykara \u0130l\u00e7esini ve Ta\u015fk\u0131ran Mahallesini g\u00f6z ya\u015flar\u0131na bo\u011fdu.<\/p>\n<p>Merhum Mevl\u00fct \u015eahin 31 Temmuz 2025 Per\u015fembe g\u00fcn\u00fc \u00f6\u011fle namaz\u0131na m\u00fcteakip Ta\u015fk\u0131ran Merkez Camiinde k\u0131l\u0131nacak olan cenaze namaz\u0131n\u0131n ard\u0131ndan ayn\u0131 yerde bulunan aile mezarl\u0131\u011f\u0131nda son yolculu\u011funa u\u011furlanacak.<\/p>\n<p>\u00c7aykara G\u00fcndem gazetesi olarak merhum Mevl\u00fct \u015eahin\u2019e Allah\u2019tan rahmet,kederli ailesine ba\u015f sa\u011fl\u0131\u011f\u0131 dileklerimizi iletiyoruz.<\/p>\n<p>          <\/div>\n","protected":false},"excerpt":{"rendered":"<p>\u0130l\u00e7emiz Ta\u015fk\u0131ran \u00a0Mahallesinden Mevl\u00fct \u015eahin gen\u00e7 ya\u015fta amans\u0131z hastal\u0131\u011fa yenik d\u00fc\u015ft\u00fc. Bir s\u00fcreden bu yana kanser hastal\u0131\u011f\u0131 ile m\u00fccadele eden Mevl\u00fct \u015eahin yakalanm\u0131\u015f oldu\u011fu amans\u0131z hastal\u0131\u011fa yenik d\u00fc\u015ferek hayat\u0131n\u0131 kaybetti \u00d6rnek bir insan ve \u00a0toplum adam\u0131 olarak herkes taraf\u0131ndan \u00e7ok sevilen Mevl\u00fct \u015eahin\u2019in gen\u00e7 ya\u015fta ani vefat\u0131 \u00c7aykara \u0130l\u00e7esini ve Ta\u015fk\u0131ran Mahallesini g\u00f6z ya\u015flar\u0131na bo\u011fdu. [&hellip;]<\/p>\n","protected":false},"author":1,"featured_media":4809,"comment_status":"open","ping_status":"open","sticky":false,"template":"","format":"standard","meta":{"tdm_status":"","tdm_grid_status":"","footnotes":""},"categories":[40],"tags":[],"class_list":{"0":"post-4808","1":"post","2":"type-post","3":"status-publish","4":"format-standard","5":"has-post-thumbnail","7":"category-caykara"},"_links":{"self":[{"href":"https:\/\/zeleka.com\/index.php?rest_route=\/wp\/v2\/posts\/4808","targetHints":{"allow":["GET"]}}],"collection":[{"href":"https:\/\/zeleka.com\/index.php?rest_route=\/wp\/v2\/posts"}],"about":[{"href":"https:\/\/zeleka.com\/index.php?rest_route=\/wp\/v2\/types\/post"}],"author":[{"embeddable":true,"href":"https:\/\/zeleka.com\/index.php?rest_route=\/wp\/v2\/users\/1"}],"replies":[{"embeddable":true,"href":"https:\/\/zeleka.com\/index.php?rest_route=%2Fwp%2Fv2%2Fcomments&post=4808"}],"version-history":[{"count":0,"href":"https:\/\/zeleka.com\/index.php?rest_route=\/wp\/v2\/posts\/4808\/revisions"}],"wp:featuredmedia":[{"embeddable":true,"href":"https:\/\/zeleka.com\/index.php?rest_route=\/wp\/v2\/media\/4809"}],"wp:attachment":[{"href":"https:\/\/zeleka.com\/index.php?rest_route=%2Fwp%2Fv2%2Fmedia&parent=4808"}],"wp:term":[{"taxonomy":"category","embeddable":true,"href":"https:\/\/zeleka.com\/index.php?rest_route=%2Fwp%2Fv2%2Fcategories&post=4808"},{"taxonomy":"post_tag","embeddable":true,"href":"https:\/\/zeleka.com\/index.php?rest_route=%2Fwp%2Fv2%2Ftags&post=4808"}],"curies":[{"name":"wp","href":"https:\/\/api.w.org\/{rel}","templated":true}]}}