{"id":4806,"date":"2025-07-31T18:33:36","date_gmt":"2025-07-31T15:33:36","guid":{"rendered":"https:\/\/zeleka.com\/?p=4806"},"modified":"2025-07-31T18:33:36","modified_gmt":"2025-07-31T15:33:36","slug":"caykara-kaymakami-ali-sapmazyaz-donemi-destekleme-ve-yetistirme-kurslaridykna-devam-eden-ogrenciler-ile-sultanmurat-yaylasinda-bir-araya-geldi-yaz-doneminde-ger","status":"publish","type":"post","link":"https:\/\/zeleka.com\/?p=4806","title":{"rendered":"<div id=\"detaymetin\">                            <p>\u00c7aykara Kaymakam\u0131 Ali Sapmaz,Yaz D\u00f6nemi Destekleme ve Yeti\u015ftirme Kurslar\u0131(DYK)\u2019na devam eden \u00f6\u011frenciler ile Sultanmurat Yaylas\u0131nda bir araya geldi.<\/p><p>Yaz d\u00f6neminde ger\u00e7ekle\u015ftirilen DYK K"},"content":{"rendered":"<div id=\"detaymetin\">\n<p>\u00c7aykara Kaymakam\u0131 Ali Sapmaz,Yaz D\u00f6nemi Destekleme ve Yeti\u015ftirme Kurslar\u0131(DYK)\u2019na devam eden \u00f6\u011frenciler ile Sultanmurat Yaylas\u0131nda bir araya geldi.<\/p>\n<p>Yaz d\u00f6neminde ger\u00e7ekle\u015ftirilen DYK Kurslar\u0131 ile 2026 Y\u0131l\u0131 \u00dcniversite s\u0131navlar\u0131na haz\u0131rlanan ve \u00c7aykara \u00d6\u011frenci Yurtlar\u0131nda konaklayan \u00f6\u011frenciler i\u00e7in moral motivasyon destek ama\u00e7l\u0131 olarak \u00c7aykara \u0130l\u00e7e Milli E\u011fitim M\u00fcd\u00fcr\u00fc Ahmet \u00c7amurali taraf\u0131ndan \u0130l\u00e7enin \u00f6nemli Turizm Merkezlerinden Sultanmurat Yaylas\u0131 Gezi Organizasyonu ger\u00e7ekle\u015ftirildi.<\/p>\n<figure><img decoding=\"async\" src=\"https:\/\/caykaragundem.com\/resimler\/2025-7\/30\/72908209450550.webp\"><\/figure>\n<p>Gezi Organizasyonuna \u00c7aykara Anadolu Lisesi ve \u00c7aykara \u015eehit Ahmet \u00c7amur Anadolu \u0130mam Hatip Lisesinde ger\u00e7ekle\u015ftirilen DYK Kurslar\u0131na devam eden 12. S\u0131n\u0131f \u00f6\u011frencileri kat\u0131l\u0131m sa\u011flad\u0131.<\/p>\n<p>\u00c7aykara Kaymakam\u0131 Ali Sapmaz,\u00c7aykara \u0130l\u00e7e Jandarma Komutan\u0131 \u00dcste\u011fmen Emre Can Narin,\u00c7aykara \u0130l\u00e7e Emniyet Amiri Alparslan Albayrak ,\u00c7aykara \u0130l\u00e7e Milli E\u011fitim M\u00fcd\u00fcr\u00fc Ahmet \u00c7amurali \u00f6\u011frenciler ile birlikte gezi organizasyonuna kat\u0131l\u0131m sa\u011flayarak \u00f6\u011frencilere moral motivasyon deste\u011fi sa\u011flad\u0131lar.<\/p>\n<figure><img decoding=\"async\" src=\"https:\/\/caykaragundem.com\/resimler\/2025-7\/30\/869702071734285.webp\"><\/figure>\n<p>\u00d6\u011frenciler ile birlikte Sultanmurat Yaylas\u0131nda bulunan \u015eehitli\u011fi ziyaret eden Kaymakam Sapmaz ve Protokol \u00fcyeleri daha sonra ise yayla sakinleri ve \u00f6\u011frenciler ile birlikte ger\u00e7ekle\u015ftirilen sohbete kat\u0131l\u0131m sa\u011flad\u0131lar.<\/p>\n<p>Organizasyon ile ilgili g\u00f6r\u00fc\u015flerini ifade eden \u00c7aykara Kaymakam\u0131 Ali Sapmaz,\u00c7aykara \u0130l\u00e7esinin her y\u00f6n\u00fc ile \u00f6rnek ve farkl\u0131 bir e\u011fitim il\u00e7esi oldu\u011funu,\u00f6\u011frencilerin hayallerine ula\u015fmalar\u0131 ve arzu ettikleri \u00fcniversiteyi kazanmalar\u0131 anlam\u0131nda \u00e7ok yo\u011fun bir \u00e7al\u0131\u015fma temposu ger\u00e7ekle\u015ftirildi\u011fini ifade etti.<\/p>\n<figure><img decoding=\"async\" src=\"https:\/\/caykaragundem.com\/resimler\/2025-7\/30\/102515238555697.webp\"><\/figure>\n<p>Her yerde t\u00fcm \u00f6\u011frenciler yaz tatilinde iken \u00c7aykara \u0130l\u00e7esinde \u00f6\u011frencilerin yo\u011fun bir \u015fekilde Merkezi Sistem su\u0131navlar\u0131na haz\u0131rland\u0131klar\u0131n\u0131 ifade eden Kaymakam Ali Sapmaz,\u00f6\u011frencilerin s\u0131nava haz\u0131rl\u0131k motivasyonlar\u0131n\u0131n y\u00fckseltilmesi anlam\u0131nda \u00f6\u011frenciler i\u00e7in sportif,sosyal ve k\u00fclt\u00fcrel bir \u00e7ok etkinlik ger\u00e7ekle\u015ftirildi\u011fini,kendilerinin f\u0131rsat bulduk\u00e7a bu etkinliklere kat\u0131l\u0131m sa\u011flad\u0131klar\u0131n\u0131 bu g\u00fcn de \u0130l\u00e7enin en \u00f6nemli Turizm Destinasyonlar\u0131ndan olan Sultanmurat Yayllas\u0131nda \u00f6\u011frenciler ile bir araya gelmekten \u00e7ok b\u00fcy\u00fck bir mutluluk duyduklar\u0131n\u0131 s\u00f6zlerine ekledi.<\/p>\n<p>          <\/div>\n","protected":false},"excerpt":{"rendered":"<p>\u00c7aykara Kaymakam\u0131 Ali Sapmaz,Yaz D\u00f6nemi Destekleme ve Yeti\u015ftirme Kurslar\u0131(DYK)\u2019na devam eden \u00f6\u011frenciler ile Sultanmurat Yaylas\u0131nda bir araya geldi. Yaz d\u00f6neminde ger\u00e7ekle\u015ftirilen DYK Kurslar\u0131 ile 2026 Y\u0131l\u0131 \u00dcniversite s\u0131navlar\u0131na haz\u0131rlanan ve \u00c7aykara \u00d6\u011frenci Yurtlar\u0131nda konaklayan \u00f6\u011frenciler i\u00e7in moral motivasyon destek ama\u00e7l\u0131 olarak \u00c7aykara \u0130l\u00e7e Milli E\u011fitim M\u00fcd\u00fcr\u00fc Ahmet \u00c7amurali taraf\u0131ndan \u0130l\u00e7enin \u00f6nemli Turizm Merkezlerinden Sultanmurat Yaylas\u0131 [&hellip;]<\/p>\n","protected":false},"author":1,"featured_media":4807,"comment_status":"open","ping_status":"open","sticky":false,"template":"","format":"standard","meta":{"tdm_status":"","tdm_grid_status":"","footnotes":""},"categories":[40],"tags":[],"class_list":{"0":"post-4806","1":"post","2":"type-post","3":"status-publish","4":"format-standard","5":"has-post-thumbnail","7":"category-caykara"},"_links":{"self":[{"href":"https:\/\/zeleka.com\/index.php?rest_route=\/wp\/v2\/posts\/4806","targetHints":{"allow":["GET"]}}],"collection":[{"href":"https:\/\/zeleka.com\/index.php?rest_route=\/wp\/v2\/posts"}],"about":[{"href":"https:\/\/zeleka.com\/index.php?rest_route=\/wp\/v2\/types\/post"}],"author":[{"embeddable":true,"href":"https:\/\/zeleka.com\/index.php?rest_route=\/wp\/v2\/users\/1"}],"replies":[{"embeddable":true,"href":"https:\/\/zeleka.com\/index.php?rest_route=%2Fwp%2Fv2%2Fcomments&post=4806"}],"version-history":[{"count":0,"href":"https:\/\/zeleka.com\/index.php?rest_route=\/wp\/v2\/posts\/4806\/revisions"}],"wp:featuredmedia":[{"embeddable":true,"href":"https:\/\/zeleka.com\/index.php?rest_route=\/wp\/v2\/media\/4807"}],"wp:attachment":[{"href":"https:\/\/zeleka.com\/index.php?rest_route=%2Fwp%2Fv2%2Fmedia&parent=4806"}],"wp:term":[{"taxonomy":"category","embeddable":true,"href":"https:\/\/zeleka.com\/index.php?rest_route=%2Fwp%2Fv2%2Fcategories&post=4806"},{"taxonomy":"post_tag","embeddable":true,"href":"https:\/\/zeleka.com\/index.php?rest_route=%2Fwp%2Fv2%2Ftags&post=4806"}],"curies":[{"name":"wp","href":"https:\/\/api.w.org\/{rel}","templated":true}]}}