{"id":4804,"date":"2025-07-31T18:33:37","date_gmt":"2025-07-31T15:33:37","guid":{"rendered":"https:\/\/zeleka.com\/?p=4804"},"modified":"2025-07-31T18:33:37","modified_gmt":"2025-07-31T15:33:37","slug":"trabzonda-bikka-cafe-ruzgari-esiyor-caykarali-isletme-bicca-cafer-ortahisar-ilcesinde-ikinci-subesini-de-acarak-trabzon-insanina-hizmet-vermeye-basladi","status":"publish","type":"post","link":"https:\/\/zeleka.com\/?p=4804","title":{"rendered":"<div id=\"detaymetin\">                            <p><span>Trabzon\u2019da Bikka Cafe r\u00fczgar\u0131 esiyor.<\/span><\/p><p><span>\u00c7aykara\u2019l\u0131 \u0130\u015fletme Bicca Cafer Ortahisar \u0130l\u00e7esinde ikinci \u015fubesini de a\u00e7arak Trabzon insan\u0131na hizmet vermeye ba\u015flad\u0131.<\/span"},"content":{"rendered":"<div id=\"detaymetin\">\n<p><span>Trabzon\u2019da Bikka Cafe r\u00fczgar\u0131 esiyor.<\/span><\/p>\n<p><span>\u00c7aykara\u2019l\u0131 \u0130\u015fletme Bicca Cafer Ortahisar \u0130l\u00e7esinde ikinci \u015fubesini de a\u00e7arak Trabzon insan\u0131na hizmet vermeye ba\u015flad\u0131.<\/span><\/p>\n<figure><img decoding=\"async\" src=\"https:\/\/caykaragundem.com\/resimler\/2025-7\/31\/77382655615730.webp\"><\/figure>\n<p><span>Bar\u0131\u015f ve \u0130smail \u00d6zt\u00fcrk karde\u015fler taraf\u0131ndan Trabzon\u2019un hizmetine sunulan Bikka Cafe kaliteli hizmet anlay\u0131\u015f\u0131,tecr\u00fcbeli personeli ve i\u015fini d\u00fczg\u00fcn yapan ticaret anlay\u0131\u015f\u0131 ile Trabzon ilinde senelerden bu yana \u00e7ok b\u00fcy\u00fck takdir g\u00f6r\u00fcyor.<\/span><\/p>\n<p><span>2015 y\u0131l\u0131nda\u00a0<\/span><a target=\"_blank\" rel=\"noopener noreferrer\" href=\"https:\/\/www.haber61.net\/haberleri\/ortahisar\"><span>Ortahisar<\/span><\/a><span>\u00a0il\u00e7esi Kalk\u0131nma Mahallesi\u2019nde ilk \u015fubesini a\u00e7arak hizmete ba\u015flayan Bikka Cafe, m\u00fc\u015fterilerinin yo\u011fun be\u011fenisi ve ilgisi sonucu ikinci \u015fubesini de Ortahisar il\u00e7esi \u00c7aml\u0131k Mahallesi\u2019nde t\u00f6renle a\u00e7t\u0131.<\/span><\/p>\n<figure><img decoding=\"async\" src=\"https:\/\/caykaragundem.com\/resimler\/2025-7\/31\/92177588118235.webp\"><\/figure>\n<p><span>A\u00e7\u0131l\u0131\u015fa, B\u00fcy\u00fck\u015fehir Belediye Ba\u015fkan\u0131 \u00a0Ahmet Metin Gen\u00e7, Yomra Belediye Ba\u015fkan\u0131 Mustafa B\u0131y\u0131k, \u00c7aykara Belediye Ba\u015fkan\u0131 Hanefi Tok, Cumhuriyet Halk Partisi\u00a0<\/span><a target=\"_blank\" rel=\"noopener noreferrer\" href=\"https:\/\/www.haber61.net\/haberleri\/trabzon\"><span>Trabzon<\/span><\/a><span>\u00a0Milletvekili Av. Sibel Sui\u00e7mez, Ticaret ve Sanayi Odas\u0131 Ba\u015fkan\u0131 Say\u0131n Erkut \u00c7elebi, Trabzon Mimarlar Odas\u0131 Ba\u015fkan\u0131 Prof. Dr. Serb\u00fclent Vural, Trabzon \u015eof\u00f6rler ve Otomobilciler Odas\u0131 Ba\u015fkan\u0131 \u00d6mer Hakan Usta, Trabzon B\u00fcy\u00fck\u015fehir Belediyesi Gen\u00e7lik ve Spor Daire Ba\u015fkan\u0131 \u00d6zg\u00fcr Kara ve vatanda\u015flar kat\u0131ld\u0131.<\/span><\/p>\n<figure><img decoding=\"async\" src=\"https:\/\/caykaragundem.com\/resimler\/2025-7\/31\/505751307565578.webp\"><\/figure>\n<p>          <\/div>\n","protected":false},"excerpt":{"rendered":"<p>Trabzon\u2019da Bikka Cafe r\u00fczgar\u0131 esiyor. \u00c7aykara\u2019l\u0131 \u0130\u015fletme Bicca Cafer Ortahisar \u0130l\u00e7esinde ikinci \u015fubesini de a\u00e7arak Trabzon insan\u0131na hizmet vermeye ba\u015flad\u0131. Bar\u0131\u015f ve \u0130smail \u00d6zt\u00fcrk karde\u015fler taraf\u0131ndan Trabzon\u2019un hizmetine sunulan Bikka Cafe kaliteli hizmet anlay\u0131\u015f\u0131,tecr\u00fcbeli personeli ve i\u015fini d\u00fczg\u00fcn yapan ticaret anlay\u0131\u015f\u0131 ile Trabzon ilinde senelerden bu yana \u00e7ok b\u00fcy\u00fck takdir g\u00f6r\u00fcyor. 2015 y\u0131l\u0131nda\u00a0Ortahisar\u00a0il\u00e7esi Kalk\u0131nma Mahallesi\u2019nde [&hellip;]<\/p>\n","protected":false},"author":1,"featured_media":4805,"comment_status":"open","ping_status":"open","sticky":false,"template":"","format":"standard","meta":{"tdm_status":"","tdm_grid_status":"","footnotes":""},"categories":[40],"tags":[],"class_list":{"0":"post-4804","1":"post","2":"type-post","3":"status-publish","4":"format-standard","5":"has-post-thumbnail","7":"category-caykara"},"_links":{"self":[{"href":"https:\/\/zeleka.com\/index.php?rest_route=\/wp\/v2\/posts\/4804","targetHints":{"allow":["GET"]}}],"collection":[{"href":"https:\/\/zeleka.com\/index.php?rest_route=\/wp\/v2\/posts"}],"about":[{"href":"https:\/\/zeleka.com\/index.php?rest_route=\/wp\/v2\/types\/post"}],"author":[{"embeddable":true,"href":"https:\/\/zeleka.com\/index.php?rest_route=\/wp\/v2\/users\/1"}],"replies":[{"embeddable":true,"href":"https:\/\/zeleka.com\/index.php?rest_route=%2Fwp%2Fv2%2Fcomments&post=4804"}],"version-history":[{"count":0,"href":"https:\/\/zeleka.com\/index.php?rest_route=\/wp\/v2\/posts\/4804\/revisions"}],"wp:featuredmedia":[{"embeddable":true,"href":"https:\/\/zeleka.com\/index.php?rest_route=\/wp\/v2\/media\/4805"}],"wp:attachment":[{"href":"https:\/\/zeleka.com\/index.php?rest_route=%2Fwp%2Fv2%2Fmedia&parent=4804"}],"wp:term":[{"taxonomy":"category","embeddable":true,"href":"https:\/\/zeleka.com\/index.php?rest_route=%2Fwp%2Fv2%2Fcategories&post=4804"},{"taxonomy":"post_tag","embeddable":true,"href":"https:\/\/zeleka.com\/index.php?rest_route=%2Fwp%2Fv2%2Ftags&post=4804"}],"curies":[{"name":"wp","href":"https:\/\/api.w.org\/{rel}","templated":true}]}}