{"id":4794,"date":"2025-07-29T17:30:33","date_gmt":"2025-07-29T14:30:33","guid":{"rendered":"https:\/\/zeleka.com\/?p=4794"},"modified":"2025-07-29T17:30:33","modified_gmt":"2025-07-29T14:30:33","slug":"geleneksel-kurtdagi-yayla-senligi-3-agustos-2025-pazar-gunu-gerceklestirilecek-2003-yilindan-bu-yana-her-yil-geleneksel-olarak-duzenlenen-ve-caykara-ilcesinin-en","status":"publish","type":"post","link":"https:\/\/zeleka.com\/?p=4794","title":{"rendered":"<div id=\"detaymetin\">                            <p><span>Geleneksel Kurtda\u011f\u0131 Yayla \u015eenli\u011fi 3 A\u011fustos 2025 Pazar g\u00fcn\u00fc ger\u00e7ekle\u015ftirilecek.<\/span><\/p><p><span>2003 Y\u0131l\u0131ndan bu yana her y\u0131l Geleneksel olarak d\u00fczenlenen ve \u00c7aykara \u0130l\u00e7esinin en"},"content":{"rendered":"<div id=\"detaymetin\">\n<p><span>Geleneksel Kurtda\u011f\u0131 Yayla \u015eenli\u011fi 3 A\u011fustos 2025 Pazar g\u00fcn\u00fc ger\u00e7ekle\u015ftirilecek.<\/span><\/p>\n<p><span>2003 Y\u0131l\u0131ndan bu yana her y\u0131l Geleneksel olarak d\u00fczenlenen ve \u00c7aykara \u0130l\u00e7esinin en eski \u015fenliklerinden bir tanesi olan Kurtda\u011f\u0131 Yayla \u015eenlikleri 3 A\u011fustos 2025 Pazar g\u00fcn\u00fc ger\u00e7ekle\u015ftiriliyor.<\/span><\/p>\n<p><span>Kurtda\u011f\u0131 Yayla \u015eenlikleri K\u00fclt\u00fcr ve Dayan\u0131\u015fma Derne\u011fi taraf\u0131ndan organize edilen ve 10 Mahallenin ortak kat\u0131l\u0131mlar\u0131 ile ger\u00e7ekle\u015ftirilen \u00c7aykara \u0130l\u00e7esinin en eski \u015fenliklerinden olan Kurtda\u011f\u0131 Yayla \u015eenliklerinin her y\u0131l oldu\u011fu gibi bu y\u0131l da \u00e7ok yo\u011fun bir kat\u0131l\u0131m ile ger\u00e7ekle\u015fece\u011fi tahmin ediliyor.<\/span><\/p>\n<p><span>Kurtda\u011f\u0131 Yayla \u015eenlikleri K\u00fclt\u00fcr ve Dayan\u0131\u015fma Derne\u011fi Ba\u015fkan\u0131 Ye\u015filalan mahallesi muhtar\u0131 \u0130lyas Lemahmuto\u011flu gazetemize yapt\u0131\u011f\u0131 a\u00e7\u0131klamada \u015fu ifadelere yer verdi.:<\/span><\/p>\n<p><span>\u201c2003 y\u0131l\u0131ndan itibaren ger\u00e7ekle\u015ftirilen Kurtda\u011f\u0131 Yayla \u015eenlikleri bu y\u0131l 03 A\u011fustos Pazar g\u00fcn\u00fc yap\u0131lacakt\u0131r. \u0130l\u00e7emizin \u00f6nemli \u015fenliklerinden olan ve 10 k\u00f6y\u00fcn kat\u0131l\u0131m\u0131 ile ger\u00e7ekle\u015ftirilen Kurtda\u011f\u0131 \u015fenliklerin sanat\u00e7\u0131 ve program \u00a0\u00e7al\u0131\u015fmas\u0131 tamamlanm\u0131\u015ft\u0131r. Y\u00f6resel sanat\u00e7\u0131lar\u0131m\u0131z\u0131n sahne alaca\u011f\u0131 \u015fenlikte \u00a0Karadeniz M\u00fczi\u011fi,nin \u00f6nemli seslerini \u00c7aykara Halk\u0131m\u0131z ile bulu\u015fturmay\u0131 hedefliyoruz. Birlik beraberlik dostluk ve kayna\u015fman\u0131n \u00f6ne \u00e7\u0131kt\u0131\u011f\u0131 \u015fenlikte halk\u0131m\u0131z\u0131, y\u00f6re insan\u0131m\u0131z\u0131 ve gurbet\u00e7ilerimizi bekliyoruz.\u201d dedi<\/span><\/p>\n<p><span>\u015eenliklerde sahne alacak Sanat\u00e7\u0131lar<\/span><\/p>\n<p><span>1-Kerim Ayd\u0131n<\/span><\/p>\n<p><span>2-Yakup Atalay<\/span><\/p>\n<p><span>3-Cemal Kaygusuz<\/span><\/p>\n<p><span>4-Furkan Kama<\/span><\/p>\n<p><span>5-Orhan Sayg\u0131n<\/span><\/p>\n<p><span>6-Serhat Y\u0131ld\u0131r\u0131m<\/span><\/p>\n<p><span>7-Mustafa Turgut<\/span><\/p>\n<p><span>8-G\u00f6khan Tabano\u011flu<\/span><\/p>\n<p><span>9-Mustafa Kara<\/span><\/p>\n<p><span>10-G\u00f6khan Ayd\u0131n<\/span><\/p>\n<p><span>11-Turan Kanbero\u011flu (Kemen\u00e7e)<\/span><\/p>\n<p><span>12-Furkan Y\u0131lmaz (Klavye)<\/span><\/p>\n<p><span>13-Fatma Hasano\u011flu (Sunucu)<\/span><\/p>\n<p>          <\/div>\n","protected":false},"excerpt":{"rendered":"<p>Geleneksel Kurtda\u011f\u0131 Yayla \u015eenli\u011fi 3 A\u011fustos 2025 Pazar g\u00fcn\u00fc ger\u00e7ekle\u015ftirilecek. 2003 Y\u0131l\u0131ndan bu yana her y\u0131l Geleneksel olarak d\u00fczenlenen ve \u00c7aykara \u0130l\u00e7esinin en eski \u015fenliklerinden bir tanesi olan Kurtda\u011f\u0131 Yayla \u015eenlikleri 3 A\u011fustos 2025 Pazar g\u00fcn\u00fc ger\u00e7ekle\u015ftiriliyor. Kurtda\u011f\u0131 Yayla \u015eenlikleri K\u00fclt\u00fcr ve Dayan\u0131\u015fma Derne\u011fi taraf\u0131ndan organize edilen ve 10 Mahallenin ortak kat\u0131l\u0131mlar\u0131 ile ger\u00e7ekle\u015ftirilen \u00c7aykara [&hellip;]<\/p>\n","protected":false},"author":1,"featured_media":4795,"comment_status":"open","ping_status":"open","sticky":false,"template":"","format":"standard","meta":{"tdm_status":"","tdm_grid_status":"","footnotes":""},"categories":[40],"tags":[],"class_list":{"0":"post-4794","1":"post","2":"type-post","3":"status-publish","4":"format-standard","5":"has-post-thumbnail","7":"category-caykara"},"_links":{"self":[{"href":"https:\/\/zeleka.com\/index.php?rest_route=\/wp\/v2\/posts\/4794","targetHints":{"allow":["GET"]}}],"collection":[{"href":"https:\/\/zeleka.com\/index.php?rest_route=\/wp\/v2\/posts"}],"about":[{"href":"https:\/\/zeleka.com\/index.php?rest_route=\/wp\/v2\/types\/post"}],"author":[{"embeddable":true,"href":"https:\/\/zeleka.com\/index.php?rest_route=\/wp\/v2\/users\/1"}],"replies":[{"embeddable":true,"href":"https:\/\/zeleka.com\/index.php?rest_route=%2Fwp%2Fv2%2Fcomments&post=4794"}],"version-history":[{"count":0,"href":"https:\/\/zeleka.com\/index.php?rest_route=\/wp\/v2\/posts\/4794\/revisions"}],"wp:featuredmedia":[{"embeddable":true,"href":"https:\/\/zeleka.com\/index.php?rest_route=\/wp\/v2\/media\/4795"}],"wp:attachment":[{"href":"https:\/\/zeleka.com\/index.php?rest_route=%2Fwp%2Fv2%2Fmedia&parent=4794"}],"wp:term":[{"taxonomy":"category","embeddable":true,"href":"https:\/\/zeleka.com\/index.php?rest_route=%2Fwp%2Fv2%2Fcategories&post=4794"},{"taxonomy":"post_tag","embeddable":true,"href":"https:\/\/zeleka.com\/index.php?rest_route=%2Fwp%2Fv2%2Ftags&post=4794"}],"curies":[{"name":"wp","href":"https:\/\/api.w.org\/{rel}","templated":true}]}}