{"id":4786,"date":"2025-07-28T17:29:08","date_gmt":"2025-07-28T14:29:08","guid":{"rendered":"https:\/\/zeleka.com\/?p=4786"},"modified":"2025-07-28T17:29:08","modified_gmt":"2025-07-28T14:29:08","slug":"uzungol-inceli-mahallesinden-hayri-manavoglunun-esi-elmas-manavoglu-vefat-etti-cesitli-rahatsizliklari-bulunan-merhume-elmas-manavoglutedavi-gordugu-ha","status":"publish","type":"post","link":"https:\/\/zeleka.com\/?p=4786","title":{"rendered":"<div id=\"detaymetin\">                            <p>Uzung\u00f6l\u00a0 \u0130nceli Mahalle&#8217;sinden \u00a0Hayri Manavo\u011flu&#8217;nun E\u015fi\u00a0 Elmas Manavo\u011flu vefat etti.<\/p><p>\u00c7e\u015fitli rahats\u0131zl\u0131klar\u0131 bulunan Merhume Elmas Manavo\u011flu,tedavi g\u00f6rd\u00fc\u011f\u00fc hastanede hayat\u0131n\u0131 ka"},"content":{"rendered":"<div id=\"detaymetin\">\n<p>Uzung\u00f6l\u00a0 \u0130nceli Mahalle&#8217;sinden \u00a0Hayri Manavo\u011flu&#8217;nun E\u015fi\u00a0 Elmas Manavo\u011flu vefat etti.<\/p>\n<p>\u00c7e\u015fitli rahats\u0131zl\u0131klar\u0131 bulunan Merhume Elmas Manavo\u011flu,tedavi g\u00f6rd\u00fc\u011f\u00fc hastanede hayat\u0131n\u0131 kaybetti.<\/p>\n<p>Merhume Elmas Manavo\u011flu,Uzung\u00f6l&#8217;\u00fcn sevilen esnaflar\u0131ndan ve Turizm \u0130\u015fletmecilerinden Hayri Manavo\u011flu\u2019nun e\u015fi,Mustafa Manavo\u011flu\u2019nun annesi,Uzung\u00f6l\u2019\u00fcn sevilen esnaflar\u0131ndan ve turizmcilerinden Zeki Manap\u2019\u0131n karde\u015fiydi.<\/p>\n<p>Merhume Elmas Manavo\u011flu\u00a029 Temmuz 2025\u00a0 Sal\u0131 g\u00fcn\u00fc (Yar\u0131n)\u00a0 \u00d6\u011fle namaz\u0131n\u0131 m\u00fcteakip Uzung\u00f6l Merkez Camii&#8217;inde\u00a0 k\u0131l\u0131nacak cenaze namaz\u0131n\u0131n ard\u0131ndan \u0130nceli\u00a0Mahalle&#8217;sine\u00a0 defnedilecek.<\/p>\n<p>\u00c7aykara G\u00fcndem Gazetesi olarak Merhume Elmas Manavo\u011flu\u2019na Allah\u2019tan rahmet,\u00a0 kederli yak\u0131nlar\u0131na ba\u015fsa\u011fl\u0131\u011f\u0131 dileriz.<\/p>\n<p><strong>\u0130LET\u0130\u015e\u0130M<\/strong><\/p>\n<p><strong>Hayri Manavo\u011flu E\u015fi: <\/strong><span><strong>0 (532) 407 82 99<\/strong><\/span><\/p>\n<p><strong>Mustafa Manavo\u011flu O\u011flu :\u00a0 <\/strong><span><strong>0 (532) 417 84 71<\/strong><\/span><\/p>\n<p><strong>Zeki Manap Abisi:\u00a0 \u00a0<\/strong><span><strong>0 (533) 699 56 40<\/strong><\/span><\/p>\n<p>          <\/div>\n","protected":false},"excerpt":{"rendered":"<p>Uzung\u00f6l\u00a0 \u0130nceli Mahalle&#8217;sinden \u00a0Hayri Manavo\u011flu&#8217;nun E\u015fi\u00a0 Elmas Manavo\u011flu vefat etti. \u00c7e\u015fitli rahats\u0131zl\u0131klar\u0131 bulunan Merhume Elmas Manavo\u011flu,tedavi g\u00f6rd\u00fc\u011f\u00fc hastanede hayat\u0131n\u0131 kaybetti. Merhume Elmas Manavo\u011flu,Uzung\u00f6l&#8217;\u00fcn sevilen esnaflar\u0131ndan ve Turizm \u0130\u015fletmecilerinden Hayri Manavo\u011flu\u2019nun e\u015fi,Mustafa Manavo\u011flu\u2019nun annesi,Uzung\u00f6l\u2019\u00fcn sevilen esnaflar\u0131ndan ve turizmcilerinden Zeki Manap\u2019\u0131n karde\u015fiydi. Merhume Elmas Manavo\u011flu\u00a029 Temmuz 2025\u00a0 Sal\u0131 g\u00fcn\u00fc (Yar\u0131n)\u00a0 \u00d6\u011fle namaz\u0131n\u0131 m\u00fcteakip Uzung\u00f6l Merkez Camii&#8217;inde\u00a0 k\u0131l\u0131nacak [&hellip;]<\/p>\n","protected":false},"author":1,"featured_media":4787,"comment_status":"open","ping_status":"open","sticky":false,"template":"","format":"standard","meta":{"tdm_status":"","tdm_grid_status":"","footnotes":""},"categories":[40],"tags":[],"class_list":{"0":"post-4786","1":"post","2":"type-post","3":"status-publish","4":"format-standard","5":"has-post-thumbnail","7":"category-caykara"},"_links":{"self":[{"href":"https:\/\/zeleka.com\/index.php?rest_route=\/wp\/v2\/posts\/4786","targetHints":{"allow":["GET"]}}],"collection":[{"href":"https:\/\/zeleka.com\/index.php?rest_route=\/wp\/v2\/posts"}],"about":[{"href":"https:\/\/zeleka.com\/index.php?rest_route=\/wp\/v2\/types\/post"}],"author":[{"embeddable":true,"href":"https:\/\/zeleka.com\/index.php?rest_route=\/wp\/v2\/users\/1"}],"replies":[{"embeddable":true,"href":"https:\/\/zeleka.com\/index.php?rest_route=%2Fwp%2Fv2%2Fcomments&post=4786"}],"version-history":[{"count":0,"href":"https:\/\/zeleka.com\/index.php?rest_route=\/wp\/v2\/posts\/4786\/revisions"}],"wp:featuredmedia":[{"embeddable":true,"href":"https:\/\/zeleka.com\/index.php?rest_route=\/wp\/v2\/media\/4787"}],"wp:attachment":[{"href":"https:\/\/zeleka.com\/index.php?rest_route=%2Fwp%2Fv2%2Fmedia&parent=4786"}],"wp:term":[{"taxonomy":"category","embeddable":true,"href":"https:\/\/zeleka.com\/index.php?rest_route=%2Fwp%2Fv2%2Fcategories&post=4786"},{"taxonomy":"post_tag","embeddable":true,"href":"https:\/\/zeleka.com\/index.php?rest_route=%2Fwp%2Fv2%2Ftags&post=4786"}],"curies":[{"name":"wp","href":"https:\/\/api.w.org\/{rel}","templated":true}]}}