{"id":4782,"date":"2025-07-25T15:31:40","date_gmt":"2025-07-25T12:31:40","guid":{"rendered":"https:\/\/zeleka.com\/?p=4782"},"modified":"2025-07-25T15:31:40","modified_gmt":"2025-07-25T12:31:40","slug":"caykara-kaymakamligi-tarafindan-organize-edilen-2025-yili-caykara-kaymakamligi-ali-keles-futbol-turnuvasi-basladi-turnuvanin-acilis-toreni-24-temmuz-2025-persembe-gunu-saat","status":"publish","type":"post","link":"https:\/\/zeleka.com\/?p=4782","title":{"rendered":"<div id=\"detaymetin\">                            <p>\u00c7aykara Kaymakaml\u0131\u011f\u0131 taraf\u0131ndan organize edilen 2025 Y\u0131l\u0131 \u00c7aykara Kaymakaml\u0131\u011f\u0131 Ali Kele\u015f Futbol Turnuvas\u0131 ba\u015flad\u0131.<\/p><p>Turnuvan\u0131n a\u00e7\u0131l\u0131\u015f t\u00f6reni 24 Temmuz 2025 Per\u015fembe g\u00fcn\u00fc saat"},"content":{"rendered":"<div id=\"detaymetin\">\n<p>\u00c7aykara Kaymakaml\u0131\u011f\u0131 taraf\u0131ndan organize edilen 2025 Y\u0131l\u0131 \u00c7aykara Kaymakaml\u0131\u011f\u0131 Ali Kele\u015f Futbol Turnuvas\u0131 ba\u015flad\u0131.<\/p>\n<p>Turnuvan\u0131n a\u00e7\u0131l\u0131\u015f t\u00f6reni 24 Temmuz 2025 Per\u015fembe g\u00fcn\u00fc saat 18.30\u2019da \u00c7aykara \u0130l\u00e7e Stadyumunda ger\u00e7ekle\u015ftirildi.<\/p>\n<p>Turnuvan\u0131n a\u00e7\u0131l\u0131\u015f t\u00f6renine \u00c7aykara Kaymakam\u0131 Ali Sapmaz,\u00c7aykara Belediye Ba\u015fkan\u0131 Hanefi Tok,\u00c7aykara \u0130l\u00e7e Jandarma Komutan\u0131 \u00dcste\u011fmen Emre Can Narin,\u00c7aykara \u0130l\u00e7e Emniyet Amiri Komiser Alparslan Albayrak,\u00c7aykara Gen\u00e7lik ve Spor \u0130l\u00e7e M\u00fcd\u00fcr\u00fc Yusuf Kurt,\u00c7aykara \u0130l\u00e7e Tar\u0131m M\u00fcd\u00fcr\u00fc Ersin Yavuz Birkan ile sporcular ve \u00e7ok kalabal\u0131k bir vatanda\u015f toplulu\u011fu kat\u0131l\u0131m sa\u011flad\u0131.<\/p>\n<figure><img decoding=\"async\" src=\"https:\/\/caykaragundem.com\/resimler\/2025-7\/25\/4075802088589.webp\"><\/figure>\n<p>Program Sayg\u0131 Duru\u015fu ve \u0130stiklal Mar\u015f\u0131 ile ba\u015flad\u0131<\/p>\n<p>Bayburt\u2019ta ge\u00e7irmi\u015f oldu\u011fu elim bir trafik kazas\u0131 sonras\u0131nda gen\u00e7 ya\u015fta hayat\u0131n\u0131 kaybeden ve Turnuva Organizasyon Komitesi olarak Turnuvaya ismi verilen Ali Kele\u015f ile ilgili bilgi verildi<\/p>\n<figure><img decoding=\"async\" src=\"https:\/\/caykaragundem.com\/resimler\/2025-7\/25\/74198294953248.webp\"><\/figure>\n<p>\u00c7aykara Belediye Ba\u015fkan\u0131 Hanefi Tok\u2019un turnuva ile ilgili konu\u015fmas\u0131 yap\u0131ld\u0131.<\/p>\n<p>\u00c7aykara Kaymakam\u0131 Ali Sapmaz\u2019\u0131n Turnuva ile ilgili konu\u015fmas\u0131n\u0131n yap\u0131lmas\u0131.<\/p>\n<figure><img decoding=\"async\" src=\"https:\/\/caykaragundem.com\/resimler\/2025-7\/25\/39945703289679.webp\"><\/figure>\n<p>\u00c7aykara Kaymakam\u0131 Ali Sapmaz ve Belediye Ba\u015fkan\u0131 Hanefi Tok taraf\u0131ndan Bayburt\u2019ta ge\u00e7irmi\u015f oldu\u011fu kaza sonucu vefat eden Ali Kele\u015f\u2019in anne ve babas\u0131 \u015e\u00fckran Erdo\u011fan Kele\u015f \u00e7iftine \u00e7i\u00e7ek takdimi ger\u00e7ekle\u015ftirildi ve ba\u015f sa\u011fl\u0131\u011f\u0131 dilekleri iletildi.<\/p>\n<figure><img decoding=\"async\" src=\"https:\/\/caykaragundem.com\/resimler\/2025-7\/25\/686971914819745.webp\"><\/figure>\n<p>\u00c7aykara \u0130l\u00e7e Stadyumunda \u0131\u015f\u0131klar\u0131n kapat\u0131ld\u0131,\u00c7aykara Gen\u00e7lik Merkezi taraf\u0131ndan haz\u0131rlanan g\u00f6rsel g\u00f6steri ile birlikte a\u00e7\u0131l\u0131\u015f ma\u00e7\u0131n\u0131 oynayacak olan E\u011friderespor ve \u0130spendamspor tak\u0131mlar\u0131n\u0131n hakemler ile birlikte \u015eampiyonlar Ligi m\u00fczi\u011fi e\u015fli\u011finde sahaya y\u00fcr\u00fcd\u00fcler.<\/p>\n<p>\u00c7aykara Kaymakam\u0131 Ali Sapmaz ve \u00c7aykara Belediye Ba\u015fkan\u0131 Hanefi Tok taraf\u0131ndan ba\u015flama vuru\u015fu ger\u00e7ekle\u015ftirildi.<\/p>\n<p><strong>E\u011eR\u0130DERSPOR BIRAKTI\u011eI YERDEN 5-1<\/strong><\/p>\n<p>Turnuvan\u0131n a\u00e7\u0131l\u0131\u015f kar\u015f\u0131la\u015fmas\u0131 E\u011friderespor ile \u0130spendamspor aras\u0131nda ger\u00e7ekle\u015ftirildi.<\/p>\n<figure><img decoding=\"async\" src=\"https:\/\/caykaragundem.com\/resimler\/2025-7\/25\/40485403037149.webp\"><\/figure>\n<p>Turnuvan\u0131n tecr\u00fcbeli tak\u0131mlar\u0131ndan E\u011friderespor ilk ma\u00e7\u0131nda rakibine 5-1\u2019lik \u00fcst\u00fcn l\u00fck sa\u011flayarak turnuvaya iyi bir ba\u015flang\u0131\u00e7 yapt\u0131.<\/p>\n<p>Gen\u00e7 isimlerden olu\u015fan \u0130spendamspor ise ilk ma\u00e7\u0131nda tecr\u00fcbeli rakibi kar\u015f\u0131s\u0131nda kaybetse de azim ve m\u00fccadeleleri ile \u00a0gelecek ma\u00e7lar i\u00e7in umut verdiler.<\/p>\n<figure><img decoding=\"async\" src=\"https:\/\/caykaragundem.com\/resimler\/2025-7\/25\/645752106195174.webp\"><\/figure>\n<p>HAROSSPOR-ULUCAM\u0130SPOR MA\u00c7I YARIDA KALDI<\/p>\n<p>A Grubunun ikinci ma\u00e7\u0131nda Ulucamispor ile Harosspor aras\u0131nda oynand\u0131.<\/p>\n<p>Sahada ya\u015fanan olumsuz geli\u015fmeler dolay\u0131s\u0131 ile yar\u0131m kalan ma\u00e7 ile ilgili karar Turnuva Organizasyon Komitesi taraf\u0131ndan verilecek.<\/p>\n<figure><img decoding=\"async\" src=\"https:\/\/caykaragundem.com\/resimler\/2025-7\/25\/36111207931302.webp\"><\/figure>\n<p>Kar\u015f\u0131la\u015fman\u0131n ilk yar\u0131s\u0131 Ulucamispor\u2019un 3-0\u2019l\u0131k \u00fcst\u00fcnl\u00fc\u011f\u00fc ile sona erdi.<\/p>\n<p>Harosspor ma\u00e7\u0131n ikinci yar\u0131s\u0131nfda geri d\u00f6nd\u00fc ve skoru 3-2\u2019ye getirdi.<\/p>\n<p>Ulucamispor ma\u00e7\u0131n sonlar\u0131na do\u011fru bir gol daha bularak ma\u00e7\u0131n skorunu 4-2\u2019ye getirdi.<\/p>\n<figure><img decoding=\"async\" src=\"https:\/\/caykaragundem.com\/resimler\/2025-7\/25\/58635934628637.webp\"><\/figure>\n<p>Kar\u015f\u0131la\u015fman\u0131n sonlar\u0131na do\u011fru ya\u015fanan bir ikili m\u00fccadele sonras\u0131nda iki tak\u0131m oyuncular\u0131 aras\u0131nda ya\u015fanan olumsuz davran\u0131\u015flar dolay\u0131s\u0131 ile kar\u015f\u0131la\u015fman\u0131n hakemi soyunma odas\u0131na gitti.<\/p>\n<p>Sahada toplanan Organizasyon Komitesi kar\u015f\u0131la\u015fman\u0131n tatil edildi\u011fini duyurdu.<\/p>\n<p>Kar\u015f\u0131la\u015fma ile ilgili karar Organizasyon Komitesi taraf\u0131ndan verilecek.<\/p>\n<figure><img decoding=\"async\" src=\"https:\/\/caykaragundem.com\/resimler\/2025-7\/25\/798902089817040.webp\"><\/figure>\n<p>BU G\u00dcN \u00dc\u00c7 KAR\u015eILA\u015eMA VAR<\/p>\n<p>Kaymakaml\u0131k Kupas\u0131 Ali Kele\u015f Futbol Turnuvas\u0131nda bu g\u00fcn \u00fc\u00e7 kar\u015f\u0131la\u015fma oynanacak.<\/p>\n<p>UZUNG\u00d6LSPOR TA\u015eKIRAN KAR\u015eISINDA<\/p>\n<p>Turnuvada g\u00fcn\u00fcn ilk ma\u00e7\u0131nda B Grubunda Uzung\u00f6lspor-Ta\u015fk\u0131ranspor heyecan\u0131 ya\u015fanacak.<\/p>\n<p>Turnuvada iddial\u0131 bir ekip olu\u015fturan Uzung\u00f6lspor bu y\u0131l \u015eampiyonluk hedefliyor.Tecr\u00fcbeli oyuncular ile gen\u00e7 jenerasyonun birlikte harmanland\u0131\u011f\u0131 Uzung\u00f6lspor Tak\u0131m\u0131 ilk ma\u00e7\u0131nda Ta\u015fk\u0131ranspor kar\u015f\u0131s\u0131nda kazanmak istiyor.<\/p>\n<p>Her Turnuvan\u0131n \u0130ddial\u0131 ekiplerinden Ta\u015fk\u0131ranspor ise bu y\u0131l da tuyrnuvaya iyi bir ba\u015flang\u0131\u00e7 yaparak Uzung\u00f6lspor kar\u015f\u0131s\u0131nda kazanmak istiyor.<\/p>\n<p>Keyifli ve \u00e7eki\u015fmeli ge\u00e7mesi beklenen kar\u015f\u0131la\u015fma saat 18.00\u2019da ba\u015flayacak.<\/p>\n<p>T\u00fcm Sporseverleri kar\u015f\u0131la\u015fmaya bekliyoruz.<\/p>\n<p><strong>C GRUBUNDA RA\u015e\u0130SPOR-\u00c7AYKARA GEN\u00c7L\u0130K<\/strong><\/p>\n<p>Turnuvada C Grubunun a\u00e7\u0131l\u0131\u015f ma\u00e7\u0131nda Ra\u015fispor ve \u00c7aykara Gen\u00e7lik Tak\u0131mlar\u0131 kar\u015f\u0131 kar\u015f\u0131ya gelecek<\/p>\n<p>Turnuvan\u0131n renkli tak\u0131mlar\u0131ndan Ra\u015fispor her y\u0131l oldu\u011fu gibi bu y\u0131l da iddial\u0131 ve g\u00fc\u00e7l\u00fc bir ekip ile turnuvaya kat\u0131l\u0131yor ve turnuvaya galibiyet ile ba\u015flamak istiyor.<\/p>\n<p>\u00c7aykara \u0130l\u00e7esinin gen\u00e7 delikanl\u0131lar\u0131ndan olu\u015fan \u00c7aykara Gen\u00e7lik ise enerjilerini sahaya yans\u0131tarak ilk ma\u00e7tan galibiyet ile ayr\u0131lmak istiyor.<\/p>\n<p>Saat 19.30\u2019da ba\u015flayacak olan bu keyifli kar\u015f\u0131la\u015fmaya t\u00fcm \u00c7aykara Halk\u0131n\u0131 davet ediyoruz.<\/p>\n<p>D GRUBU NEFES KESECEK<\/p>\n<p>Gecenin son ma\u00e7\u0131nda D Grubu heyecan\u0131 ya\u015fanacak.<\/p>\n<p>Turnuvan\u0131n \u015eampiyonluk adaylar\u0131ndan \u015eahinkayaspor ile Ta\u015fl\u0131gedikspor zor ma\u00e7ta kar\u015f\u0131 kar\u015f\u0131ya gelecekler.<\/p>\n<p>Her y\u0131l oldu\u011fu gibi bu sene de zirve m\u00fccadelesi hedefleyen \u015eahinkayaspor turnuvaya galibiyet ile ba\u015flamak istiyor.<\/p>\n<p>Yusuf Yaz\u0131c\u0131\u2019n\u0131n Mahallesi Ta\u015fl\u0131gedikspor ise turnuvaya katm\u0131\u015f oldu\u011fu renk,g\u00fczellik ve de\u011feri bu y\u0131l da devam ettirerek ilk ma\u00e7\u0131nda galibiyet hedefliyor.<\/p>\n<p>Bu keyif dolu kar\u015f\u0131la\u015fman\u0131n ba\u015flama saati 21.00<\/p>\n<p>T\u00fcm \u00c7aykara Halk\u0131n\u0131 bu keyif dolu kar\u015f\u0131la\u015fmaya davet ediyoruz.<\/p>\n<p>A GRUBU PUAN DURUMU<\/p>\n<figure>\n<table readabilityDataTable=\"1\">\n<tbody>\n<tr>\n<td>\n<p>S<\/p>\n<\/td>\n<td>\n<p>TAKIM<\/p>\n<\/td>\n<td>\n<p>O<\/p>\n<\/td>\n<td>\n<p>G<\/p>\n<\/td>\n<td>\n<p>B<\/p>\n<\/td>\n<td>\n<p>M<\/p>\n<\/td>\n<td>\n<p>AG<\/p>\n<\/td>\n<td>\n<p>YG<\/p>\n<\/td>\n<td>\n<p>AV<\/p>\n<\/td>\n<td>\n<p>P<\/p>\n<\/td>\n<\/tr>\n<tr>\n<td>\n<p>1<\/p>\n<\/td>\n<td>\n<p>E\u011eR\u0130DERESPOR<\/p>\n<\/td>\n<td>\n<p>1<\/p>\n<\/td>\n<td>\n<p>1<\/p>\n<\/td>\n<td><\/td>\n<td><\/td>\n<td>\n<p>5<\/p>\n<\/td>\n<td>\n<p>1<\/p>\n<\/td>\n<td>\n<p>4<\/p>\n<\/td>\n<td>\n<p>3<\/p>\n<\/td>\n<\/tr>\n<tr>\n<td>\n<p>2<\/p>\n<\/td>\n<td>\n<p>HAROSSPOR<\/p>\n<\/td>\n<td><\/td>\n<td><\/td>\n<td><\/td>\n<td><\/td>\n<td><\/td>\n<td><\/td>\n<td><\/td>\n<td><\/td>\n<\/tr>\n<tr>\n<td>\n<p>3<\/p>\n<\/td>\n<td>\n<p>ULUCAM\u0130SPOR<\/p>\n<\/td>\n<td><\/td>\n<td><\/td>\n<td><\/td>\n<td><\/td>\n<td><\/td>\n<td><\/td>\n<td><\/td>\n<td><\/td>\n<\/tr>\n<tr>\n<td>\n<p>4<\/p>\n<\/td>\n<td>\n<p>\u0130SPENDAMSPOR<\/p>\n<\/td>\n<td>\n<p>1<\/p>\n<\/td>\n<td><\/td>\n<td><\/td>\n<td>\n<p>1<\/p>\n<\/td>\n<td>\n<p>1<\/p>\n<\/td>\n<td>\n<p>5<\/p>\n<\/td>\n<td>\n<p>-4<\/p>\n<\/td>\n<td><\/td>\n<\/tr>\n<\/tbody>\n<\/table>\n<\/figure>\n<p><strong>A GRUBU-<\/strong><\/p>\n<p>E\u011eR\u0130DERESPOR<\/p>\n<p>HAROSSPOR<\/p>\n<p>\u0130SPENDAMSPOR<\/p>\n<p>ULUCAM\u0130 SPOR<\/p>\n<p><strong>B GRUBU:<\/strong><\/p>\n<p>JANDARMA<\/p>\n<p>UZUNG\u00d6LSPOR<\/p>\n<p>TA\u015eKIRANSPOR<\/p>\n<p><strong>C-GRUBU<\/strong><\/p>\n<p>\u00c7AYKARA GEN\u00c7L\u0130K<\/p>\n<p>ANT\u0130KORSPOR<\/p>\n<p>RA\u015e\u0130 SPOR<\/p>\n<p><strong>D GRUBU<\/strong><\/p>\n<p>TA\u015eLIGED\u0130KSPOR<\/p>\n<p>\u015eAH\u0130NKAYASPOR<\/p>\n<p>YE\u015e\u0130LALANSPOR<\/p>\n<p>24 TEMMUZ 2025 PER\u015eEMBE G\u00dcN\u00dc BA\u015eLIYOR<\/p>\n<p>Kaymakaml\u0131k Kupas\u0131 Ali Kele\u015f Futbol Turnuvas\u0131 24 Temmuz 2025 Per\u015fembe g\u00fcn\u00fc ba\u015flayacak.Turnuvan\u0131n a\u00e7\u0131l\u0131\u015f ma\u00e7\u0131 olan E\u011friderespor-\u0130spendamspor kar\u015f\u0131la\u015fmas\u0131ndan \u00f6nce Turnuva i\u00e7in a\u00e7\u0131l\u0131\u015f t\u00f6reni ger\u00e7ekle\u015ftirilecek.<\/p>\n<p>25 TEMMUZ\u2019DA 3 MA\u00c7<\/p>\n<p>Turnuvada sadece 25 Temmuz 2025 Cuma g\u00fcn\u00fc 3 ma\u00e7 oynanacak.Di\u011fer g\u00fcnler ise 2 ma\u00e7 oynanacak.<\/p>\n<p>\u00c7EYREK F\u0130 NAL MA\u00c7 PROGRAMI BELL\u0130 OLDU<\/p>\n<p>Turnuvan\u0131n \u00c7eyrek Finalinde A Grubu tak\u0131mlar\u0131 ile C Grubu tak\u0131mlar\u0131 e\u015fle\u015firken B Grubu Tak\u0131mlar\u0131 ise D Grubu tak\u0131mlar\u0131 ile e\u015fle\u015fecek.<\/p>\n<p>A Grubu Birincisi C Grubu \u0130kincisi ile;<\/p>\n<p>C Grubu Birincisi,A Grubu \u0130kincisi ile;<\/p>\n<p>B Grubu Birincisi,D Grubu ikincisi ile<\/p>\n<p>D Grubu Birincisi ,B Grubu \u0130kincisi ile e\u015fle\u015fecek<\/p>\n<p>TURNUVADA MA\u00c7 PROGRAMI \u015eU \u015eEK\u0130LDE OLU\u015eTU<\/p>\n<p><strong>A GRUBU-<\/strong><\/p>\n<p><strong>1.HAFTA<\/strong><\/p>\n<figure>\n<table readabilityDataTable=\"1\">\n<tbody>\n<tr>\n<td>\n<p>TAKIM<\/p>\n<\/td>\n<td>\n<p>TAKIM<\/p>\n<\/td>\n<td>\n<p>TAR\u0130H<\/p>\n<\/td>\n<td>\n<p>SAAT<\/p>\n<\/td>\n<\/tr>\n<tr>\n<td>\n<p>E\u011eR\u0130DERESPOR<\/p>\n<\/td>\n<td>\n<p>\u0130SPENDAMSPOR<\/p>\n<\/td>\n<td>\n<p>24.07.2025-PER\u015eEMBE<\/p>\n<\/td>\n<td>\n<p>19.00<\/p>\n<\/td>\n<\/tr>\n<tr>\n<td>\n<p>HAROSSPOR<\/p>\n<\/td>\n<td>\n<p>ULUCAM\u0130SPOR<\/p>\n<\/td>\n<td>\n<p>24.07.2025-PER\u015eEMBE<\/p>\n<\/td>\n<td>\n<p>20.30<\/p>\n<\/td>\n<\/tr>\n<\/tbody>\n<\/table>\n<\/figure>\n<p><strong>2.HAFTA<\/strong><\/p>\n<figure>\n<table readabilityDataTable=\"0\">\n<tbody>\n<tr>\n<td>\n<p>HAROSSPOR<\/p>\n<\/td>\n<td>\n<p>E\u011eR\u0130DERESPOR<\/p>\n<\/td>\n<td>\n<p>28.07.2025-PAZARTES\u0130<\/p>\n<\/td>\n<td>\n<p>19.00<\/p>\n<\/td>\n<\/tr>\n<tr>\n<td>\n<p>ULUCAM\u0130 SPOR<\/p>\n<\/td>\n<td>\n<p>\u0130SPENDAMSPOR<\/p>\n<\/td>\n<td>\n<p>28.07.2025-PAZARTES\u0130<\/p>\n<\/td>\n<td>\n<p>20.30<\/p>\n<\/td>\n<\/tr>\n<\/tbody>\n<\/table>\n<\/figure>\n<p><strong>3.HAFTA<\/strong><\/p>\n<figure>\n<table readabilityDataTable=\"0\">\n<tbody>\n<tr>\n<td>\n<p>HAROSSPOR<\/p>\n<\/td>\n<td>\n<p>\u0130SPENDAMSPOR<\/p>\n<\/td>\n<td>\n<p>31.07.2025&#8211;PER\u015eEMBE<\/p>\n<\/td>\n<td>\n<p>19.00<\/p>\n<\/td>\n<\/tr>\n<tr>\n<td>\n<p>E\u011eR\u0130DERSPOR<\/p>\n<\/td>\n<td>\n<p>ULUCAM\u0130SPOR<\/p>\n<\/td>\n<td>\n<p>31.07.2025-PER\u015eEMBE<\/p>\n<\/td>\n<td>\n<p>20.30<\/p>\n<\/td>\n<\/tr>\n<\/tbody>\n<\/table>\n<\/figure>\n<p><strong>B GRUBU-<\/strong><\/p>\n<p><strong>1.HAFTA<\/strong><\/p>\n<figure>\n<table readabilityDataTable=\"0\">\n<tbody>\n<tr>\n<td>\n<p>UZUNG\u00d6LSPOR<\/p>\n<\/td>\n<td>\n<p>TA\u015eKIRANSPOR<\/p>\n<\/td>\n<td>\n<p>25.07.2025-CUMA<\/p>\n<\/td>\n<td>\n<p>18.00<\/p>\n<\/td>\n<\/tr>\n<tr>\n<td colspan=\"4\">\n<p>JANDARMASPOR-BAY<\/p>\n<\/td>\n<\/tr>\n<\/tbody>\n<\/table>\n<\/figure>\n<p><strong>2.HAFTA<\/strong><\/p>\n<figure>\n<table readabilityDataTable=\"0\">\n<tbody>\n<tr>\n<td>\n<p>JANDARMASPOR<\/p>\n<\/td>\n<td>\n<p>TA\u015eKIRANSPOR<\/p>\n<\/td>\n<td>\n<p>29.07.2025-SALI<\/p>\n<\/td>\n<td>\n<p>19.30<\/p>\n<\/td>\n<\/tr>\n<tr>\n<td colspan=\"4\">\n<p>UZUNG\u00d6LSPOR-BAY<\/p>\n<\/td>\n<\/tr>\n<\/tbody>\n<\/table>\n<\/figure>\n<p><strong>3.HAFTA<\/strong><\/p>\n<figure>\n<table readabilityDataTable=\"0\">\n<tbody>\n<tr>\n<td>\n<p>UZUNG\u00d6LSPOR<\/p>\n<\/td>\n<td>\n<p>JANDARMASPOR<\/p>\n<\/td>\n<td>\n<p>01.08.2025-CUMA<\/p>\n<\/td>\n<td>\n<p>21.00<\/p>\n<\/td>\n<\/tr>\n<tr>\n<td colspan=\"4\">\n<p>TA\u015eKIRANSPOR-BAY<\/p>\n<\/td>\n<\/tr>\n<\/tbody>\n<\/table>\n<\/figure>\n<p><strong>C GRUBU-<\/strong><\/p>\n<p><strong>1.HAFTA<\/strong><\/p>\n<figure>\n<table readabilityDataTable=\"0\">\n<tbody>\n<tr>\n<td>\n<p>RA\u015e\u0130SPOR<\/p>\n<\/td>\n<td>\n<p>\u00c7AYKARAGEN\u00c7L\u0130K<\/p>\n<\/td>\n<td>\n<p>25.07.2025-CUMA<\/p>\n<\/td>\n<td>\n<p>19.30<\/p>\n<\/td>\n<\/tr>\n<tr>\n<td colspan=\"4\">\n<p>ANT\u0130KORSPOR-BAY<\/p>\n<\/td>\n<\/tr>\n<\/tbody>\n<\/table>\n<\/figure>\n<p><strong>2.HAFTA<\/strong><\/p>\n<figure>\n<table readabilityDataTable=\"0\">\n<tbody>\n<tr>\n<td>\n<p>ANT\u0130KORSPOR<\/p>\n<\/td>\n<td>\n<p>RA\u015e\u0130SPOR<\/p>\n<\/td>\n<td>\n<p>29.07.2025-SALI<\/p>\n<\/td>\n<td>\n<p>21.00<\/p>\n<\/td>\n<\/tr>\n<tr>\n<td colspan=\"4\">\n<p>\u00c7AYKARAGEN\u00c7L\u0130K-BAY<\/p>\n<\/td>\n<\/tr>\n<\/tbody>\n<\/table>\n<\/figure>\n<p><strong>3.HAFTA<\/strong><\/p>\n<figure>\n<table readabilityDataTable=\"0\">\n<tbody>\n<tr>\n<td>\n<p>\u00c7AYKARAGEN\u00c7L\u0130K<\/p>\n<\/td>\n<td>\n<p>ANT\u0130KORSPOR<\/p>\n<\/td>\n<td>\n<p>01.08.2025-CUMA<\/p>\n<\/td>\n<td>\n<p>18.00<\/p>\n<\/td>\n<\/tr>\n<tr>\n<td colspan=\"4\">\n<p>RA\u015e\u0130SPOR&#8211;BAY<\/p>\n<\/td>\n<\/tr>\n<\/tbody>\n<\/table>\n<\/figure>\n<p><strong>D GRUBU-<\/strong><\/p>\n<p><strong>1.HAFTA<\/strong><\/p>\n<figure>\n<table readabilityDataTable=\"0\">\n<tbody>\n<tr>\n<td>\n<p>\u015eAH\u0130NKAYASPOR<\/p>\n<\/td>\n<td>\n<p>TA\u015eLIGED\u0130KSPOR<\/p>\n<\/td>\n<td>\n<p>25.07.2025-CUMA<\/p>\n<\/td>\n<td>\n<p>21.00<\/p>\n<\/td>\n<\/tr>\n<tr>\n<td colspan=\"4\">\n<p>YE\u015e\u0130LALANSPOR-BAY<\/p>\n<\/td>\n<\/tr>\n<\/tbody>\n<\/table>\n<\/figure>\n<p><strong>2.HAFTA<\/strong><\/p>\n<figure>\n<table readabilityDataTable=\"0\">\n<tbody>\n<tr>\n<td>\n<p>\u015eAH\u0130NKAYSASPOR<\/p>\n<\/td>\n<td>\n<p>YE\u015e\u0130LALANSPOR<\/p>\n<\/td>\n<td>\n<p>29.07.2025-SALI<\/p>\n<\/td>\n<td>\n<p>18.00<\/p>\n<\/td>\n<\/tr>\n<tr>\n<td colspan=\"4\">\n<p>TA\u015eLIGED\u0130KSPOR-BAY<\/p>\n<\/td>\n<\/tr>\n<\/tbody>\n<\/table>\n<\/figure>\n<p><strong>3.HAFTA<\/strong><\/p>\n<figure>\n<table readabilityDataTable=\"0\">\n<tbody>\n<tr>\n<td>\n<p>YE\u015e\u0130LALANSPOR<\/p>\n<\/td>\n<td>\n<p>TA\u015eLIGED\u0130KSPOR<\/p>\n<\/td>\n<td>\n<p>01.08.2025<\/p>\n<\/td>\n<td>\n<p>19.30<\/p>\n<\/td>\n<\/tr>\n<tr>\n<td colspan=\"4\">\n<p>\u015eAH\u0130NKAYASPOR&#8211;BAY<\/p>\n<\/td>\n<\/tr>\n<\/tbody>\n<\/table>\n<\/figure>\n<p>\u00c7EYREK F\u0130NAL E\u015eLE\u015eMELER\u0130<\/p>\n<figure>\n<table readabilityDataTable=\"0\">\n<tbody>\n<tr>\n<td>\n<p>1.TAKIM<\/p>\n<\/td>\n<td>\n<p>2.TAKIM<\/p>\n<\/td>\n<\/tr>\n<tr>\n<td>\n<p>A GRUBU B\u0130R\u0130NC\u0130S\u0130<\/p>\n<\/td>\n<td>\n<p>C GRUBU \u0130K\u0130NC\u0130S\u0130<\/p>\n<\/td>\n<\/tr>\n<tr>\n<td>\n<p>C GRUBU B\u0130R\u0130NC\u0130S\u0130<\/p>\n<\/td>\n<td>\n<p>A GRUBU \u0130K\u0130NC\u0130S\u0130<\/p>\n<\/td>\n<\/tr>\n<tr>\n<td>\n<p>B GRUBU B\u0130R\u0130NC\u0130S\u0130<\/p>\n<\/td>\n<td>\n<p>D GRUBU \u0130K\u0130NC\u0130S\u0130<\/p>\n<\/td>\n<\/tr>\n<tr>\n<td>\n<p>D GRUBU B\u0130R\u0130NC\u0130S\u0130<\/p>\n<\/td>\n<td>\n<p>B GRUBU \u0130K\u0130NC\u0130S\u0130<\/p>\n<\/td>\n<\/tr>\n<\/tbody>\n<\/table>\n<\/figure>\n<p>G\u00dcN G\u00dcN SIRALI MA\u00c7 PROGRAMI \u0130SE \u015eU \u015eEK\u0130LDE:<\/p>\n<figure>\n<table readabilityDataTable=\"1\">\n<tbody>\n<tr>\n<td colspan=\"2\">\n<p>E\u011eR\u0130DERESPOR<\/p>\n<\/td>\n<td>\n<p>\u0130SPENDAMSPOR<\/p>\n<\/td>\n<td colspan=\"2\">\n<p>24.07.2025-PER\u015eEMBE<\/p>\n<\/td>\n<td>\n<p>19.00<\/p>\n<\/td>\n<\/tr>\n<tr>\n<td colspan=\"2\">\n<p>HAROSSPOR<\/p>\n<\/td>\n<td>\n<p>ULUCAM\u0130SPOR<\/p>\n<\/td>\n<td colspan=\"2\">\n<p>24.07.2025-PER\u015eEMBE<\/p>\n<\/td>\n<td>\n<p>20.30<\/p>\n<\/td>\n<\/tr>\n<tr>\n<td colspan=\"2\">\n<p>UZUNG\u00d6LSPOR<\/p>\n<\/td>\n<td>\n<p>TA\u015eKIRANSPOR<\/p>\n<\/td>\n<td colspan=\"2\">\n<p>25.07.2025-CUMA<\/p>\n<\/td>\n<td>\n<p>18.00<\/p>\n<\/td>\n<\/tr>\n<tr>\n<td colspan=\"2\">\n<p>RA\u015e\u0130SPOR<\/p>\n<\/td>\n<td>\n<p>\u00c7AYKARAGEN\u00c7L\u0130K<\/p>\n<\/td>\n<td colspan=\"2\">\n<p>25.07.2025-CUMA<\/p>\n<\/td>\n<td>\n<p>19.30<\/p>\n<\/td>\n<\/tr>\n<tr>\n<td>\n<p>\u015eA H\u0130NKAYASPOR<\/p>\n<\/td>\n<td colspan=\"2\">\n<p>TA\u015eLIGED\u0130KSPOR<\/p>\n<\/td>\n<td colspan=\"2\">\n<p>25.07.2025-CUMA<\/p>\n<\/td>\n<td>\n<p>21.00<\/p>\n<\/td>\n<\/tr>\n<tr>\n<td>\n<p>HAROSSPOR<\/p>\n<\/td>\n<td colspan=\"2\">\n<p>E\u011eR\u0130DERESPOR<\/p>\n<\/td>\n<td colspan=\"2\">\n<p>28.07.2025-PAZARTES\u0130<\/p>\n<\/td>\n<td>\n<p>19.00<\/p>\n<\/td>\n<\/tr>\n<tr>\n<td>\n<p>ULUCAM\u0130 SPOR<\/p>\n<\/td>\n<td colspan=\"2\">\n<p>\u0130SPENDAMSPOR<\/p>\n<\/td>\n<td colspan=\"2\">\n<p>28.07.2025-PAZARTES\u0130<\/p>\n<\/td>\n<td>\n<p>20.30<\/p>\n<\/td>\n<\/tr>\n<tr>\n<td>\n<p>JANDARMASPOR<\/p>\n<\/td>\n<td colspan=\"2\">\n<p>TA\u015eKIRANSPOR<\/p>\n<\/td>\n<td colspan=\"2\">\n<p>29.07.2025-SALI<\/p>\n<\/td>\n<td>\n<p>19.30<\/p>\n<\/td>\n<\/tr>\n<tr>\n<td>\n<p>ANT\u0130KORSPOR<\/p>\n<\/td>\n<td colspan=\"2\">\n<p>RA\u015e\u0130SPOR<\/p>\n<\/td>\n<td colspan=\"2\">\n<p>29.07.2025-SALI<\/p>\n<\/td>\n<td>\n<p>21.00<\/p>\n<\/td>\n<\/tr>\n<tr>\n<td>\n<p>HAROSSPOR<\/p>\n<\/td>\n<td colspan=\"2\">\n<p>\u0130SPENDAMSPOR<\/p>\n<\/td>\n<td colspan=\"2\">\n<p>31.07.2025&#8211;PER\u015eEMBE<\/p>\n<\/td>\n<td>\n<p>19.00<\/p>\n<\/td>\n<\/tr>\n<tr>\n<td>\n<p>E\u011eR\u0130DERSPOR<\/p>\n<\/td>\n<td colspan=\"2\">\n<p>ULUCAM\u0130SPOR<\/p>\n<\/td>\n<td colspan=\"2\">\n<p>31.07.2025-PER\u015eEMBE<\/p>\n<\/td>\n<td>\n<p>20.30<\/p>\n<\/td>\n<\/tr>\n<tr>\n<td>\n<p>YE\u015e\u0130LALANSPOR<\/p>\n<\/td>\n<td colspan=\"2\">\n<p>TA\u015eLIGED\u0130KSPOR<\/p>\n<\/td>\n<td colspan=\"2\">\n<p>01.08.2025<\/p>\n<\/td>\n<td>\n<p>19.30<\/p>\n<\/td>\n<\/tr>\n<tr>\n<td colspan=\"2\">\n<p>UZUNG\u00d6LSPOR<\/p>\n<\/td>\n<td>\n<p>JANDARMASPOR<\/p>\n<\/td>\n<td>\n<p>01.08.2025-CUMA<\/p>\n<\/td>\n<td colspan=\"2\">\n<p>21.00<\/p>\n<\/td>\n<\/tr>\n<tr>\n<td>\u00a0<\/td>\n<td>\u00a0<\/td>\n<td>\u00a0<\/td>\n<td>\u00a0<\/td>\n<td>\u00a0<\/td>\n<td>\u00a0<\/td>\n<\/tr>\n<\/tbody>\n<\/table>\n<\/figure>\n<p>          <\/div>\n","protected":false},"excerpt":{"rendered":"<p>\u00c7aykara Kaymakaml\u0131\u011f\u0131 taraf\u0131ndan organize edilen 2025 Y\u0131l\u0131 \u00c7aykara Kaymakaml\u0131\u011f\u0131 Ali Kele\u015f Futbol Turnuvas\u0131 ba\u015flad\u0131. Turnuvan\u0131n a\u00e7\u0131l\u0131\u015f t\u00f6reni 24 Temmuz 2025 Per\u015fembe g\u00fcn\u00fc saat 18.30\u2019da \u00c7aykara \u0130l\u00e7e Stadyumunda ger\u00e7ekle\u015ftirildi. Turnuvan\u0131n a\u00e7\u0131l\u0131\u015f t\u00f6renine \u00c7aykara Kaymakam\u0131 Ali Sapmaz,\u00c7aykara Belediye Ba\u015fkan\u0131 Hanefi Tok,\u00c7aykara \u0130l\u00e7e Jandarma Komutan\u0131 \u00dcste\u011fmen Emre Can Narin,\u00c7aykara \u0130l\u00e7e Emniyet Amiri Komiser Alparslan Albayrak,\u00c7aykara Gen\u00e7lik ve Spor [&hellip;]<\/p>\n","protected":false},"author":1,"featured_media":4783,"comment_status":"open","ping_status":"open","sticky":false,"template":"","format":"standard","meta":{"tdm_status":"","tdm_grid_status":"","footnotes":""},"categories":[40],"tags":[],"class_list":{"0":"post-4782","1":"post","2":"type-post","3":"status-publish","4":"format-standard","5":"has-post-thumbnail","7":"category-caykara"},"_links":{"self":[{"href":"https:\/\/zeleka.com\/index.php?rest_route=\/wp\/v2\/posts\/4782","targetHints":{"allow":["GET"]}}],"collection":[{"href":"https:\/\/zeleka.com\/index.php?rest_route=\/wp\/v2\/posts"}],"about":[{"href":"https:\/\/zeleka.com\/index.php?rest_route=\/wp\/v2\/types\/post"}],"author":[{"embeddable":true,"href":"https:\/\/zeleka.com\/index.php?rest_route=\/wp\/v2\/users\/1"}],"replies":[{"embeddable":true,"href":"https:\/\/zeleka.com\/index.php?rest_route=%2Fwp%2Fv2%2Fcomments&post=4782"}],"version-history":[{"count":0,"href":"https:\/\/zeleka.com\/index.php?rest_route=\/wp\/v2\/posts\/4782\/revisions"}],"wp:featuredmedia":[{"embeddable":true,"href":"https:\/\/zeleka.com\/index.php?rest_route=\/wp\/v2\/media\/4783"}],"wp:attachment":[{"href":"https:\/\/zeleka.com\/index.php?rest_route=%2Fwp%2Fv2%2Fmedia&parent=4782"}],"wp:term":[{"taxonomy":"category","embeddable":true,"href":"https:\/\/zeleka.com\/index.php?rest_route=%2Fwp%2Fv2%2Fcategories&post=4782"},{"taxonomy":"post_tag","embeddable":true,"href":"https:\/\/zeleka.com\/index.php?rest_route=%2Fwp%2Fv2%2Ftags&post=4782"}],"curies":[{"name":"wp","href":"https:\/\/api.w.org\/{rel}","templated":true}]}}