{"id":4780,"date":"2025-07-25T15:31:41","date_gmt":"2025-07-25T12:31:41","guid":{"rendered":"https:\/\/zeleka.com\/?p=4780"},"modified":"2025-07-25T15:31:41","modified_gmt":"2025-07-25T12:31:41","slug":"caykara-kaymakamligi-ali-keles-futbol-turnuvasinda-ulucamispor-ve-harosspor-organiszasyon-komitesinin-karari-dogrultusunda-turnuvadan-ihrac-edildi-24-temmuz-2025-aksami-oyn","status":"publish","type":"post","link":"https:\/\/zeleka.com\/?p=4780","title":{"rendered":"<div id=\"detaymetin\">                            <p>\u00c7aykara Kaymakaml\u0131\u011f\u0131 Ali Kele\u015f Futbol Turnuvas\u0131nda Ulucamispor ve Harosspor Organi\u015fzasyon Komitesinin karar\u0131 do\u011frultusunda turnuvadan ihra\u00e7 edildi.<\/p><p>24 Temmuz 2025 ak\u015fam\u0131 oynanan Ulucami"},"content":{"rendered":"<div id=\"detaymetin\">\n<p>\u00c7aykara Kaymakaml\u0131\u011f\u0131 Ali Kele\u015f Futbol Turnuvas\u0131nda Ulucamispor ve Harosspor Organi\u015fzasyon Komitesinin karar\u0131 do\u011frultusunda turnuvadan ihra\u00e7 edildi.<\/p>\n<p>24 Temmuz 2025 ak\u015fam\u0131 oynanan Ulucamispor-Harosspor kar\u015f\u0131la\u015fmas\u0131nda oyuncular ve taraftarlar aras\u0131nda ya\u015fanan gerginlik dolay\u0131s\u0131 ile kar\u015f\u0131la\u015fman\u0131n hakemi Abdullah \u00d6zt\u00fcrk(COLL\u0130NA) \u00a0soyunma odas\u0131na gitmi\u015fti.<\/p>\n<p>Daha sonra acil olarak toplanan Organizasyon Komitesi kar\u015f\u0131la\u015fman\u0131n devam etmemesi karar\u0131 vermi\u015fti.<\/p>\n<p>Gece ge\u00e7 saatlere kadar Stadyumda toplant\u0131 yapan Turnuva Organizasyon Komitesi ya\u015fanan olumsuz geli\u015fmelerden dolay\u0131 her iki tak\u0131m\u0131n da turnuvadan ihra\u00e7 edilmesine karar verdi.<\/p>\n<p>\u00c7aykara Kaymakaml\u0131\u011f\u0131 Ali Kele\u015f Futbol Turnuvas\u0131 Disiplin Kurulu taraf\u0131ndan al\u0131nan karar \u015fu \u015fekilde;<\/p>\n<p>\u00c7AYKARA KAYMAKAMLI\u011eI AL\u0130 KELE\u015e FUTBOL TURNUVASI D\u0130S\u0130PL\u0130N KURULU KARARI<\/p>\n<p>Olay \u00d6zeti:<\/p>\n<p>\u00c7aykara Kaymakaml\u0131\u011f\u0131 Ali KELE\u015e Futbol turnuvas\u0131 kapsam\u0131nda 24.07.2025 Per\u015fembe g\u00fcn\u00fc oynanan Ulucamispor ile Harosspor aras\u0131ndaki m\u00fcsabakan\u0131n 65. dakikas\u0131nda ba\u015flayan kar\u015f\u0131l\u0131kl\u0131 fiziksel ve s\u00f6zl\u00fc tart\u0131\u015fma sonucunda her iki tak\u0131m oyuncular\u0131 ve yedek kul\u00fcbeleri sahaya girerek istenmeyen olaylara sebebiyet vermi\u015flerdir. Hakem ma\u00e7\u0131 tatil etmek zorunda kalm\u0131\u015ft\u0131r.<\/p>\n<p>Karar:<\/p>\n<p>Turnuva Disiplin Kurulu, olayla ilgili hakem ve g\u00f6zlemci g\u00f6r\u00fc\u015fleri, g\u00f6rsel kay\u0131tlar\u0131 ve saha g\u00f6revlilerinin ifadelerini de\u011ferlendirmi\u015ftir.<\/p>\n<p>Turnuva talimatnamesinin\u00a0<\/p>\n<p><span>MADDE 8\u2013 D\u0130S\u0130PL\u0130N OLAYLARI, \u0130T\u0130RAZLAR VE \u0130T\u0130RAZ \u00dcCRET\u0130\u00a0<\/span><\/p>\n<p>8.6 Disiplinsiz hareket eden, kavga eden, k\u00fcf\u00fcr eden oyuncu veya tak\u0131mlar turnuvadan ihra\u00e7 edilecektir. Bir sonraki turnuvaya da al\u0131nmayacakt\u0131r. Maddesi gere\u011fince, a\u015fa\u011f\u0131daki kararlar oy birli\u011fi ile al\u0131nm\u0131\u015ft\u0131r:<\/p>\n<p>1. Ulucamispor ve Harosspor turnuvadan ihra\u00e7 edilmi\u015ftir.<\/p>\n<p>2. Her iki tak\u0131m\u0131n ve oyuncular\u0131n\u0131n Kaymakaml\u0131\u011f\u0131m\u0131z\u0131n yapaca\u011f\u0131 turnuvalara kat\u0131l\u0131m\u0131 1 y\u0131l s\u00fcreyle yasaklanm\u0131\u015ft\u0131r.<\/p>\n<p>Disiplin Kurulu \u00dcyeleri:<\/p>\n<p>Yusuf KURT\u00a0 \u00a0 \u00a0 \u00a0 \u00a0 \u00a0 \u00a0 \u00a0 \u00a0 \u00a0 \u00a0 \u00a0 \u00a0 \u00a0 \u00a0 \u00a0 \u00a0 \u00a0 \u00a0 \u00a0 \u00a0 \u00a0\u00a0Resul SEM\u0130Z\u00a0\u00a0\u00a0\u00a0\u00a0\u00a0\u00a0\u00a0\u00a0\u00a0\u00a0\u00a0\u00a0\u00a0\u00a0\u00a0\u00a0\u00a0\u00a0\u00a0\u00a0\u00a0\u00a0\u00a0\u00a0\u00a0\u00a0\u00a0\u00a0\u00a0\u00a0\u00a0\u00a0\u00a0\u00a0\u00a0\u00a0 Ersin Yavuz B\u0130RKAN<\/p>\n<p>\u00a0 \u00a0Ba\u015fkan\u00a0\u00a0\u00a0\u00a0\u00a0\u00a0\u00a0\u00a0\u00a0\u00a0\u00a0\u00a0\u00a0\u00a0\u00a0\u00a0\u00a0\u00a0\u00a0\u00a0\u00a0\u00a0\u00a0\u00a0\u00a0\u00a0\u00a0\u00a0\u00a0\u00a0\u00a0\u00a0 \u00a0 \u00a0\u00a0 \u00a0 \u00a0\u00a0 \u00a0 \u00a0 \u00a0\u00a0 \u00a0\u00dcye\u00a0\u00a0\u00a0\u00a0\u00a0\u00a0\u00a0\u00a0\u00a0\u00a0\u00a0\u00a0\u00a0\u00a0\u00a0\u00a0\u00a0\u00a0\u00a0\u00a0\u00a0\u00a0\u00a0\u00a0\u00a0\u00a0\u00a0\u00a0\u00a0\u00a0\u00a0\u00a0\u00a0\u00a0\u00a0\u00a0\u00a0\u00a0\u00a0\u00a0\u00a0\u00a0\u00a0\u00a0\u00a0\u00a0\u00a0\u00a0\u00a0\u00a0\u00a0\u00a0\u00a0\u00a0\u00a0\u00a0\u00a0\u00a0\u00a0 \u00dcye<\/p>\n<p>\u00a0 (\u0130MZA)\u00a0\u00a0\u00a0\u00a0\u00a0\u00a0\u00a0\u00a0\u00a0\u00a0\u00a0\u00a0\u00a0\u00a0\u00a0\u00a0\u00a0\u00a0\u00a0\u00a0\u00a0\u00a0\u00a0\u00a0\u00a0\u00a0\u00a0\u00a0\u00a0\u00a0\u00a0\u00a0\u00a0 \u00a0 \u00a0 \u00a0 \u00a0 \u00a0 \u00a0 \u00a0(\u0130MZA)\u00a0\u00a0\u00a0\u00a0\u00a0\u00a0\u00a0\u00a0\u00a0\u00a0\u00a0\u00a0\u00a0\u00a0\u00a0\u00a0\u00a0\u00a0\u00a0\u00a0\u00a0\u00a0 \u00a0 \u00a0 \u00a0 \u00a0 \u00a0\u00a0\u00a0\u00a0\u00a0\u00a0\u00a0\u00a0\u00a0\u00a0\u00a0\u00a0\u00a0\u00a0\u00a0 \u00a0 \u00a0 \u00a0 \u00a0 \u00a0(\u0130MZA)\u00a0\u00a0\u00a0<\/p>\n<p>Bu karar, turnuvan\u0131n d\u00fczenini, oyuncu g\u00fcvenli\u011fini ve spor ahlak\u0131n\u0131 korumak amac\u0131yla al\u0131nm\u0131\u015ft\u0131r. Gelecek organizasyonlarda benzer olaylar\u0131n ya\u015fanmamas\u0131 i\u00e7in saha i\u00e7i ve saha d\u0131\u015f\u0131 disiplin uygulamalar\u0131 daha s\u0131k\u0131 \u015fekilde s\u00fcrd\u00fcr\u00fclecektir.<\/p>\n<p><strong>\u201c SAHADA RAK\u0130P OLAB\u0130L\u0130R\u0130Z AMA \u00c7AYKARA\u2019DA HEP KARDE\u015e\u0130Z\u201d<\/strong><\/p>\n<p>          <\/div>\n","protected":false},"excerpt":{"rendered":"<p>\u00c7aykara Kaymakaml\u0131\u011f\u0131 Ali Kele\u015f Futbol Turnuvas\u0131nda Ulucamispor ve Harosspor Organi\u015fzasyon Komitesinin karar\u0131 do\u011frultusunda turnuvadan ihra\u00e7 edildi. 24 Temmuz 2025 ak\u015fam\u0131 oynanan Ulucamispor-Harosspor kar\u015f\u0131la\u015fmas\u0131nda oyuncular ve taraftarlar aras\u0131nda ya\u015fanan gerginlik dolay\u0131s\u0131 ile kar\u015f\u0131la\u015fman\u0131n hakemi Abdullah \u00d6zt\u00fcrk(COLL\u0130NA) \u00a0soyunma odas\u0131na gitmi\u015fti. Daha sonra acil olarak toplanan Organizasyon Komitesi kar\u015f\u0131la\u015fman\u0131n devam etmemesi karar\u0131 vermi\u015fti. Gece ge\u00e7 saatlere kadar Stadyumda [&hellip;]<\/p>\n","protected":false},"author":1,"featured_media":4781,"comment_status":"open","ping_status":"open","sticky":false,"template":"","format":"standard","meta":{"tdm_status":"","tdm_grid_status":"","footnotes":""},"categories":[40],"tags":[],"class_list":{"0":"post-4780","1":"post","2":"type-post","3":"status-publish","4":"format-standard","5":"has-post-thumbnail","7":"category-caykara"},"_links":{"self":[{"href":"https:\/\/zeleka.com\/index.php?rest_route=\/wp\/v2\/posts\/4780","targetHints":{"allow":["GET"]}}],"collection":[{"href":"https:\/\/zeleka.com\/index.php?rest_route=\/wp\/v2\/posts"}],"about":[{"href":"https:\/\/zeleka.com\/index.php?rest_route=\/wp\/v2\/types\/post"}],"author":[{"embeddable":true,"href":"https:\/\/zeleka.com\/index.php?rest_route=\/wp\/v2\/users\/1"}],"replies":[{"embeddable":true,"href":"https:\/\/zeleka.com\/index.php?rest_route=%2Fwp%2Fv2%2Fcomments&post=4780"}],"version-history":[{"count":0,"href":"https:\/\/zeleka.com\/index.php?rest_route=\/wp\/v2\/posts\/4780\/revisions"}],"wp:featuredmedia":[{"embeddable":true,"href":"https:\/\/zeleka.com\/index.php?rest_route=\/wp\/v2\/media\/4781"}],"wp:attachment":[{"href":"https:\/\/zeleka.com\/index.php?rest_route=%2Fwp%2Fv2%2Fmedia&parent=4780"}],"wp:term":[{"taxonomy":"category","embeddable":true,"href":"https:\/\/zeleka.com\/index.php?rest_route=%2Fwp%2Fv2%2Fcategories&post=4780"},{"taxonomy":"post_tag","embeddable":true,"href":"https:\/\/zeleka.com\/index.php?rest_route=%2Fwp%2Fv2%2Ftags&post=4780"}],"curies":[{"name":"wp","href":"https:\/\/api.w.org\/{rel}","templated":true}]}}