{"id":4778,"date":"2025-07-25T15:31:42","date_gmt":"2025-07-25T12:31:42","guid":{"rendered":"https:\/\/zeleka.com\/?p=4778"},"modified":"2025-07-25T15:31:42","modified_gmt":"2025-07-25T12:31:42","slug":"4778","status":"publish","type":"post","link":"https:\/\/zeleka.com\/?p=4778","title":{"rendered":"<div data-modulsure=\"14\" data-gs-x=\"0\" data-gs-y=\"0\" data-gs-width=\"36\" data-gs-height=\"100\" data-gs-autoh=\"1\" data-zeminrenk=\"-1\" data-spotrenk=\"0\" data-baslikrenk=\"0\" data-seritrenk=\"-1\" data-hoverrenk=\"-1\" data-font1=\"0\" data-baslikkalinlik=\"0\" data-sp"},"content":{"rendered":"<div data-modulsure=\"14\" data-gs-x=\"0\" data-gs-y=\"0\" data-gs-width=\"36\" data-gs-height=\"100\" data-gs-autoh=\"1\" data-zeminrenk=\"-1\" data-spotrenk=\"0\" data-baslikrenk=\"0\" data-seritrenk=\"-1\" data-hoverrenk=\"-1\" data-font1=\"0\" data-baslikkalinlik=\"0\" data-spotkalinlik=\"0\" data-baslikbold=\"0\" data-spotbold=\"0\" data-cogaltx=\"0\" data-cogalty=\"0\" data-border=\"0\" data-borderrenk=\"0\" data-baslikls=\"0\" data-basliklh=\"0\" data-spotls=\"0\" data-spotlh=\"0\" data-sticky=\"0\" id=\"sayfacontent\">\n<div>\n<p><nav>                               <a href=\"http:\/\/caykaragundem.com\/haber\/kategori\/guncel-22.html\">G\u00dcNCEL<\/a>          <\/nav>\n<\/p>\n<div>\n<p><time>Tarih: 25.07.2025 11:49:00 <\/time>                  <time> 0 Yorum  <\/time>              <\/p>\n<\/p><\/div>\n<div>\n<p><img decoding=\"async\" src=\"http:\/\/caykaragundem.com\/resimler\/2025-7\/25\/80786394589007.webp\" alt=\"Geleneksel Kurtda\u011f\u0131 Yayla \u015eenlikleri 3 A\u011fustos Pazar G\u00fcn\u00fc Yap\u0131lacak\"><\/p>\n<h2>              Geleneksel Kurtda\u011f\u0131 Yayla \u015eenlikleri 3 A\u011fustos Pazar G\u00fcn\u00fc Yap\u0131lacak          <\/h2>\n<div id=\"detaymetin\">\n<p><span>Kurtda\u011f\u0131 Yayla \u015eenlikleri K\u00fclt\u00fcr ve Dayan\u0131\u015fma Derne\u011fi taraf\u0131ndan organize edilen Geleneksel Kurt Da\u011f\u0131 \u015eenlikleri bu y\u0131l 3 A\u011fustos Pazar g\u00fcn\u00fc yap\u0131lacak.<\/span><\/p>\n<p><span>Kurtda\u011f\u0131 Yayla \u015eenlikleri K\u00fclt\u00fcr ve Dayan\u0131\u015fma Derne\u011fi Ba\u015fkan\u0131 Ye\u015filalan mahallesi muhtar\u0131 \u0130lyas Lemahmuto\u011flu gazetemize yapt\u0131\u011f\u0131 a\u00e7\u0131klamada \u015fu ifadelere yer verdi.:<\/span><\/p>\n<p><span>\u201c2003 y\u0131l\u0131ndan itibaren ger\u00e7ekle\u015ftirilen Kurtda\u011f\u0131 Yayla \u015eenlikleri bu y\u0131l 03 A\u011fustos Pazar g\u00fcn\u00fc yap\u0131lacakt\u0131r. \u0130l\u00e7emizin \u00f6nemli \u015fenliklerinden olan ve 10 k\u00f6y\u00fcn kat\u0131l\u0131m\u0131 ile ger\u00e7ekle\u015ftirilen Kurtda\u011f\u0131 \u015fenliklerin sanat\u00e7\u0131 ve program \u00e7al\u0131\u015fmalar\u0131nda sona gelmi\u015f bulunuyoruz. Y\u00f6resel sanat\u00e7\u0131lar\u0131m\u0131z\u0131n sahne ald\u0131\u011f\u0131 \u015fenlikte birka\u00e7 sanat\u00e7\u0131m\u0131z\u0131n kat\u0131l\u0131m s\u00fcreci netlik kazanmam\u0131\u015ft\u0131r. Netlik kazand\u0131\u011f\u0131nda bas\u0131n\u0131m\u0131zla paylayaca\u011f\u0131z. Birlik beraberlik dostluk ve kayna\u015fman\u0131n \u00f6ne \u00e7\u0131kt\u0131\u011f\u0131 \u015fenlikte halk\u0131m\u0131z\u0131, y\u00f6re insan\u0131m\u0131z\u0131 ve gurbet\u00e7ilerimizi bekliyoruz.\u201d dedi<\/span><\/p>\n<p>          <\/div>\n<\/p><\/div>\n<\/p><\/div>\n<p>          <\/div>\n","protected":false},"excerpt":{"rendered":"<p>G\u00dcNCEL Tarih: 25.07.2025 11:49:00 0 Yorum Geleneksel Kurtda\u011f\u0131 Yayla \u015eenlikleri 3 A\u011fustos Pazar G\u00fcn\u00fc Yap\u0131lacak Kurtda\u011f\u0131 Yayla \u015eenlikleri K\u00fclt\u00fcr ve Dayan\u0131\u015fma Derne\u011fi taraf\u0131ndan organize edilen Geleneksel Kurt Da\u011f\u0131 \u015eenlikleri bu y\u0131l 3 A\u011fustos Pazar g\u00fcn\u00fc yap\u0131lacak. Kurtda\u011f\u0131 Yayla \u015eenlikleri K\u00fclt\u00fcr ve Dayan\u0131\u015fma Derne\u011fi Ba\u015fkan\u0131 Ye\u015filalan mahallesi muhtar\u0131 \u0130lyas Lemahmuto\u011flu gazetemize yapt\u0131\u011f\u0131 a\u00e7\u0131klamada \u015fu ifadelere yer [&hellip;]<\/p>\n","protected":false},"author":1,"featured_media":4779,"comment_status":"open","ping_status":"open","sticky":false,"template":"","format":"standard","meta":{"tdm_status":"","tdm_grid_status":"","footnotes":""},"categories":[40],"tags":[],"class_list":{"0":"post-4778","1":"post","2":"type-post","3":"status-publish","4":"format-standard","5":"has-post-thumbnail","7":"category-caykara"},"_links":{"self":[{"href":"https:\/\/zeleka.com\/index.php?rest_route=\/wp\/v2\/posts\/4778","targetHints":{"allow":["GET"]}}],"collection":[{"href":"https:\/\/zeleka.com\/index.php?rest_route=\/wp\/v2\/posts"}],"about":[{"href":"https:\/\/zeleka.com\/index.php?rest_route=\/wp\/v2\/types\/post"}],"author":[{"embeddable":true,"href":"https:\/\/zeleka.com\/index.php?rest_route=\/wp\/v2\/users\/1"}],"replies":[{"embeddable":true,"href":"https:\/\/zeleka.com\/index.php?rest_route=%2Fwp%2Fv2%2Fcomments&post=4778"}],"version-history":[{"count":0,"href":"https:\/\/zeleka.com\/index.php?rest_route=\/wp\/v2\/posts\/4778\/revisions"}],"wp:featuredmedia":[{"embeddable":true,"href":"https:\/\/zeleka.com\/index.php?rest_route=\/wp\/v2\/media\/4779"}],"wp:attachment":[{"href":"https:\/\/zeleka.com\/index.php?rest_route=%2Fwp%2Fv2%2Fmedia&parent=4778"}],"wp:term":[{"taxonomy":"category","embeddable":true,"href":"https:\/\/zeleka.com\/index.php?rest_route=%2Fwp%2Fv2%2Fcategories&post=4778"},{"taxonomy":"post_tag","embeddable":true,"href":"https:\/\/zeleka.com\/index.php?rest_route=%2Fwp%2Fv2%2Ftags&post=4778"}],"curies":[{"name":"wp","href":"https:\/\/api.w.org\/{rel}","templated":true}]}}