{"id":468,"date":"2025-01-04T11:00:00","date_gmt":"2025-01-04T08:00:00","guid":{"rendered":"https:\/\/zeleka.com\/?p=468"},"modified":"2025-01-04T11:00:00","modified_gmt":"2025-01-04T08:00:00","slug":"cumhurbaskani-yardimciligi-icin-adi-one-cikiyor","status":"publish","type":"post","link":"https:\/\/zeleka.com\/?p=468","title":{"rendered":"Cumhurba\u015fkan\u0131 Yard\u0131mc\u0131l\u0131\u011f\u0131 i\u00e7in ad\u0131 \u00f6ne \u00e7\u0131k\u0131yor"},"content":{"rendered":"<p><img width=\"638\" height=\"502\" src=\"https:\/\/www.caykaragazetesi.com\/wp-content\/uploads\/2025\/01\/cumhurbaskani-yardimciligi-icin-adi-one-cikiyor.webp\" class=\"attachment-post-thumbnail size-post-thumbnail wp-post-image\" alt=\"Cumhurba\u015fkan\u0131 Yard\u0131mc\u0131l\u0131\u011f\u0131 i\u00e7in ad\u0131 \u00f6ne \u00e7\u0131k\u0131yor 9\" decoding=\"async\" loading=\"lazy\" title=\"Cumhurba\u015fkan\u0131 Yard\u0131mc\u0131l\u0131\u011f\u0131 i\u00e7in ad\u0131 \u00f6ne \u00e7\u0131k\u0131yor 9\"><\/p>\n<p class=\"lead text-lg-start text-dark my-2 description\">Cumhurba\u015fkanl\u0131\u011f\u0131 H\u00fck\u00fcmet Sistemi\u2019nde de\u011fi\u015fikli\u011fe gidilerek ikinci bir Cumhurba\u015fkan\u0131 Yard\u0131mc\u0131l\u0131\u011f\u0131 getirilece\u011fi g\u00fcndeme geldi. BHA\u2019n\u0131n haberine g\u00f6re yeni isim i\u00e7in Milli G\u00fcvenlik Kurulu (MGK) Genel Sekreteri Seyfullah Hac\u0131m\u00fcft\u00fco\u011flu ismi \u00f6ne \u00e7\u0131kt\u0131.<\/p>\n<p>AK Parti, Cumhurba\u015fkanl\u0131\u011f\u0131 H\u00fck\u00fcmet Sistemi\u2019nde baz\u0131 d\u00fczenleme ve de\u011fi\u015fikliklere gidiyor. Bu kapsamda, ikinci Cumhurba\u015fkan\u0131\u00a0yard\u0131mc\u0131s\u0131n\u0131n g\u00f6revlendirilece\u011fi \u00f6\u011frenildi. 9 Temmuz 2018 tarihinden itibaren uygulanan tek Cumhurba\u015fkan\u0131 yard\u0131mc\u0131s\u0131 b\u00f6ylece ikiye \u00e7\u0131kacak.<\/p>\n<p>Parlamentodan sorumlu olmas\u0131 beklenen Cumhurba\u015fkan\u0131 yard\u0131mc\u0131l\u0131\u011f\u0131 g\u00f6revi i\u00e7in Milli G\u00fcvenlik Kurulu Genel Sekreteri Seyfullah Hac\u0131m\u00fcft\u00fco\u011flu\u2019nun ismi \u00f6ne \u00e7\u0131kt\u0131.<\/p>\n<p>Hac\u0131m\u00fcft\u00fco\u011flu, devlet y\u00f6netiminde uzun y\u0131llara dayanan deneyimiyle tan\u0131n\u0131yor. Devlet y\u00f6netimindeki tecr\u00fcbesi ve etkinli\u011fi ile \u00f6ne \u00e7\u0131kan Hac\u0131m\u00fcft\u00fco\u011flu kritik g\u00f6revlerde yer ald\u0131.<\/p>\n<p>Bu icerik www.caykaragazetesi.com alintidir.<\/p>\n","protected":false},"excerpt":{"rendered":"<p>Cumhurba\u015fkanl\u0131\u011f\u0131 H\u00fck\u00fcmet Sistemi\u2019nde de\u011fi\u015fikli\u011fe gidilerek ikinci bir Cumhurba\u015fkan\u0131 Yard\u0131mc\u0131l\u0131\u011f\u0131 getirilece\u011fi g\u00fcndeme geldi. BHA\u2019n\u0131n haberine g\u00f6re yeni isim i\u00e7in Milli G\u00fcvenlik Kurulu (MGK) Genel Sekreteri Seyfullah Hac\u0131m\u00fcft\u00fco\u011flu ismi \u00f6ne \u00e7\u0131kt\u0131. AK Parti, Cumhurba\u015fkanl\u0131\u011f\u0131 H\u00fck\u00fcmet Sistemi\u2019nde baz\u0131 d\u00fczenleme ve de\u011fi\u015fikliklere gidiyor. Bu kapsamda, ikinci Cumhurba\u015fkan\u0131\u00a0yard\u0131mc\u0131s\u0131n\u0131n g\u00f6revlendirilece\u011fi \u00f6\u011frenildi. 9 Temmuz 2018 tarihinden itibaren uygulanan tek Cumhurba\u015fkan\u0131 yard\u0131mc\u0131s\u0131 b\u00f6ylece [&hellip;]<\/p>\n","protected":false},"author":2,"featured_media":469,"comment_status":"closed","ping_status":"open","sticky":false,"template":"","format":"standard","meta":{"tdm_status":"","tdm_grid_status":"","footnotes":""},"categories":[40],"tags":[],"class_list":{"0":"post-468","1":"post","2":"type-post","3":"status-publish","4":"format-standard","5":"has-post-thumbnail","7":"category-caykara"},"_links":{"self":[{"href":"https:\/\/zeleka.com\/index.php?rest_route=\/wp\/v2\/posts\/468","targetHints":{"allow":["GET"]}}],"collection":[{"href":"https:\/\/zeleka.com\/index.php?rest_route=\/wp\/v2\/posts"}],"about":[{"href":"https:\/\/zeleka.com\/index.php?rest_route=\/wp\/v2\/types\/post"}],"author":[{"embeddable":true,"href":"https:\/\/zeleka.com\/index.php?rest_route=\/wp\/v2\/users\/2"}],"replies":[{"embeddable":true,"href":"https:\/\/zeleka.com\/index.php?rest_route=%2Fwp%2Fv2%2Fcomments&post=468"}],"version-history":[{"count":0,"href":"https:\/\/zeleka.com\/index.php?rest_route=\/wp\/v2\/posts\/468\/revisions"}],"wp:featuredmedia":[{"embeddable":true,"href":"https:\/\/zeleka.com\/index.php?rest_route=\/wp\/v2\/media\/469"}],"wp:attachment":[{"href":"https:\/\/zeleka.com\/index.php?rest_route=%2Fwp%2Fv2%2Fmedia&parent=468"}],"wp:term":[{"taxonomy":"category","embeddable":true,"href":"https:\/\/zeleka.com\/index.php?rest_route=%2Fwp%2Fv2%2Fcategories&post=468"},{"taxonomy":"post_tag","embeddable":true,"href":"https:\/\/zeleka.com\/index.php?rest_route=%2Fwp%2Fv2%2Ftags&post=468"}],"curies":[{"name":"wp","href":"https:\/\/api.w.org\/{rel}","templated":true}]}}