{"id":4566,"date":"2025-05-03T05:32:49","date_gmt":"2025-05-03T02:32:49","guid":{"rendered":"https:\/\/zeleka.com\/?p=4566"},"modified":"2025-05-03T05:32:49","modified_gmt":"2025-05-03T02:32:49","slug":"4566","status":"publish","type":"post","link":"https:\/\/zeleka.com\/?p=4566","title":{"rendered":""},"content":{"rendered":"<div id=\"detaymetin\">\n<p>Trabzon\u2019un \u00c7aykara \u0130l\u00e7esinde yeni a\u00e7\u0131lan iletme Protokol ve vatanda\u015flar\u0131n yo\u011fun kat\u0131l\u0131mlar\u0131 ile il\u00e7enin hizmetine a\u00e7\u0131ld\u0131.<\/p>\n<p>\u0130\u015fletme sahibi Talha Takao\u011flu taraf\u0131ndan \u00c7aykara \u0130l\u00e7esine kazand\u0131r\u0131lan TT Home Z\u00fcccaciye-Ev \u00dcr\u00fcnleri ma\u011fazas\u0131 \u00c7aykara \u0130l\u00e7e Merkezinde bulunan i\u015fletmesi 2 May\u0131s 2025 Cuma g\u00fcn\u00fc ger\u00e7ekle\u015ftirilen a\u00e7\u0131l\u0131\u015f t\u00f6reni ile hizmete a\u00e7\u0131ld\u0131.<\/p>\n<figure><img decoding=\"async\" src=\"https:\/\/caykaragundem.com\/resimler\/2025-5\/2\/88540629519578.webp\"><\/figure>\n<p>A\u00e7\u0131l\u0131\u015f T\u00f6renine \u00c7aykara Kaymakam\u0131 Ali Sapmaz,\u00c7aykara Belediye Ba\u015fkan\u0131 Hanefi Tok,AK Parti \u00c7aykara \u0130l\u00e7e Ba\u015fkan\u0131 Muhammet Sel\u00e7uk,MHP \u00c7aykara \u0130l\u00e7e Ba\u015fkan\u0131 Sava\u015f \u00d6ks\u00fcz ve \u00e7ok say\u0131da davetli kat\u0131l\u0131m sa\u011flad\u0131.<\/p>\n<p>A\u00e7\u0131l\u0131\u015f Kurdelesi Kaymakam Sapmaz,Ba\u015fkan Tok ve Protokol \u00fcyeleri taraf\u0131ndan ger\u00e7ekle\u015ftirilirken daha sonra dua okunarak i\u015fletmenin a\u00e7\u0131l\u0131\u015f\u0131 ger\u00e7ekle\u015ftirildi.<\/p>\n<figure><img decoding=\"async\" src=\"https:\/\/caykaragundem.com\/resimler\/2025-5\/2\/58238256301586.webp\"><\/figure>\n<p>\u0130\u015fletme sahibi Talha Takao\u011flu,a\u00e7m\u0131\u015f olduklar\u0131 i\u015fletme ile \u00c7aykara \u0130l\u00e7esine farkl\u0131 bir g\u00fczellik kazand\u0131rmay\u0131 hedeflediklerini,son derece modern ve dekoratif bir ortamda g\u00f6rsel ve tasar\u0131m boyutu m\u00fckemmel bir \u015fekilde planlanarak \u00c7aykara \u0130l\u00e7esine farkl\u0131 bir i\u015fletme kazand\u0131rm\u0131\u015f olman\u0131n mutlulu\u011funu ya\u015fad\u0131klar\u0131n\u0131 ifade etti.<\/p>\n<p>A\u00e7m\u0131\u015f olduklar\u0131 yeni i\u015fletmede her t\u00fcrl\u00fc ev \u00fcr\u00fcnleri ve z\u00fcccaciye \u00fcr\u00fcnlerinin yer ald\u0131\u011f\u0131n\u0131 ifade eden \u0130\u015fletme Sahibi Takao\u011flu,kaliteli \u00fcr\u00fcnleri ve tecr\u00fcbeli personelleri ile \u00c7aykara \u0130l\u00e7esine farkl\u0131 bir g\u00fczellik kazand\u0131rma hedefi ile yola \u00e7\u0131kt\u0131klar\u0131n\u0131,t\u00fcm \u00c7aykara\u2019l\u0131 hem\u015ferilerini i\u015fletmelerini ziyaret etme ve farkl\u0131 bir ortam ile tan\u0131\u015fmak \u00fczere i\u015fletmelerine ziyarete beklediklerini s\u00f6zlerine ekledi.<\/p>\n<p>          <\/div>\n","protected":false},"excerpt":{"rendered":"<p>Trabzon\u2019un \u00c7aykara \u0130l\u00e7esinde yeni a\u00e7\u0131lan iletme Protokol ve vatanda\u015flar\u0131n yo\u011fun kat\u0131l\u0131mlar\u0131 ile il\u00e7enin hizmetine a\u00e7\u0131ld\u0131. \u0130\u015fletme sahibi Talha Takao\u011flu taraf\u0131ndan \u00c7aykara \u0130l\u00e7esine kazand\u0131r\u0131lan TT Home Z\u00fcccaciye-Ev \u00dcr\u00fcnleri ma\u011fazas\u0131 \u00c7aykara \u0130l\u00e7e Merkezinde bulunan i\u015fletmesi 2 May\u0131s 2025 Cuma g\u00fcn\u00fc ger\u00e7ekle\u015ftirilen a\u00e7\u0131l\u0131\u015f t\u00f6reni ile hizmete a\u00e7\u0131ld\u0131. A\u00e7\u0131l\u0131\u015f T\u00f6renine \u00c7aykara Kaymakam\u0131 Ali Sapmaz,\u00c7aykara Belediye Ba\u015fkan\u0131 Hanefi Tok,AK Parti [&hellip;]<\/p>\n","protected":false},"author":1,"featured_media":4567,"comment_status":"open","ping_status":"open","sticky":false,"template":"","format":"standard","meta":{"tdm_status":"","tdm_grid_status":"","footnotes":""},"categories":[40],"tags":[],"class_list":{"0":"post-4566","1":"post","2":"type-post","3":"status-publish","4":"format-standard","5":"has-post-thumbnail","7":"category-caykara"},"_links":{"self":[{"href":"https:\/\/zeleka.com\/index.php?rest_route=\/wp\/v2\/posts\/4566","targetHints":{"allow":["GET"]}}],"collection":[{"href":"https:\/\/zeleka.com\/index.php?rest_route=\/wp\/v2\/posts"}],"about":[{"href":"https:\/\/zeleka.com\/index.php?rest_route=\/wp\/v2\/types\/post"}],"author":[{"embeddable":true,"href":"https:\/\/zeleka.com\/index.php?rest_route=\/wp\/v2\/users\/1"}],"replies":[{"embeddable":true,"href":"https:\/\/zeleka.com\/index.php?rest_route=%2Fwp%2Fv2%2Fcomments&post=4566"}],"version-history":[{"count":0,"href":"https:\/\/zeleka.com\/index.php?rest_route=\/wp\/v2\/posts\/4566\/revisions"}],"wp:featuredmedia":[{"embeddable":true,"href":"https:\/\/zeleka.com\/index.php?rest_route=\/wp\/v2\/media\/4567"}],"wp:attachment":[{"href":"https:\/\/zeleka.com\/index.php?rest_route=%2Fwp%2Fv2%2Fmedia&parent=4566"}],"wp:term":[{"taxonomy":"category","embeddable":true,"href":"https:\/\/zeleka.com\/index.php?rest_route=%2Fwp%2Fv2%2Fcategories&post=4566"},{"taxonomy":"post_tag","embeddable":true,"href":"https:\/\/zeleka.com\/index.php?rest_route=%2Fwp%2Fv2%2Ftags&post=4566"}],"curies":[{"name":"wp","href":"https:\/\/api.w.org\/{rel}","templated":true}]}}