{"id":4558,"date":"2025-05-01T04:38:54","date_gmt":"2025-05-01T01:38:54","guid":{"rendered":"https:\/\/zeleka.com\/?p=4558"},"modified":"2025-05-01T04:38:54","modified_gmt":"2025-05-01T01:38:54","slug":"cambasi-mahallesinden-izzettin-yesilcicek-hakkin-rahmetine-kavusmustur-merhum-izzettin-yesilcicekmurattamer-ve-tuncay-yesilcicekin-babalarifevzettin-ve","status":"publish","type":"post","link":"https:\/\/zeleka.com\/?p=4558","title":{"rendered":"<div id=\"detaymetin\">                            <p>\u00c7amba\u015f\u0131 Mahallesi\u2019nden \u0130zzettin Ye\u015fil\u00e7i\u00e7ek hakk\u0131n rahmetine kavu\u015fmu\u015ftur.<\/p><p>Merhum \u0130zzettin Ye\u015fil\u00e7i\u00e7ek,Murat,Tamer ve Tuncay Ye\u015fil\u00e7i\u00e7ek\u2019in babalar\u0131,Fevzettin ve \u015eeref \u00d6zer\u2019in"},"content":{"rendered":"<div id=\"detaymetin\">\n<p>\u00c7amba\u015f\u0131 Mahallesi\u2019nden \u0130zzettin Ye\u015fil\u00e7i\u00e7ek hakk\u0131n rahmetine kavu\u015fmu\u015ftur.<\/p>\n<p>Merhum \u0130zzettin Ye\u015fil\u00e7i\u00e7ek,Murat,Tamer ve Tuncay Ye\u015fil\u00e7i\u00e7ek\u2019in babalar\u0131,Fevzettin ve \u015eeref \u00d6zer\u2019in damatlar\u0131yd\u0131.<\/p>\n<p>Cenazesi 01.05.2025 tarihinde,\u00f6\u011fle namaz\u0131na m\u00fcteakiben \u00c7amba\u015f\u0131 Aile Kabristan\u0131na defnedilecektir.<\/p>\n<p>\u00c7aykara G\u00fcndem Gazetesi olarak Merhuma Allah\u2019tan rahmet,kederli ailesine ba\u015f sa\u011fl\u0131\u011f\u0131 dileklerimizi iletiyoruz.<\/p>\n<p><strong>\u0130LET\u0130\u015e\u0130M:<\/strong><\/p>\n<p><strong>Murat Ye\u015fil\u00e7i\u00e7ek \u2013O\u011flu- 0 505 349 16 45<\/strong><\/p>\n<p><strong>Tamer Ye\u015fil\u00e7i\u00e7ek \u2013O\u011flu- 0 537 972 02 61<\/strong><\/p>\n<p><strong>Tuncay Ye\u015fil\u00e7i\u00e7ek \u2013 O\u011flu-0 538 834 21 83<\/strong><\/p>\n<p><strong>Fevzettin \u00d6zer \u2013 Kay\u0131nbiraderi-0 535 711 17 74<\/strong><\/p>\n<p><strong>\u015eeref \u00d6zer \u2013 Kay\u0131nbiraderi-0 532 626 29 05<\/strong><\/p>\n<p>          <\/div>\n","protected":false},"excerpt":{"rendered":"<p>\u00c7amba\u015f\u0131 Mahallesi\u2019nden \u0130zzettin Ye\u015fil\u00e7i\u00e7ek hakk\u0131n rahmetine kavu\u015fmu\u015ftur. Merhum \u0130zzettin Ye\u015fil\u00e7i\u00e7ek,Murat,Tamer ve Tuncay Ye\u015fil\u00e7i\u00e7ek\u2019in babalar\u0131,Fevzettin ve \u015eeref \u00d6zer\u2019in damatlar\u0131yd\u0131. Cenazesi 01.05.2025 tarihinde,\u00f6\u011fle namaz\u0131na m\u00fcteakiben \u00c7amba\u015f\u0131 Aile Kabristan\u0131na defnedilecektir. \u00c7aykara G\u00fcndem Gazetesi olarak Merhuma Allah\u2019tan rahmet,kederli ailesine ba\u015f sa\u011fl\u0131\u011f\u0131 dileklerimizi iletiyoruz. \u0130LET\u0130\u015e\u0130M: Murat Ye\u015fil\u00e7i\u00e7ek \u2013O\u011flu- 0 505 349 16 45 Tamer Ye\u015fil\u00e7i\u00e7ek \u2013O\u011flu- 0 537 972 02 [&hellip;]<\/p>\n","protected":false},"author":1,"featured_media":4559,"comment_status":"open","ping_status":"open","sticky":false,"template":"","format":"standard","meta":{"tdm_status":"","tdm_grid_status":"","footnotes":""},"categories":[40],"tags":[],"class_list":{"0":"post-4558","1":"post","2":"type-post","3":"status-publish","4":"format-standard","5":"has-post-thumbnail","7":"category-caykara"},"_links":{"self":[{"href":"https:\/\/zeleka.com\/index.php?rest_route=\/wp\/v2\/posts\/4558","targetHints":{"allow":["GET"]}}],"collection":[{"href":"https:\/\/zeleka.com\/index.php?rest_route=\/wp\/v2\/posts"}],"about":[{"href":"https:\/\/zeleka.com\/index.php?rest_route=\/wp\/v2\/types\/post"}],"author":[{"embeddable":true,"href":"https:\/\/zeleka.com\/index.php?rest_route=\/wp\/v2\/users\/1"}],"replies":[{"embeddable":true,"href":"https:\/\/zeleka.com\/index.php?rest_route=%2Fwp%2Fv2%2Fcomments&post=4558"}],"version-history":[{"count":0,"href":"https:\/\/zeleka.com\/index.php?rest_route=\/wp\/v2\/posts\/4558\/revisions"}],"wp:featuredmedia":[{"embeddable":true,"href":"https:\/\/zeleka.com\/index.php?rest_route=\/wp\/v2\/media\/4559"}],"wp:attachment":[{"href":"https:\/\/zeleka.com\/index.php?rest_route=%2Fwp%2Fv2%2Fmedia&parent=4558"}],"wp:term":[{"taxonomy":"category","embeddable":true,"href":"https:\/\/zeleka.com\/index.php?rest_route=%2Fwp%2Fv2%2Fcategories&post=4558"},{"taxonomy":"post_tag","embeddable":true,"href":"https:\/\/zeleka.com\/index.php?rest_route=%2Fwp%2Fv2%2Ftags&post=4558"}],"curies":[{"name":"wp","href":"https:\/\/api.w.org\/{rel}","templated":true}]}}