{"id":4554,"date":"2025-04-25T01:35:11","date_gmt":"2025-04-24T22:35:11","guid":{"rendered":"https:\/\/zeleka.com\/?p=4554"},"modified":"2025-04-25T01:35:11","modified_gmt":"2025-04-24T22:35:11","slug":"caykara-marasli-mahallesinden-fevkiye-zazoglu-istanbulda-vefat-etti-aslen-caykara-martasli-mahallesinden-olan-merhume-fevkiye-zazoglubalcik-istanbul-gaziosmanpas","status":"publish","type":"post","link":"https:\/\/zeleka.com\/?p=4554","title":{"rendered":"<div id=\"detaymetin\">                            <p>\u00c7aykara Mara\u015fl\u0131 Mahallesinden Fevkiye Zazo\u011flu \u0130stanbul\u2019da vefat etti.<\/p><p>Aslen \u00c7aykara Marta\u015fl\u0131 Mahallesinden olan Merhume Fevkiye Zazo\u011flu(Bal\u00e7\u0131k) \u0130stanbul Gaziosmanpa\u015fa\u2019da ikamet edi"},"content":{"rendered":"<div id=\"detaymetin\">\n<p>\u00c7aykara Mara\u015fl\u0131 Mahallesinden Fevkiye Zazo\u011flu \u0130stanbul\u2019da vefat etti.<\/p>\n<p>Aslen \u00c7aykara Marta\u015fl\u0131 Mahallesinden olan Merhume Fevkiye Zazo\u011flu(Bal\u00e7\u0131k) \u0130stanbul Gaziosmanpa\u015fa\u2019da ikamet ediyordu.<\/p>\n<p>Merhume Fevkiye Zazo\u011flu,24 Nisan 2025 Cuma g\u00fcn\u00fc Cuma namaz\u0131na m\u00fcteakip Gaziosmanpa\u015fa Muharrem Camii&#8217;nde k\u0131l\u0131nacak cenaze namaz\u0131n\u0131n ard\u0131ndan ayn\u0131 yerde bulunan aile kabristanl\u0131\u011f\u0131nda defnedilecektir.<\/p>\n<p>\u00c7aykara G\u00fcndem Gazetesi olarak Merhume Fevkiye Zazo\u011flu\u2019na Allah\u2019tan rahmet,kederli ailesine ba\u015f sa\u011fl\u0131\u011f\u0131 dileklerimizi iletiyoruz.<\/p>\n<p><strong>\u0130LET\u0130\u015e\u0130M<\/strong><\/p>\n<p><strong>Celal \u015eahin \u2013 Damad\u0131-0 533 746 51 47<\/strong><\/p>\n<p><strong>Hakan Zazo\u011flu \u2013O\u011flu- 0 539 232 84 81<\/strong><\/p>\n<p>          <\/div>\n","protected":false},"excerpt":{"rendered":"<p>\u00c7aykara Mara\u015fl\u0131 Mahallesinden Fevkiye Zazo\u011flu \u0130stanbul\u2019da vefat etti. Aslen \u00c7aykara Marta\u015fl\u0131 Mahallesinden olan Merhume Fevkiye Zazo\u011flu(Bal\u00e7\u0131k) \u0130stanbul Gaziosmanpa\u015fa\u2019da ikamet ediyordu. Merhume Fevkiye Zazo\u011flu,24 Nisan 2025 Cuma g\u00fcn\u00fc Cuma namaz\u0131na m\u00fcteakip Gaziosmanpa\u015fa Muharrem Camii&#8217;nde k\u0131l\u0131nacak cenaze namaz\u0131n\u0131n ard\u0131ndan ayn\u0131 yerde bulunan aile kabristanl\u0131\u011f\u0131nda defnedilecektir. \u00c7aykara G\u00fcndem Gazetesi olarak Merhume Fevkiye Zazo\u011flu\u2019na Allah\u2019tan rahmet,kederli ailesine ba\u015f sa\u011fl\u0131\u011f\u0131 [&hellip;]<\/p>\n","protected":false},"author":1,"featured_media":4555,"comment_status":"open","ping_status":"open","sticky":false,"template":"","format":"standard","meta":{"tdm_status":"","tdm_grid_status":"","footnotes":""},"categories":[40],"tags":[],"class_list":{"0":"post-4554","1":"post","2":"type-post","3":"status-publish","4":"format-standard","5":"has-post-thumbnail","7":"category-caykara"},"_links":{"self":[{"href":"https:\/\/zeleka.com\/index.php?rest_route=\/wp\/v2\/posts\/4554","targetHints":{"allow":["GET"]}}],"collection":[{"href":"https:\/\/zeleka.com\/index.php?rest_route=\/wp\/v2\/posts"}],"about":[{"href":"https:\/\/zeleka.com\/index.php?rest_route=\/wp\/v2\/types\/post"}],"author":[{"embeddable":true,"href":"https:\/\/zeleka.com\/index.php?rest_route=\/wp\/v2\/users\/1"}],"replies":[{"embeddable":true,"href":"https:\/\/zeleka.com\/index.php?rest_route=%2Fwp%2Fv2%2Fcomments&post=4554"}],"version-history":[{"count":0,"href":"https:\/\/zeleka.com\/index.php?rest_route=\/wp\/v2\/posts\/4554\/revisions"}],"wp:featuredmedia":[{"embeddable":true,"href":"https:\/\/zeleka.com\/index.php?rest_route=\/wp\/v2\/media\/4555"}],"wp:attachment":[{"href":"https:\/\/zeleka.com\/index.php?rest_route=%2Fwp%2Fv2%2Fmedia&parent=4554"}],"wp:term":[{"taxonomy":"category","embeddable":true,"href":"https:\/\/zeleka.com\/index.php?rest_route=%2Fwp%2Fv2%2Fcategories&post=4554"},{"taxonomy":"post_tag","embeddable":true,"href":"https:\/\/zeleka.com\/index.php?rest_route=%2Fwp%2Fv2%2Ftags&post=4554"}],"curies":[{"name":"wp","href":"https:\/\/api.w.org\/{rel}","templated":true}]}}