{"id":4552,"date":"2025-04-25T01:35:12","date_gmt":"2025-04-24T22:35:12","guid":{"rendered":"https:\/\/zeleka.com\/?p=4552"},"modified":"2025-04-25T01:35:12","modified_gmt":"2025-04-24T22:35:12","slug":"uzungol-ve-taskiran-bolgesinde-yapilmasi-planlanan-uzungol-hes-toplantisi-ced-raporu-vatandas-bilgilendirme-toplantisi-caykara-halkinin-toplantida-hes-projesini-istemiyoruz","status":"publish","type":"post","link":"https:\/\/zeleka.com\/?p=4552","title":{"rendered":"<div id=\"detaymetin\">                            <p>Uzung\u00f6l ve Ta\u015fk\u0131ran B\u00f6lgesinde yap\u0131lmas\u0131 planlanan Uzung\u00f6l HES Toplant\u0131s\u0131 \u00c7ED Raporu vatanda\u015f bilgilendirme toplant\u0131s\u0131 \u00c7aykara Halk\u0131n\u0131n toplant\u0131da HES Projesini istemiyoruz tepkileri ile"},"content":{"rendered":"<div id=\"detaymetin\">\n<p>Uzung\u00f6l ve Ta\u015fk\u0131ran B\u00f6lgesinde yap\u0131lmas\u0131 planlanan Uzung\u00f6l HES Toplant\u0131s\u0131 \u00c7ED Raporu vatanda\u015f bilgilendirme toplant\u0131s\u0131 \u00c7aykara Halk\u0131n\u0131n toplant\u0131da HES Projesini istemiyoruz tepkileri ile vatanda\u015flar\u0131n tepki toplant\u0131s\u0131na d\u00f6n\u00fc\u015ft\u00fc.<\/p>\n<p>Trabzonspor Elektrik \u00dcretim Ticaret A.\u015e. taraf\u0131ndan\u00a0 ger\u00e7ekle\u015ftirilmek istenen Uzung\u00f6l Reg\u00fclat\u00f6r\u00fc ve HES Projesi Halk\u0131n Bilgilendirilmesi ve S\u00fcrece kat\u0131l\u0131m toplant\u0131s\u0131 vatanda\u015flar taraf\u0131ndan g\u00f6sterilen tepkiler sebebi ile ger\u00e7ekle\u015ftirilemeden sona erdi.<\/p>\n<p>2024 Y\u0131l\u0131nda yap\u0131lmas\u0131 planlanan ancak Uzung\u00f6l,Ta\u015fk\u0131ran ve B\u00f6lge Halk\u0131n\u0131n \u00e7ok yo\u011fun tepkileri sebebi ile yap\u0131m\u0131ndan vaz ge\u00e7ildi\u011fi a\u00e7\u0131klanan Uzung\u00f6l HES Projesi i\u00e7in firma taraf\u0131ndan yeniden ihale s\u00fcreci a\u00e7\u0131larak \u00c7ED Raporu kapsam\u0131nda bilgilendirme toplant\u0131s\u0131 ger\u00e7ekle\u015ftirildi.<\/p>\n<figure><img decoding=\"async\" src=\"https:\/\/caykaragundem.com\/resimler\/2025-4\/24\/66347282509615.webp\"><\/figure>\n<p>24 Nisan 2025 Per\u015fembe G\u00fcn\u00fc \u00c7aykara Halk E\u011fitim Merkezi toplant\u0131 Salonunda ger\u00e7ekle\u015ftirilen Bilgilendirme toplant\u0131s\u0131 vatanda\u015flar\u0131n projeye g\u00f6stermi\u015f olduklar\u0131 tepkiler sebebi ile tepki toplant\u0131s\u0131na d\u00f6n\u00fc\u015ft\u00fc.<\/p>\n<p>Ger\u00e7ekle\u015ftirilen Bilgilendirme toplant\u0131s\u0131 \u00f6ncesinde vatanda\u015flar Toplant\u0131n\u0131n ger\u00e7ekle\u015ftirilece\u011fi \u00a0\u00c7aykara Halk E\u011fitim Merkezi \u00f6n\u00fcnde toplanarak ve \u201cUzung\u00f6l\u2019e HES,Vallahi Pes\u201d,\u201dDo\u011fas\u0131 ile Karadenize de\u011fer katan Uzung\u00f6l\u2019\u00fc HES\u2019ler ile yok etmeyelim\u201d pankartlar\u0131 ta\u015f\u0131yarak ger\u00e7ekle\u015ftirilmek istenen HES Projesine y\u00f6nelik tepkilerini dile getirdiler.<\/p>\n<figure><img decoding=\"async\" src=\"https:\/\/caykaragundem.com\/resimler\/2025-4\/24\/803481980693213.webp\"><\/figure>\n<p>Ger\u00e7ekle\u015ftirilen toplant\u0131ya CHP \u00c7aykara \u0130l\u00e7e Ba\u015fkan\u0131 Naim \u00c7imen,Saadet Partisi \u00c7aykara \u0130l\u00e7e Ba\u015fkan\u0131 Mehmet Nuri Kad\u0131o\u011flu,Yeniden Refah Partisi \u00c7aykara \u0130l\u00e7e Ba\u015fkan\u0131 \u0130dris Aky\u00fcz,Uzung\u00f6l Muhtar\u0131Selman Dilek,Ta\u015fk\u0131ran Muhtar\u0131 H\u00fcseyin Alamano\u011flu,K\u00f6seli Mahallesi Muhtar\u0131 Mustafa \u00d6zen,Demirli Mahallesi Muhtar\u0131 Yusuf Sever,Uzung\u00f6l Turizmciler Derne\u011fi Ba\u015fkan\u0131 ve \u00c7aykara belediyesi meclis \u00dcyesi Mehmet Kele\u015f,Uzung\u00f6l \u00c7evre Koruma K\u00fclt\u00fcr ve Turizm Derne\u011fi Ba\u015fkan\u0131 Abdullah \u00d6zen kat\u0131l\u0131m sa\u011flad\u0131.<\/p>\n<p>Solakl\u0131 Deresinin \u00fcst mahalleleri olan Demirkap\u0131 Mahallesi,Yayla\u00f6n\u00fc Mahallesi,Uzung\u00f6l,Demirli Mahallesi,K\u00f6seli Mahallesi,Ta\u015fk\u0131ran Mahallesinin yan\u0131 s\u0131ra Kara\u00e7am,K\u00f6knar Mahalleleri ve \u00c7aykara \u0130l\u00e7e Merkezinden y\u00fczlerce vatanda\u015f toplant\u0131ya kat\u0131l\u0131m sa\u011flayarak projeye tepkilerini dile getirdiler.<\/p>\n<p>HES Projesi \u00c7ED Bilgilendirme toplant\u0131s\u0131 \u00f6ncesinde Y\u00fcklenici Firma ekibi proje sunum tan\u0131t\u0131m\u0131na haz\u0131rlan\u0131rken toplant\u0131ya kat\u0131l\u0131m sa\u011flayan vatanda\u015flar proje sunumunu dinlemeyeceklerini,proje sunumunun ba\u015flamas\u0131 durumunda salonu terk edeceklerini bu sebeple kendilerine s\u00f6z hakk\u0131 verilmesi gerekti\u011fini dile getirdiler.<\/p>\n<figure><img decoding=\"async\" src=\"https:\/\/caykaragundem.com\/resimler\/2025-4\/24\/98502515303426.webp\"><\/figure>\n<p>Bu geli\u015fme \u00fczerine Y\u00fcklenici Firma Yetkilileri vatanda\u015flara s\u00f6z verme karar\u0131 ald\u0131.<\/p>\n<p>Bu b\u00f6l\u00fcmde s\u00f6z alan Uzung\u00f6l ve Ta\u015fk\u0131ran Yerel Y\u00f6neticileri,STK Temsilcileri ve vatanda\u015flar projenin b\u00f6lgeye verece\u011fi zarar\u0131,\u00c7aykara \u0130l\u00e7esinin do\u011fal g\u00fczellikleri ile \u00dclkemizin ve D\u00fcnyan\u0131n en \u00f6nemli Turizm destinasyonlar\u0131ndan bir tanesi oldu\u011funu,D\u00fcnyan\u0131n en \u00f6nemli Turizm Merkezlerinden bir tanesi olan Uzung\u00f6l\u2019de HES Projesini ger\u00e7ekle\u015ftirmeye \u00e7al\u0131\u015fman\u0131n hi\u00e7bir mant\u0131kl\u0131 izah\u0131n\u0131n bulunmad\u0131\u011f\u0131n\u0131 ifade ederek projenin geri \u00e7ekilmesi gerekti\u011fini ifade ettiler.<\/p>\n<p>Toplant\u0131ya kat\u0131l\u0131m sa\u011flayan vatanda\u015flar HES Projesi ile ilgili tepkilerini dile getirdikten sonra HES Projesi Bilgilendirme Toplant\u0131s\u0131n\u0131 dinlemeden Salonu terk ettiler.<\/p>\n<p>Toplant\u0131 kay\u0131tlar\u0131 Rap\u00f6rt\u00f6rler taraf\u0131ndan tutana\u011fa ge\u00e7irilirken tepki sonras\u0131nda t\u00fcm vatanda\u015flar\u0131n salonu terk etmesi durumu da tutana\u011fa eklendi ve Proje \u00c7ED Raporu sunum toplant\u0131s\u0131 ger\u00e7ekle\u015ftirilmeden toplant\u0131 sona erdi.<\/p>\n<p>HES Projesi tepkisi ile ilgili olarak g\u00f6r\u00fc\u015flerini dile getiren Turizm Merkezi Uzung\u00f6l Muhtar\u0131 Selman Dilek a\u00e7\u0131klamas\u0131nda \u015fu ifadelere yer verdi.<\/p>\n<figure><img decoding=\"async\" src=\"https:\/\/caykaragundem.com\/resimler\/2025-4\/24\/1138172094167529.webp\"><\/figure>\n<p>\u00c7aykara \u0130l\u00e7esi ve Solakl\u0131 Deresi Muhtarlar\u0131 olarak aylard\u0131r g\u00fcndemimizde hep ayn\u0131 konu var.Do\u011fal g\u00fczelli\u011fi ile d\u00fcnyaya mal olmu\u015f \u00dclkemizin en g\u00fczel yerle\u015fim yerlerinden olan Uzung\u00f6l ve Solakl\u0131 Deresi ger\u00e7ekle\u015ftirilmek istenen HES Projesi ile yok edilmeye \u00e7al\u0131\u015f\u0131l\u0131yor.<\/p>\n<p>B\u00f6lge Muhtarl\u0131klar\u0131,Uzung\u00f6l ve B\u00f6lgemizde yer alan STK Temsilcileri ve vatanda\u015flar\u0131m\u0131z ile birlikte hem yetkili firma sahiplerine hem de yetkili makamlara \u015funu anlatmaya \u00e7al\u0131\u015ft\u0131k.<\/p>\n<p>Uzung\u00f6l Turizmde bir D\u00fcnya Markas\u0131d\u0131r.Bu Markay\u0131 do\u011fal g\u00fczelli\u011fi sayesinde kazanm\u0131\u015ft\u0131r.Bizler atalar\u0131m\u0131zdan devrald\u0131\u011f\u0131m\u0131z tertemiz do\u011fay\u0131 tertemiz suyunuzu bizden sonra gelecek olan nesillere miras olarak b\u0131rakmak istiyoruz.Bu konuda her t\u00fcrl\u00fc m\u00fccadeleyi vermeye haz\u0131r\u0131z.<\/p>\n<p>\u00c7aykara ve Solakl\u0131 Deresi olarak bu projenin iptal edilmesi i\u00e7in aylarca m\u00fccadele yapt\u0131k.Projenin yap\u0131lmas\u0131n\u0131n planland\u0131\u011f\u0131 Ta\u015fk\u0131ran Mahallemizde kurmu\u015f oldu\u011fu HES Kar\u015f\u0131t\u0131 Toplanma Merkezimizde k\u0131\u015f mevsiminin o b\u00fcy\u00fck so\u011fu\u011funda 24 saat kesintisiz n\u00f6bet tutarak tepkimizi dile getirdik.<\/p>\n<p>Bunun yan\u0131 s\u0131ra Resmi Makamlara gerekli ba\u015fvurular\u0131m\u0131z\u0131 yaparak tepkilerimizi dile getirdik.<\/p>\n<figure><img decoding=\"async\" src=\"https:\/\/caykaragundem.com\/resimler\/2025-4\/24\/728342125221069.webp\"><\/figure>\n<p>Solakl\u0131 Deresi olarak ger\u00e7ekle\u015ftirmi\u015f oldu\u011fumuz tepki bir s\u00fcre sonra toplumumuzda kar\u015f\u0131l\u0131\u011f\u0131n\u0131 da buldu.,<\/p>\n<p>Ba\u015fta Sanat,spor ve siyaset d\u00fcnyas\u0131 olmak \u00fczere toplumun her kesiminden bizlere \u00e7ok b\u00fcy\u00fck destek geldi.<\/p>\n<p>\u00c7aykara Belediye Ba\u015fkan\u0131m\u0131z Say\u0131n Hanefi Tok ve Trabzon B\u00fcy\u00fck\u015fehir Belediye Ba\u015fkan\u0131m\u0131z Say\u0131n Ahmet Metin Gen\u00e7 yapm\u0131\u015f olduklar\u0131 a\u00e7\u0131klamalar ile HES Projesine kar\u015f\u0131 olduklar\u0131n\u0131 defalarca ifade ettiler.<\/p>\n<p>Son olarak \u00c7aykara \u0130l\u00e7esi Muhtarlar\u0131 olarak yapm\u0131\u015f oldu\u011fumuz Ankara ziyaretlerimiz kapsam\u0131nda Enerji ve Tabii Kaynaklar Bakan\u0131m\u0131z Say\u0131n Alparslan Albayrak\u2019a da bu konudaki hassasiyetimizi ve kararl\u0131l\u0131\u011f\u0131m\u0131z\u0131 ifade ettik.<\/p>\n<p>Say\u0131n Bakan\u0131m\u0131z bizlere yapm\u0131\u015f olduklar\u0131 a\u00e7\u0131klamalarda bu projeye kar\u015f\u0131 olduklar\u0131n\u0131,Uzung\u00f6l\u2019\u00fcn do\u011fal g\u00fczelli\u011finin korunmas\u0131 gerekti\u011fini bu konuda rahat olmam\u0131z gerekti\u011fini ifade ettiler.<\/p>\n<p>\u015eimdi ise geline noktada yeni bir \u00c7ED Raporu Halk\u0131 Bilgilendirme toplant\u0131s\u0131 ile kar\u015f\u0131 kar\u015f\u0131ya b\u0131rak\u0131ld\u0131k.<\/p>\n<p>Bu g\u00fcn t\u00fcm \u00c7aykara kararl\u0131 duru\u015funu ortaya koydu.<\/p>\n<p>Daha \u00f6nce defalarca ifade etti\u011fimiz gibi.Solakl\u0131 Deresi olarak Bu cennet do\u011fay\u0131 sermayenin esiri yapmayaca\u011f\u0131z.Muhte\u015fem do\u011fam\u0131z e\u015fsiz do\u011fal g\u00fczelli\u011fi ile D\u00fcnya Turizmi,ne hizmet yapmaya devam edecek.<\/p>\n<p>3200 Metre y\u00fckseklikteki K\u0131rklar Da\u011f\u0131n\u0131n eteklerinden koptuktan sonra yakla\u015f\u0131k 50 KM\u2019lik yolculu\u011funun ard\u0131ndan Of \u0130l\u00e7emizden Karadeniz ile birle\u015fen Solakl\u0131 Deremiz \u00f6zg\u00fcr sular\u0131 \u00f6zg\u00fcr olarak akmaya devam edecek.<\/p>\n<p>B\u00f6lgemizin ve insanlar\u0131m\u0131z\u0131n bu duyarl\u0131l\u0131\u011f\u0131n\u0131n art\u0131k yetkililer taraf\u0131ndan dikkate al\u0131nmas\u0131 ve bu projenin \u0130PTAL edilmesini talep ediyoruz.<\/p>\n<p>D\u00fc\u015f\u00fcnmek bile istemiyoruz ama aksi bir durumda b\u00f6lge halk\u0131 olarak her t\u00fcrl\u00fc tepki ve eylemlerimizi ortaya koymaya devam edece\u011fiz.<\/p>\n<p>          <\/div>\n","protected":false},"excerpt":{"rendered":"<p>Uzung\u00f6l ve Ta\u015fk\u0131ran B\u00f6lgesinde yap\u0131lmas\u0131 planlanan Uzung\u00f6l HES Toplant\u0131s\u0131 \u00c7ED Raporu vatanda\u015f bilgilendirme toplant\u0131s\u0131 \u00c7aykara Halk\u0131n\u0131n toplant\u0131da HES Projesini istemiyoruz tepkileri ile vatanda\u015flar\u0131n tepki toplant\u0131s\u0131na d\u00f6n\u00fc\u015ft\u00fc. Trabzonspor Elektrik \u00dcretim Ticaret A.\u015e. taraf\u0131ndan\u00a0 ger\u00e7ekle\u015ftirilmek istenen Uzung\u00f6l Reg\u00fclat\u00f6r\u00fc ve HES Projesi Halk\u0131n Bilgilendirilmesi ve S\u00fcrece kat\u0131l\u0131m toplant\u0131s\u0131 vatanda\u015flar taraf\u0131ndan g\u00f6sterilen tepkiler sebebi ile ger\u00e7ekle\u015ftirilemeden sona erdi. 2024 [&hellip;]<\/p>\n","protected":false},"author":1,"featured_media":4553,"comment_status":"open","ping_status":"open","sticky":false,"template":"","format":"standard","meta":{"tdm_status":"","tdm_grid_status":"","footnotes":""},"categories":[40],"tags":[],"class_list":{"0":"post-4552","1":"post","2":"type-post","3":"status-publish","4":"format-standard","5":"has-post-thumbnail","7":"category-caykara"},"_links":{"self":[{"href":"https:\/\/zeleka.com\/index.php?rest_route=\/wp\/v2\/posts\/4552","targetHints":{"allow":["GET"]}}],"collection":[{"href":"https:\/\/zeleka.com\/index.php?rest_route=\/wp\/v2\/posts"}],"about":[{"href":"https:\/\/zeleka.com\/index.php?rest_route=\/wp\/v2\/types\/post"}],"author":[{"embeddable":true,"href":"https:\/\/zeleka.com\/index.php?rest_route=\/wp\/v2\/users\/1"}],"replies":[{"embeddable":true,"href":"https:\/\/zeleka.com\/index.php?rest_route=%2Fwp%2Fv2%2Fcomments&post=4552"}],"version-history":[{"count":0,"href":"https:\/\/zeleka.com\/index.php?rest_route=\/wp\/v2\/posts\/4552\/revisions"}],"wp:featuredmedia":[{"embeddable":true,"href":"https:\/\/zeleka.com\/index.php?rest_route=\/wp\/v2\/media\/4553"}],"wp:attachment":[{"href":"https:\/\/zeleka.com\/index.php?rest_route=%2Fwp%2Fv2%2Fmedia&parent=4552"}],"wp:term":[{"taxonomy":"category","embeddable":true,"href":"https:\/\/zeleka.com\/index.php?rest_route=%2Fwp%2Fv2%2Fcategories&post=4552"},{"taxonomy":"post_tag","embeddable":true,"href":"https:\/\/zeleka.com\/index.php?rest_route=%2Fwp%2Fv2%2Ftags&post=4552"}],"curies":[{"name":"wp","href":"https:\/\/api.w.org\/{rel}","templated":true}]}}