{"id":4532,"date":"2025-04-18T01:29:12","date_gmt":"2025-04-17T22:29:12","guid":{"rendered":"https:\/\/zeleka.com\/?p=4532"},"modified":"2025-04-18T01:29:12","modified_gmt":"2025-04-17T22:29:12","slug":"trabzonun-dunyaca-unlu-turizm-merkezi-uzungolde-turizm-haftasi-acilis-programi-gerc-eklestirildi-15-22-nisan-turizm-haftasi-dolayisi-ile-trabzonu","status":"publish","type":"post","link":"https:\/\/zeleka.com\/?p=4532","title":{"rendered":"<div id=\"detaymetin\">                            <p>Trabzon\u2019un D\u00fcnyaca \u00fcnl\u00fc Turizm Merkezi Uzung\u00f6l\u2019de Turizm Haftas\u0131 A\u00e7\u0131l\u0131\u015f program\u0131 ger\u00e7.ekle\u015ftirildi.<\/p><p>15-22 Nisan Turizm Haftas\u0131 dolay\u0131s\u0131 ile Trabzon\u2019\u00fcn d\u00fcnyaca \u00fcnl\u00fc Turizm M"},"content":{"rendered":"<div id=\"detaymetin\">\n<p>Trabzon\u2019un D\u00fcnyaca \u00fcnl\u00fc Turizm Merkezi Uzung\u00f6l\u2019de Turizm Haftas\u0131 A\u00e7\u0131l\u0131\u015f program\u0131 ger\u00e7.ekle\u015ftirildi.<\/p>\n<p>15-22 Nisan Turizm Haftas\u0131 dolay\u0131s\u0131 ile Trabzon\u2019\u00fcn d\u00fcnyaca \u00fcnl\u00fc Turizm Merkezinde Turizm Haftas\u0131 A\u00e7\u0131l\u0131\u015f Program\u0131 ger\u00e7ekle\u015ftirildi.<\/p>\n<figure><img decoding=\"async\" src=\"https:\/\/caykaragundem.com\/resimler\/2025-4\/17\/71120847108376.webp\"><\/figure>\n<p>17 Nisan 2025 Per\u015fembe g\u00fcn\u00fc ger\u00e7ekle\u015ftirilen a\u00e7\u0131l\u0131\u015f program\u0131 g\u00f6l\u00fcn \u00fcst k\u0131sm\u0131nda yer alan Uzung\u00f6l Turizmciler Derne\u011fi taraf\u0131ndan kiralanan alanda ger\u00e7ekle\u015ftirildi.<\/p>\n<p>Trabzon Valili\u011fi,Trabzon K\u00fclt\u00fcr ve Turizm \u0130l M\u00fcd\u00fcrl\u00fc\u011f\u00fc,\u00c7aykara Kaymakaml\u0131\u011f\u0131,\u00c7aykara Belediyesi ve Uzung\u00f6l Turizmciler Derne\u011fi taraf\u0131ndan ortak olarak ger\u00e7ekle\u015ftirilen program yo\u011fun bir kat\u0131l\u0131m ile ger\u00e7ekle\u015ftirildi.<\/p>\n<p>Ger\u00e7ekle\u015ftirilen programa Trabzon Vali Yard\u0131mc\u0131s\u0131 Hac\u0131 Osman H\u00f6kelekli,\u00c7aykara Kaymakam\u0131 Ali Sapmaz,\u00c7aykara Belediye Ba\u015fkan\u0131 Hanefi Tok Uzung\u00f6l Turizmciler Derne\u011fi Ba\u015fkan\u0131 Mehmet Kele\u015f,Uzung\u00f6l Muhtar\u0131 Selman Dilek,ve \u00e7ok kalabal\u0131k bir vatanda\u015f toplulu\u011fu kat\u0131l\u0131m sa\u011flad\u0131.<\/p>\n<figure><img decoding=\"async\" src=\"https:\/\/caykaragundem.com\/resimler\/2025-4\/17\/338822107602521.webp\"><\/figure>\n<p>Ger\u00e7ekle\u015ftirilen A\u00e7\u0131l\u0131\u015f Program\u0131nda Trabzon Vali Yard\u0131mc\u0131s\u0131 Hac\u0131 Osman H\u00f6kelekli,\u00c7aykara Belediye Ba\u015fkan\u0131 Hanefi Tok ve Uzung\u00f6l Turizmciler Derne\u011fi Ba\u015fkan\u0131 Mehmet Kele\u015f taraf\u0131ndan birer konu\u015fma ger\u00e7ekle\u015ftirildi.<\/p>\n<p>Trabzon B\u00fcy\u00fck\u015fehir Belediyesi Kanuni Mehteran tak\u0131m\u0131 a\u00e7\u0131l\u0131\u015f program\u0131nda sahne ald\u0131lar.<\/p>\n<p>Uzung\u00f6l\u2019l\u00fc \u015eair Mehmet \u0130nan taraf\u0131ndan \u015fiir okunurken Y\u00f6resel M\u00fczik dinletisi b\u00f6l\u00fcm\u00fcnde ise g\u00f6l \u00e7evresinde horon halay\u0131 olu\u015fturuldu.<\/p>\n<figure><img decoding=\"async\" src=\"https:\/\/caykaragundem.com\/resimler\/2025-4\/17\/3412812028713.webp\"><\/figure>\n<p>Karadeniz Teknik \u00dcniversitesi (KT\u00dc) \u00f6\u011fretim \u00fcyesi Prof. Dr. Orhan Durgun y\u00f6netimindeki \u00c7aykara Dernekpazar\u0131 K\u00fclt\u00fcr ve Dayan\u0131\u015fma Derne\u011fi Halk Oyunlar\u0131 ekibi y\u00f6re oyunlar\u0131ndan olu\u015fan halkoyunlar\u0131n\u0131 sahneye koyarken \u00f6zellikle sahnel\u015fenen vaybeni oyun havas\u0131 ve atma t\u00fcrk\u00fcler be\u011feni ile izlendi.<\/p>\n<p>Vali Yard\u0131mc\u0131s\u0131 H\u00f6kelekli,Kaymakam Sapmaz ve Ba\u015fkan Tok ile Dernek Ba\u015fkan\u0131 Kele\u015f taraf\u0131ndan programa kat\u0131l\u0131m sa\u011flayan t\u00fcm misafirlere g\u00fcl ve bayrak hediye edilirken daha sonra ise Trabzon B\u00fcy\u00fck\u015fehir Belediyesi Mehteran tak\u0131m\u0131 \u00f6nc\u00fcl\u00fc\u011f\u00fcnde ve mar\u015flar e\u015fli\u011finde ger\u00e7ekle\u015ftirilen kortej y\u00fcr\u00fcy\u00fc\u015f\u00fc e\u015fli\u011finde Uzung\u00f6l y\u00fcr\u00fcy\u00fc\u015f\u00fc ger\u00e7ekle\u015ftirildi.<\/p>\n<figure><\/figure>\n<p>Program\u0131n son b\u00f6l\u00fcm\u00fcnde ise protokol ve misafirler taraf\u0131ndan Karadeniz B\u00f6lgesinin en \u00f6nemli m\u00fczelerinden bir tanesi olan ve Uzung\u00f6l Turizminin Ba\u015f Mimar\u0131 Dursun Ali \u0130nan taraf\u0131ndan Karadeniz B\u00f6lgesine kazand\u0131r\u0131lan Dursun Ali \u0130nan m\u00fczesi ziyareti ger\u00e7ekle\u015ftirilerek m\u00fczede sergilenen tarihi eserler incelendi.<\/p>\n<p>          <\/div>\n","protected":false},"excerpt":{"rendered":"<p>Trabzon\u2019un D\u00fcnyaca \u00fcnl\u00fc Turizm Merkezi Uzung\u00f6l\u2019de Turizm Haftas\u0131 A\u00e7\u0131l\u0131\u015f program\u0131 ger\u00e7.ekle\u015ftirildi. 15-22 Nisan Turizm Haftas\u0131 dolay\u0131s\u0131 ile Trabzon\u2019\u00fcn d\u00fcnyaca \u00fcnl\u00fc Turizm Merkezinde Turizm Haftas\u0131 A\u00e7\u0131l\u0131\u015f Program\u0131 ger\u00e7ekle\u015ftirildi. 17 Nisan 2025 Per\u015fembe g\u00fcn\u00fc ger\u00e7ekle\u015ftirilen a\u00e7\u0131l\u0131\u015f program\u0131 g\u00f6l\u00fcn \u00fcst k\u0131sm\u0131nda yer alan Uzung\u00f6l Turizmciler Derne\u011fi taraf\u0131ndan kiralanan alanda ger\u00e7ekle\u015ftirildi. Trabzon Valili\u011fi,Trabzon K\u00fclt\u00fcr ve Turizm \u0130l M\u00fcd\u00fcrl\u00fc\u011f\u00fc,\u00c7aykara Kaymakaml\u0131\u011f\u0131,\u00c7aykara [&hellip;]<\/p>\n","protected":false},"author":1,"featured_media":4533,"comment_status":"open","ping_status":"open","sticky":false,"template":"","format":"standard","meta":{"tdm_status":"","tdm_grid_status":"","footnotes":""},"categories":[40],"tags":[],"class_list":{"0":"post-4532","1":"post","2":"type-post","3":"status-publish","4":"format-standard","5":"has-post-thumbnail","7":"category-caykara"},"_links":{"self":[{"href":"https:\/\/zeleka.com\/index.php?rest_route=\/wp\/v2\/posts\/4532","targetHints":{"allow":["GET"]}}],"collection":[{"href":"https:\/\/zeleka.com\/index.php?rest_route=\/wp\/v2\/posts"}],"about":[{"href":"https:\/\/zeleka.com\/index.php?rest_route=\/wp\/v2\/types\/post"}],"author":[{"embeddable":true,"href":"https:\/\/zeleka.com\/index.php?rest_route=\/wp\/v2\/users\/1"}],"replies":[{"embeddable":true,"href":"https:\/\/zeleka.com\/index.php?rest_route=%2Fwp%2Fv2%2Fcomments&post=4532"}],"version-history":[{"count":0,"href":"https:\/\/zeleka.com\/index.php?rest_route=\/wp\/v2\/posts\/4532\/revisions"}],"wp:featuredmedia":[{"embeddable":true,"href":"https:\/\/zeleka.com\/index.php?rest_route=\/wp\/v2\/media\/4533"}],"wp:attachment":[{"href":"https:\/\/zeleka.com\/index.php?rest_route=%2Fwp%2Fv2%2Fmedia&parent=4532"}],"wp:term":[{"taxonomy":"category","embeddable":true,"href":"https:\/\/zeleka.com\/index.php?rest_route=%2Fwp%2Fv2%2Fcategories&post=4532"},{"taxonomy":"post_tag","embeddable":true,"href":"https:\/\/zeleka.com\/index.php?rest_route=%2Fwp%2Fv2%2Ftags&post=4532"}],"curies":[{"name":"wp","href":"https:\/\/api.w.org\/{rel}","templated":true}]}}