{"id":4526,"date":"2025-04-16T00:30:31","date_gmt":"2025-04-15T21:30:31","guid":{"rendered":"https:\/\/zeleka.com\/?p=4526"},"modified":"2025-04-16T00:30:31","modified_gmt":"2025-04-15T21:30:31","slug":"ilcemiz-koseli-mahallesinden-ilim-adami-hoca-mustafa-cakmak-vefat-etti-cesitli-rahatsizliklari-bulunan-ve-bir-sureden-bu-yana-hastanede-tedavi-goren-mustafa-cakmaktedavi-g","status":"publish","type":"post","link":"https:\/\/zeleka.com\/?p=4526","title":{"rendered":"<div id=\"detaymetin\">                            <p>\u0130l\u00e7emiz K\u00f6seli Mahallesinden \u0130lim Adam\u0131 Hoca Mustafa \u00c7akmak vefat etti.<\/p><p>\u00c7e\u015fitli rahats\u0131zl\u0131klar\u0131 bulunan ve bir s\u00fcreden bu yana hastanede tedavi g\u00f6ren Mustafa \u00c7akmak,tedavi g\u00f6rd\u00fc\u011f\u00fc"},"content":{"rendered":"<div id=\"detaymetin\">\n<p>\u0130l\u00e7emiz K\u00f6seli Mahallesinden \u0130lim Adam\u0131 Hoca Mustafa \u00c7akmak vefat etti.<\/p>\n<p>\u00c7e\u015fitli rahats\u0131zl\u0131klar\u0131 bulunan ve bir s\u00fcreden bu yana hastanede tedavi g\u00f6ren Mustafa \u00c7akmak,tedavi g\u00f6rd\u00fc\u011f\u00fc hastanede hayat\u0131n\u0131 kaybetti.<\/p>\n<figure><img decoding=\"async\" src=\"https:\/\/caykaragundem.com\/resimler\/2025-4\/15\/108730360692092.webp\"><\/figure>\n<p>Merhum Mustafa \u00c7akmak,B\u00f6lgemizin \u00f6nemli \u0130lim insanlar\u0131ndan Hac\u0131 Vahap \u00c7akmak\u2019\u0131n abisi,Cenap \u00c7akmak\u2019\u0131n babas\u0131,Necmettin Demir,Murat \u00c7akmak ve H\u00fcsn\u00fc \u00c7akmak\u2019\u0131n kay\u0131npederleriydi.<\/p>\n<p>Merhum Mustafa \u00c7akmak, 16.04.2025 \u00c7ar\u015famba g\u00fcn\u00fc\u00a0 (yar\u0131n) \u00f6\u011flen namaz\u0131na m\u00fcteakip, K\u00f6seli mahallesi camiinde k\u0131l\u0131narak,ayn\u0131 yerde bulunan \u00a0aile kabristan\u0131na defnedilecektir.<\/p>\n<figure><img decoding=\"async\" src=\"https:\/\/caykaragundem.com\/resimler\/2025-4\/15\/1205501241668302.webp\"><\/figure>\n<p>\u00a0 \u00a0 \u00c7aykara G\u00fcndem Gazetesi olarak De\u011ferli hocam\u0131za Allah&#8217;tan rahmet yak\u0131nlar\u0131na, sevenlerine ve k\u00f6y\u00fcm\u00fcz halk\u0131na ba\u015fsa\u011fl\u0131\u011f\u0131 dileriz .<\/p>\n<p><strong>\u0130LET\u0130\u015e\u0130M:<\/strong><\/p>\n<p><strong>Vahap \u00c7AKMAK-Karde\u015fi-\u00a0 \u00a0 \u00a0 \u00a005343746608<\/strong><\/p>\n<p><strong>Cenap \u00c7AKMAK\u00a0 -O\u011flu-\u00a0 \u00a0 \u00a0 \u00a0 05453432606<\/strong><\/p>\n<p><strong>Necmettin DEM\u0130R -Eni\u015ftesi\u00a005376682972<\/strong><\/p>\n<p><strong>\u00a0Murat \u00c7AKMAK\u00a0 \u00a0-Eni\u015ftesi\u00a0 \u00a005462055176<\/strong><\/p>\n<p><strong>\u00a0H\u00fcsn\u00fc \u00c7AKMAK\u00a0 -Eni\u015ftesi\u00a0 \u00a0+491739899864<\/strong><\/p>\n<p>          <\/div>\n","protected":false},"excerpt":{"rendered":"<p>\u0130l\u00e7emiz K\u00f6seli Mahallesinden \u0130lim Adam\u0131 Hoca Mustafa \u00c7akmak vefat etti. \u00c7e\u015fitli rahats\u0131zl\u0131klar\u0131 bulunan ve bir s\u00fcreden bu yana hastanede tedavi g\u00f6ren Mustafa \u00c7akmak,tedavi g\u00f6rd\u00fc\u011f\u00fc hastanede hayat\u0131n\u0131 kaybetti. Merhum Mustafa \u00c7akmak,B\u00f6lgemizin \u00f6nemli \u0130lim insanlar\u0131ndan Hac\u0131 Vahap \u00c7akmak\u2019\u0131n abisi,Cenap \u00c7akmak\u2019\u0131n babas\u0131,Necmettin Demir,Murat \u00c7akmak ve H\u00fcsn\u00fc \u00c7akmak\u2019\u0131n kay\u0131npederleriydi. Merhum Mustafa \u00c7akmak, 16.04.2025 \u00c7ar\u015famba g\u00fcn\u00fc\u00a0 (yar\u0131n) \u00f6\u011flen namaz\u0131na m\u00fcteakip, [&hellip;]<\/p>\n","protected":false},"author":1,"featured_media":4527,"comment_status":"open","ping_status":"open","sticky":false,"template":"","format":"standard","meta":{"tdm_status":"","tdm_grid_status":"","footnotes":""},"categories":[40],"tags":[],"class_list":{"0":"post-4526","1":"post","2":"type-post","3":"status-publish","4":"format-standard","5":"has-post-thumbnail","7":"category-caykara"},"_links":{"self":[{"href":"https:\/\/zeleka.com\/index.php?rest_route=\/wp\/v2\/posts\/4526","targetHints":{"allow":["GET"]}}],"collection":[{"href":"https:\/\/zeleka.com\/index.php?rest_route=\/wp\/v2\/posts"}],"about":[{"href":"https:\/\/zeleka.com\/index.php?rest_route=\/wp\/v2\/types\/post"}],"author":[{"embeddable":true,"href":"https:\/\/zeleka.com\/index.php?rest_route=\/wp\/v2\/users\/1"}],"replies":[{"embeddable":true,"href":"https:\/\/zeleka.com\/index.php?rest_route=%2Fwp%2Fv2%2Fcomments&post=4526"}],"version-history":[{"count":0,"href":"https:\/\/zeleka.com\/index.php?rest_route=\/wp\/v2\/posts\/4526\/revisions"}],"wp:featuredmedia":[{"embeddable":true,"href":"https:\/\/zeleka.com\/index.php?rest_route=\/wp\/v2\/media\/4527"}],"wp:attachment":[{"href":"https:\/\/zeleka.com\/index.php?rest_route=%2Fwp%2Fv2%2Fmedia&parent=4526"}],"wp:term":[{"taxonomy":"category","embeddable":true,"href":"https:\/\/zeleka.com\/index.php?rest_route=%2Fwp%2Fv2%2Fcategories&post=4526"},{"taxonomy":"post_tag","embeddable":true,"href":"https:\/\/zeleka.com\/index.php?rest_route=%2Fwp%2Fv2%2Ftags&post=4526"}],"curies":[{"name":"wp","href":"https:\/\/api.w.org\/{rel}","templated":true}]}}