{"id":4520,"date":"2025-04-11T23:31:26","date_gmt":"2025-04-11T20:31:26","guid":{"rendered":"https:\/\/zeleka.com\/?p=4520"},"modified":"2025-04-11T23:31:26","modified_gmt":"2025-04-11T20:31:26","slug":"trabzonun-caykara-ilcesinde-imam-hatip-olarak-gorev-yapan-28-yasindaki-fatih-goktas-genc-yasta-evinde-olu-bulundu-caykara-ilcesinin-koknar-mahallesi-merkez-camiind","status":"publish","type":"post","link":"https:\/\/zeleka.com\/?p=4520","title":{"rendered":"<div id=\"detaymetin\">                            <p>Trabzon\u2019un \u00c7aykara \u0130l\u00e7esinde \u0130mam Hatip olarak g\u00f6rev yapan 28 ya\u015f\u0131ndaki Fatih G\u00f6kta\u015f gen\u00e7 ya\u015fta evinde \u00f6l\u00fc bulundu.<\/p><p>\u00c7aykara \u0130l\u00e7esinin K\u00f6knar Mahallesi Merkez Camiinde g\u00f6rev yapa"},"content":{"rendered":"<div id=\"detaymetin\">\n<p>Trabzon\u2019un \u00c7aykara \u0130l\u00e7esinde \u0130mam Hatip olarak g\u00f6rev yapan 28 ya\u015f\u0131ndaki Fatih G\u00f6kta\u015f gen\u00e7 ya\u015fta evinde \u00f6l\u00fc bulundu.<\/p>\n<p>\u00c7aykara \u0130l\u00e7esinin K\u00f6knar Mahallesi Merkez Camiinde g\u00f6rev yapan \u0130mam Hatip Fatih G\u00f6kta\u015f 10 Nisan 2025 Per\u015fembe g\u00fcn\u00fc sabah,\u00f6\u011flen,ikindi ve ak\u015fam namaz\u0131na gelmeyince cemaati ve mahalle halk\u0131 imam\u0131 merak etmeye ba\u015flad\u0131lar.<\/p>\n<figure><img decoding=\"async\" src=\"https:\/\/caykaragundem.com\/resimler\/2025-4\/11\/112888518072632.webp\"><\/figure>\n<p>\u0130mam\u0131n yats\u0131 namaz\u0131na da gelmemesi \u00fczerine vatanda\u015flar ve din g\u00f6revlileri endi\u015felenerek 112 Sa\u011fl\u0131k ekibine haber verdi.<\/p>\n<p>\u0130mam\u0131n kald\u0131\u011f\u0131 lojmana gelen ve kap\u0131y\u0131 a\u00e7an sa\u011fl\u0131k g\u00f6revlileri gen\u00e7 Din g\u00f6revlisinin cans\u0131z bedeni ile kar\u015f\u0131la\u015ft\u0131.<\/p>\n<p>28 Ya\u015f\u0131nda hayat\u0131n \u0131 kaybeden Konya\u2019l\u0131 olan Din G\u00f6revlisi Fatih G\u00f6kta\u015f\u2019\u0131n soba gaz\u0131ndan s\u0131zan k\u00f6m\u00fcrden zehirlenerek hayat\u0131n\u0131 kaybetti\u011fi tahmin ediliyor.<\/p>\n<figure><img decoding=\"async\" src=\"https:\/\/caykaragundem.com\/resimler\/2025-4\/11\/659891743329800.webp\"><\/figure>\n<p>Gen\u00e7 \u0130mam Hatip\u2019in cans\u0131z bedeni Trabzon Adli T\u0131p Kurumuna kald\u0131r\u0131ld\u0131.<\/p>\n<p>Gerekli i\u015flemlerin ger\u00e7ekle\u015ftirilmesinin ard\u0131ndan cenaze bu g\u00fcn Konya\u2019ya g\u00f6nderilecek ve burada son yolculu\u011funa u\u011furlanacak.<\/p>\n<p>\u00c7aykara G\u00fcndem Gazetesi olarak gen\u00e7 ya\u015fta aram\u0131zdan ayr\u0131lan \u0130mam Hatip Fatih G\u00f6kta\u015f\u2019a Allah\u2019tan rahmet,ikederli ailesine ba\u015f sa\u011fl\u0131\u011f\u0131 dileklerimizi iletiyoruz.\u00a0<\/p>\n<p>          <\/div>\n","protected":false},"excerpt":{"rendered":"<p>Trabzon\u2019un \u00c7aykara \u0130l\u00e7esinde \u0130mam Hatip olarak g\u00f6rev yapan 28 ya\u015f\u0131ndaki Fatih G\u00f6kta\u015f gen\u00e7 ya\u015fta evinde \u00f6l\u00fc bulundu. \u00c7aykara \u0130l\u00e7esinin K\u00f6knar Mahallesi Merkez Camiinde g\u00f6rev yapan \u0130mam Hatip Fatih G\u00f6kta\u015f 10 Nisan 2025 Per\u015fembe g\u00fcn\u00fc sabah,\u00f6\u011flen,ikindi ve ak\u015fam namaz\u0131na gelmeyince cemaati ve mahalle halk\u0131 imam\u0131 merak etmeye ba\u015flad\u0131lar. \u0130mam\u0131n yats\u0131 namaz\u0131na da gelmemesi \u00fczerine vatanda\u015flar ve [&hellip;]<\/p>\n","protected":false},"author":1,"featured_media":4521,"comment_status":"open","ping_status":"open","sticky":false,"template":"","format":"standard","meta":{"tdm_status":"","tdm_grid_status":"","footnotes":""},"categories":[40],"tags":[],"class_list":{"0":"post-4520","1":"post","2":"type-post","3":"status-publish","4":"format-standard","5":"has-post-thumbnail","7":"category-caykara"},"_links":{"self":[{"href":"https:\/\/zeleka.com\/index.php?rest_route=\/wp\/v2\/posts\/4520","targetHints":{"allow":["GET"]}}],"collection":[{"href":"https:\/\/zeleka.com\/index.php?rest_route=\/wp\/v2\/posts"}],"about":[{"href":"https:\/\/zeleka.com\/index.php?rest_route=\/wp\/v2\/types\/post"}],"author":[{"embeddable":true,"href":"https:\/\/zeleka.com\/index.php?rest_route=\/wp\/v2\/users\/1"}],"replies":[{"embeddable":true,"href":"https:\/\/zeleka.com\/index.php?rest_route=%2Fwp%2Fv2%2Fcomments&post=4520"}],"version-history":[{"count":0,"href":"https:\/\/zeleka.com\/index.php?rest_route=\/wp\/v2\/posts\/4520\/revisions"}],"wp:featuredmedia":[{"embeddable":true,"href":"https:\/\/zeleka.com\/index.php?rest_route=\/wp\/v2\/media\/4521"}],"wp:attachment":[{"href":"https:\/\/zeleka.com\/index.php?rest_route=%2Fwp%2Fv2%2Fmedia&parent=4520"}],"wp:term":[{"taxonomy":"category","embeddable":true,"href":"https:\/\/zeleka.com\/index.php?rest_route=%2Fwp%2Fv2%2Fcategories&post=4520"},{"taxonomy":"post_tag","embeddable":true,"href":"https:\/\/zeleka.com\/index.php?rest_route=%2Fwp%2Fv2%2Ftags&post=4520"}],"curies":[{"name":"wp","href":"https:\/\/api.w.org\/{rel}","templated":true}]}}