{"id":4518,"date":"2025-04-11T23:31:27","date_gmt":"2025-04-11T20:31:27","guid":{"rendered":"https:\/\/zeleka.com\/?p=4518"},"modified":"2025-04-11T23:31:27","modified_gmt":"2025-04-11T20:31:27","slug":"trabzonun-caykara-ilcesi-muhtarlar-dernegi-yonetim-kurulu-ve-muhtarlari-ankarada-cesitli-ziyaretler-gerceklestirdiler-cesitli-ziyaretler-yapmak-ve-caykara","status":"publish","type":"post","link":"https:\/\/zeleka.com\/?p=4518","title":{"rendered":"<div id=\"detaymetin\">                            <p>Trabzon\u2019un \u00c7aykara \u0130l\u00e7esi Muhtarlar Derne\u011fi Y\u00f6netim Kurulu ve Muhtarlar\u0131 Ankara\u2019da \u00e7e\u015fitli ziyaretler ger\u00e7ekle\u015ftirdiler.<\/p><p>\u00c7e\u015fitli ziyaretler yapmak ve \u00c7aykara \u0130l\u00e7esi ile ilgili hi"},"content":{"rendered":"<div id=\"detaymetin\">\n<p>Trabzon\u2019un \u00c7aykara \u0130l\u00e7esi Muhtarlar Derne\u011fi Y\u00f6netim Kurulu ve Muhtarlar\u0131 Ankara\u2019da \u00e7e\u015fitli ziyaretler ger\u00e7ekle\u015ftirdiler.<\/p>\n<p>\u00c7e\u015fitli ziyaretler yapmak ve \u00c7aykara \u0130l\u00e7esi ile ilgili hizmet taleplerini iletmek \u00fczere Ankara\u2019da bulunan \u00c7aykara Muhtarlar Derne\u011fi Ba\u015fkan\u0131 Naci Kele\u015f ve Y\u00f6netim Kurulu \u00fcyeleri ile \u00c7aykara Muhtarlar\u0131 10 Nisan 2025 tarihinde Ankara\u2019da \u00e7e\u015fitli ziyaretler ger\u00e7ekle\u015ftirdiler.<\/p>\n<p>\u0130lk olarak Cumhurba\u015fkanl\u0131\u011f\u0131 Ba\u015f Dan\u0131\u015fman\u0131 Oktay Saral\u2019\u0131 makam\u0131nda ziyaret eden \u00c7aykara Muhtarlar Derne\u011fi,kar\u015f\u0131l\u0131kl\u0131 fikir al\u0131\u015fi veri\u015fi \u00e7er\u00e7evesinde \u00c7aykara \u0130l\u00e7esi ile ilgili hizmet taleplerini iletirken,\u00c7aykara Muhtarlar Derne\u011fi Ba\u015fkan\u0131 Naci Kele\u015f ise hem brifing sunumu hem de iletmi\u015f oldu\u011fu Brifing Dosyas\u0131 ile \u00c7aykara \u0130l\u00e7esinin taleplerini Ba\u015f Dan\u0131\u015fman Oktay Saral\u2019a iletti.<\/p>\n<figure><img decoding=\"async\" src=\"https:\/\/caykaragundem.com\/resimler\/2025-4\/11\/74466725603640.webp\"><\/figure>\n<p>Daha sonra Cumhurba\u015fkanl\u0131\u011f\u0131 Devlet Denetleme Kurulu Ba\u015fkan Yard\u0131mc\u0131s\u0131 \u00c7aykara\u2019l\u0131 Cengiz Ayd\u0131n\u2019\u0131 ziyaret eden Muhtarlar Derne\u011fi Ba\u015fkan\u0131 ve Muhtarlar Ba\u015fkan Ayd\u0131n ile \u00c7aykara \u0130l\u00e7esinin genel sorunlar\u0131n\u0131 konu\u015ftular ve \u00c7aykara insan\u0131n\u0131n taleplerini ilettiler.<\/p>\n<figure><img decoding=\"async\" src=\"https:\/\/caykaragundem.com\/resimler\/2025-4\/11\/1033941630374344.webp\"><\/figure>\n<p>Saadet Partisi Bursa Miletvekili Mehmet Atmaca\u2019y\u0131 TBMM\u2019deki makam odas\u0131nda ziyaret eden Ba\u015fkan Naci Kele\u015f ve Muhtarlar \u00c7aykara \u0130nsan\u0131n\u0131n taleplerini anlat\u0131rken Ba\u015fkan Naci Kele\u015f taraf\u0131ndan ise \u00c7aykara insan\u0131n\u0131n taleplerinin yer ald\u0131\u011f\u0131 bir talep dosyas\u0131 Milletvekili Atmaca\u2019ya takdim edildi.<\/p>\n<figure><img decoding=\"async\" src=\"https:\/\/caykaragundem.com\/resimler\/2025-4\/11\/125998937915642.webp\"><\/figure>\n<p>TBMM Milletvekili \u0130\u015fleri Daire Ba\u015fkan Yard\u0131mc\u0131s\u0131 Ufuk Hac\u0131ahmeto\u011flu\u2019nu ziyaret eden Ba\u015fkan Kele\u015f ve Muhtarlar \u00c7aykara \u0130l\u00e7esinin talep ve dileklerini Hac\u0131ahmeto\u011flu ile payla\u015ft\u0131.<\/p>\n<figure><img decoding=\"async\" src=\"https:\/\/caykaragundem.com\/resimler\/2025-4\/11\/85195310837929.webp\"><\/figure>\n<p>AK Parti Ankara \u0130l Ba\u015fkan Yard\u0131mc\u0131 Mustafa Erdo\u011fan\u2019\u0131 parti binas\u0131nda ziyaret eden Muhtarlar Derne\u011fi Ba\u015fkan\u0131 Kele\u015f ve Muhtarlar \u00c7aykara \u0130l\u00e7esinin talep ve isteklerini Ba\u015fkan Hac\u0131ahmeto\u011flu\u2019na ileterek destek talebinde bulundular.,<\/p>\n<figure><img decoding=\"async\" src=\"https:\/\/caykaragundem.com\/resimler\/2025-4\/11\/1089772021086887.webp\"><\/figure>\n<p>Cumhurba\u015fkanl\u0131\u011f\u0131 Personel Daire Ba\u015fkan\u0131 \u00c7aykara\u2019l\u0131 hem\u015ferimiz Bilal \u015eent\u00fcrk\u2019\u00fc TBMM\u2019de ziyaret eden Ba\u015fkan Kele\u015f ve Muhtarlar \u00c7aykara \u0130l\u00e7esinde ger\u00e7ekle\u015ftirilebilecek proje ve \u00e7al\u0131\u015fmalar ile ilgili olarak Ba\u015fkan \u015eent\u00fcrk ile kar\u015f\u0131l\u0131kl\u0131 fikir al\u0131\u015f veri\u015finde bulundular.<\/p>\n<figure><img decoding=\"async\" src=\"https:\/\/caykaragundem.com\/resimler\/2025-4\/11\/12614787413270.webp\"><\/figure>\n<p>          <\/div>\n","protected":false},"excerpt":{"rendered":"<p>Trabzon\u2019un \u00c7aykara \u0130l\u00e7esi Muhtarlar Derne\u011fi Y\u00f6netim Kurulu ve Muhtarlar\u0131 Ankara\u2019da \u00e7e\u015fitli ziyaretler ger\u00e7ekle\u015ftirdiler. \u00c7e\u015fitli ziyaretler yapmak ve \u00c7aykara \u0130l\u00e7esi ile ilgili hizmet taleplerini iletmek \u00fczere Ankara\u2019da bulunan \u00c7aykara Muhtarlar Derne\u011fi Ba\u015fkan\u0131 Naci Kele\u015f ve Y\u00f6netim Kurulu \u00fcyeleri ile \u00c7aykara Muhtarlar\u0131 10 Nisan 2025 tarihinde Ankara\u2019da \u00e7e\u015fitli ziyaretler ger\u00e7ekle\u015ftirdiler. \u0130lk olarak Cumhurba\u015fkanl\u0131\u011f\u0131 Ba\u015f Dan\u0131\u015fman\u0131 Oktay Saral\u2019\u0131 [&hellip;]<\/p>\n","protected":false},"author":1,"featured_media":4519,"comment_status":"open","ping_status":"open","sticky":false,"template":"","format":"standard","meta":{"tdm_status":"","tdm_grid_status":"","footnotes":""},"categories":[40],"tags":[],"class_list":{"0":"post-4518","1":"post","2":"type-post","3":"status-publish","4":"format-standard","5":"has-post-thumbnail","7":"category-caykara"},"_links":{"self":[{"href":"https:\/\/zeleka.com\/index.php?rest_route=\/wp\/v2\/posts\/4518","targetHints":{"allow":["GET"]}}],"collection":[{"href":"https:\/\/zeleka.com\/index.php?rest_route=\/wp\/v2\/posts"}],"about":[{"href":"https:\/\/zeleka.com\/index.php?rest_route=\/wp\/v2\/types\/post"}],"author":[{"embeddable":true,"href":"https:\/\/zeleka.com\/index.php?rest_route=\/wp\/v2\/users\/1"}],"replies":[{"embeddable":true,"href":"https:\/\/zeleka.com\/index.php?rest_route=%2Fwp%2Fv2%2Fcomments&post=4518"}],"version-history":[{"count":0,"href":"https:\/\/zeleka.com\/index.php?rest_route=\/wp\/v2\/posts\/4518\/revisions"}],"wp:featuredmedia":[{"embeddable":true,"href":"https:\/\/zeleka.com\/index.php?rest_route=\/wp\/v2\/media\/4519"}],"wp:attachment":[{"href":"https:\/\/zeleka.com\/index.php?rest_route=%2Fwp%2Fv2%2Fmedia&parent=4518"}],"wp:term":[{"taxonomy":"category","embeddable":true,"href":"https:\/\/zeleka.com\/index.php?rest_route=%2Fwp%2Fv2%2Fcategories&post=4518"},{"taxonomy":"post_tag","embeddable":true,"href":"https:\/\/zeleka.com\/index.php?rest_route=%2Fwp%2Fv2%2Ftags&post=4518"}],"curies":[{"name":"wp","href":"https:\/\/api.w.org\/{rel}","templated":true}]}}