{"id":4516,"date":"2025-04-10T22:31:36","date_gmt":"2025-04-10T19:31:36","guid":{"rendered":"https:\/\/zeleka.com\/?p=4516"},"modified":"2025-04-10T22:31:36","modified_gmt":"2025-04-10T19:31:36","slug":"trabzonun-caykara-ilcesinde-muhtarlar-ve-muhtarlar-dernegi-tarafindan-ankara-ziyareti-gerceklestirilerek-enerji-ve-tabii-kaynaklar-bakani-alparslan-albayrak-ziyare","status":"publish","type":"post","link":"https:\/\/zeleka.com\/?p=4516","title":{"rendered":"<div id=\"detaymetin\">                            <p>Trabzon\u2019un \u00c7aykara \u0130l\u00e7esinde Muhtarlar ve Muhtarlar Derne\u011fi taraf\u0131ndan Ankara Ziyareti ger\u00e7ekle\u015ftirilerek Enerji ve Tabii Kaynaklar Bakan\u0131 Alparslan Albayrak ziyaret edildi.<\/p><p>9 Nisan 2025"},"content":{"rendered":"<div id=\"detaymetin\">\n<p>Trabzon\u2019un \u00c7aykara \u0130l\u00e7esinde Muhtarlar ve Muhtarlar Derne\u011fi taraf\u0131ndan Ankara Ziyareti ger\u00e7ekle\u015ftirilerek Enerji ve Tabii Kaynaklar Bakan\u0131 Alparslan Albayrak ziyaret edildi.<\/p>\n<p>9 Nisan 2025 tarihinde \u00c7aykara Muhtarlar Derne\u011fi Ba\u015fkan\u0131 Demirkap\u0131 Mahallesi Muhtar\u0131 Naci Kele\u015f Ba\u015fkanl\u0131\u011f\u0131nda ger\u00e7ekle\u015ftirilen ziyarete Uzung\u00f6l Muhtar\u0131 Selman Dilek,Arpa\u00f6z\u00fc Mahallesi Muhtar\u0131 Y\u00fcksel \u00c7ak\u0131r,Ta\u015fk\u0131ran Mahallesi Muhtar\u0131 H\u00fcseyin Alamano\u011flu,Baltac\u0131l\u0131 Mahallesi Muhtar\u0131 Dursun Ali Baltac\u0131,\u015eekersu Mahallesi Muhtar\u0131 Mehmet Ayg\u00fcn,Ye\u015filalan Mahallesi Muhtar\u0131 \u0130lyas Lemahmuto\u011flu,Yayla\u00f6n\u00fc Mahallesi Muhtar\u0131 Mustafa Gen\u00e7,Yukar\u0131 Kumlu Mahallesi Muhtar\u0131 Fahri Kaygusuz,Akdo\u011fan Mahallesi Muhtar\u0131 Mehmet Y\u0131ld\u0131r\u0131m,Kabata\u015f Mahallesi Muhtar\u0131 Cemal Bilgin,\u00c7aml\u0131bel Muhtar\u0131 Abdullah Kula\u00e7, ve Uzuntarla Mahallesi Muhtar\u0131 G\u00fcltekin G\u00fcl kat\u0131l\u0131m sa\u011flad\u0131.<\/p>\n<figure><img decoding=\"async\" src=\"https:\/\/caykaragundem.com\/resimler\/2025-4\/10\/919421134001584.webp\"><\/figure>\n<p>Muhtarlar Derne\u011fi Ba\u015fkan\u0131 Naci Kele\u015f ve Muhtarlar Enerji ve Tabii Kaynaklar Bakan\u0131 Alparsalan Albayrak\u2019\u0131 Bakanl\u0131ktaki makam\u0131nda ziyaret ettiler.<\/p>\n<p>Ziyaret esnas\u0131nda \u00c7aykara Muhtarlar Derne\u011fi Ba\u015fkan\u0131 Naci Kele\u015f taraf\u0131ndan Bakan Bayraktar\u2019a \u00c7aykara \u0130l\u00e7esinin Enerji taleplerinin yer ald\u0131\u011f\u0131 Brifing sunumu ger\u00e7ekle\u015ftirildi ve haz\u0131rlanan Brifing Dosyas\u0131 Bakan Bayraktar\u2019a takdim edildi.<\/p>\n<p>Ger\u00e7ekle\u015ftirilen ziyaret esnas\u0131nda \u00c7aykara Muhtarlar Derne\u011fi Ba\u015fkan\u0131 Naci Kele\u015f ve Uzung\u00f6l Muhtar\u0131 Selman Dilek taraf\u0131ndan Bakan Bayraktar\u2019a \u00c7aykara \u0130l\u00e7esinin Enerji sorunlar\u0131 ile ilgili talepleri iletildi.<\/p>\n<figure><img decoding=\"async\" src=\"https:\/\/caykaragundem.com\/resimler\/2025-4\/10\/652402109047691.webp\"><\/figure>\n<p>1-Turizm Merkezi Uzung\u00f6l\u2019de ger\u00e7ekle\u015ftirilmesi planlanan ve vatanda\u015flar\u0131n yo\u011fun tepkisi sebebi ile durdurulan HES Projesinin tamamen iptal edilmesi ve g\u00fcndemden \u00e7\u0131kar\u0131lmas\u0131<\/p>\n<p>2-Turizm Merkezi Uzung\u00f6l\u2019\u00fcn do\u011falgaza kavu\u015fturulmas\u0131<\/p>\n<p>3-Turizm Merkezi Uzung\u00f6l\u2019de g\u00f6r\u00fcnt\u00fc kirlili\u011fi olu\u015fturan a\u00e7\u0131k elektrik kablolar\u0131n\u0131n kapal\u0131 sisteme al\u0131nmas\u0131<\/p>\n<p>4-\u00c7aykara \u0130l\u00e7esine bir ara\u00e7 tahsis edilmesi<\/p>\n<p>G\u00f6r\u00fc\u015fme esnas\u0131nda Bakan Bayraktar Uzung\u00f6l HES Projesinin zaten iptal edildi\u011fini,projenin iptal a\u015famalar\u0131n\u0131 takip edeceklerini ve bu projenin ger\u00e7ekle\u015ftirilemeyece\u011fini ifade etti.<\/p>\n<figure><img decoding=\"async\" src=\"https:\/\/caykaragundem.com\/resimler\/2025-4\/10\/588481027034100.webp\"><\/figure>\n<p>Uzung\u00f6l\u2019\u00fcn Do\u011falgaz ile bulu\u015fturulmas\u0131 konusunun \u00e7etin ve maliyeti y\u00fcksek bir konu oldu\u011funu ifade eden Bakan Bayraktar,bu konunun da takip\u00e7isi olacaklar\u0131n\u0131 ve imkanlar \u00f6l\u00e7\u00fcs\u00fcnde bu projeyi de Turizm Merkezi Uzung\u00f6l\u2019e kazand\u0131rmaya \u00e7al\u0131\u015facaklar\u0131n\u0131 ifade etti.<\/p>\n<p>Ger\u00e7ekle\u015ftirilen ziyarette daha sonra t\u00fcm mahalle muhtarlar\u0131 kendi mahallelerinin enerji sorunlar\u0131 n\u0131 ve enerji ile ilgili taleplerini Bakan Bayraktar\u2019a ileterek destek talebinde bulundular.<\/p>\n<figure><img decoding=\"async\" src=\"https:\/\/caykaragundem.com\/resimler\/2025-4\/10\/223761990014847.webp\"><\/figure>\n<p>\u00d6te yandan \u00c7aykara Muhtarlar Derne\u011fi Ba\u015fkan\u0131 Naci Kele\u015f ve Muhtarlar <span>Sa\u011fl\u0131k Bakanl\u0131\u011f\u0131 T\u00fcrkiye \u0130la\u00e7 ve T\u0131bbi Cihaz Kurumuna \u0130nsan Kaynaklar\u0131 Daire Ba\u015fkan\u0131<\/span> \u00c7aykara\u2019l\u0131 hem\u015ferimiz Sami Ayan\u2019\u0131 makam\u0131nda ziyaret ederek hay\u0131rl\u0131 olsun dileklerini ilettiler.<\/p>\n<p><span>S\u0131cak ve samimi bir ortamda ger\u00e7ekle\u015ftirilen ziyarette \u00c7aykara il\u00e7esinin genel sorunlar\u0131 da kar\u015f\u0131l\u0131kl\u0131 fikir al\u0131\u015f veri\u015fi ile masaya yat\u0131r\u0131ld\u0131.<\/span><\/p>\n<figure><img decoding=\"async\" src=\"https:\/\/caykaragundem.com\/resimler\/2025-4\/10\/35279746847140.webp\"><\/figure>\n<p>          <\/div>\n","protected":false},"excerpt":{"rendered":"<p>Trabzon\u2019un \u00c7aykara \u0130l\u00e7esinde Muhtarlar ve Muhtarlar Derne\u011fi taraf\u0131ndan Ankara Ziyareti ger\u00e7ekle\u015ftirilerek Enerji ve Tabii Kaynaklar Bakan\u0131 Alparslan Albayrak ziyaret edildi. 9 Nisan 2025 tarihinde \u00c7aykara Muhtarlar Derne\u011fi Ba\u015fkan\u0131 Demirkap\u0131 Mahallesi Muhtar\u0131 Naci Kele\u015f Ba\u015fkanl\u0131\u011f\u0131nda ger\u00e7ekle\u015ftirilen ziyarete Uzung\u00f6l Muhtar\u0131 Selman Dilek,Arpa\u00f6z\u00fc Mahallesi Muhtar\u0131 Y\u00fcksel \u00c7ak\u0131r,Ta\u015fk\u0131ran Mahallesi Muhtar\u0131 H\u00fcseyin Alamano\u011flu,Baltac\u0131l\u0131 Mahallesi Muhtar\u0131 Dursun Ali Baltac\u0131,\u015eekersu Mahallesi Muhtar\u0131 [&hellip;]<\/p>\n","protected":false},"author":1,"featured_media":4517,"comment_status":"open","ping_status":"open","sticky":false,"template":"","format":"standard","meta":{"tdm_status":"","tdm_grid_status":"","footnotes":""},"categories":[40],"tags":[],"class_list":{"0":"post-4516","1":"post","2":"type-post","3":"status-publish","4":"format-standard","5":"has-post-thumbnail","7":"category-caykara"},"_links":{"self":[{"href":"https:\/\/zeleka.com\/index.php?rest_route=\/wp\/v2\/posts\/4516","targetHints":{"allow":["GET"]}}],"collection":[{"href":"https:\/\/zeleka.com\/index.php?rest_route=\/wp\/v2\/posts"}],"about":[{"href":"https:\/\/zeleka.com\/index.php?rest_route=\/wp\/v2\/types\/post"}],"author":[{"embeddable":true,"href":"https:\/\/zeleka.com\/index.php?rest_route=\/wp\/v2\/users\/1"}],"replies":[{"embeddable":true,"href":"https:\/\/zeleka.com\/index.php?rest_route=%2Fwp%2Fv2%2Fcomments&post=4516"}],"version-history":[{"count":0,"href":"https:\/\/zeleka.com\/index.php?rest_route=\/wp\/v2\/posts\/4516\/revisions"}],"wp:featuredmedia":[{"embeddable":true,"href":"https:\/\/zeleka.com\/index.php?rest_route=\/wp\/v2\/media\/4517"}],"wp:attachment":[{"href":"https:\/\/zeleka.com\/index.php?rest_route=%2Fwp%2Fv2%2Fmedia&parent=4516"}],"wp:term":[{"taxonomy":"category","embeddable":true,"href":"https:\/\/zeleka.com\/index.php?rest_route=%2Fwp%2Fv2%2Fcategories&post=4516"},{"taxonomy":"post_tag","embeddable":true,"href":"https:\/\/zeleka.com\/index.php?rest_route=%2Fwp%2Fv2%2Ftags&post=4516"}],"curies":[{"name":"wp","href":"https:\/\/api.w.org\/{rel}","templated":true}]}}