{"id":4512,"date":"2025-04-10T22:31:38","date_gmt":"2025-04-10T19:31:38","guid":{"rendered":"https:\/\/zeleka.com\/?p=4512"},"modified":"2025-04-10T22:31:38","modified_gmt":"2025-04-10T19:31:38","slug":"ilcemiz-soganli-mahallesinden-mehmet-yanilmazin-esi-fatma-yanilmaz-vefat-etti-merhume-fatma-yanilmaz-04-nisan-2025-cuma-gunu-saat-1330-da-soganli-mahallesinde-ki","status":"publish","type":"post","link":"https:\/\/zeleka.com\/?p=4512","title":{"rendered":"<div id=\"detaymetin\">                            <p>\u0130l\u00e7emiz So\u011fanl\u0131 Mahallesinden Mehmet Yan\u0131lmaz\u2019\u0131n e\u015fi Fatma Yan\u0131lmaz vefat etti.<\/p><p>Merhume Fatma Yan\u0131lmaz, 04 Nisan 2025 Cuma g\u00fcn\u00fc Saat 13:30 da So\u011fanl\u0131 Mahallesinde k\u0131l\u0131nacak cenaze"},"content":{"rendered":"<div id=\"detaymetin\">\n<p>\u0130l\u00e7emiz So\u011fanl\u0131 Mahallesinden Mehmet Yan\u0131lmaz\u2019\u0131n e\u015fi Fatma Yan\u0131lmaz vefat etti.<\/p>\n<p>Merhume Fatma Yan\u0131lmaz, 04 Nisan 2025 Cuma g\u00fcn\u00fc Saat 13:30 da So\u011fanl\u0131 Mahallesinde k\u0131l\u0131nacak cenaze namaz\u0131 ard\u0131ndan ayni yerdeki aile kabristanl\u0131\u011f\u0131na\u00a0 defnedilecek.<\/p>\n<p>Merhume Fatma Yan\u0131lmaz,Dursun ve \u0130zzet Yan\u0131lmaz\u2019\u0131n anneleri,Davut,Tuncay,\u015eeref,Mehmet,Emre,Emrah,Samet Yan\u0131lmaz\u2019\u0131n babaanneleriydi.<\/p>\n<p>\u00c7aykara G\u00fcndem Gazetesi olarak Merhume Fatma Yan\u0131lmaz\u2019a Allah\u2019tan rahmet,kederli ailesine ba\u015f sa\u011fl\u0131\u011f\u0131 dileklerimizi iletiyoruz.<\/p>\n<p>\u0130LET\u0130\u015e\u0130M:<\/p>\n<p>Dursun Yan\u0131lmaz-O\u011flu- 0 539 723 45 08<\/p>\n<p>\u0130zzet Yan\u0131lmaz-O\u011flu- 0 546 921 93 61<\/p>\n<p>Davut Yan\u0131lmaz-Torunu- 0 532 642 4061<\/p>\n<p>Tuncay Yan\u0131lmaz -Torunu-0 537 680 5694<\/p>\n<p>Mehmet Yan\u0131lmaz-Torunu- 0 505 765 63 64<\/p>\n<p>Emre Yan\u0131lmaz-Torunu- 0 546 290 14 61<\/p>\n<p>Emrah Yan\u0131lmaz-Torunu- 0 552 599 71 23<\/p>\n<p>Samet Yan\u0131lmaz-Torunu- 0 546 422 51 55<\/p>\n<p>          <\/div>\n","protected":false},"excerpt":{"rendered":"<p>\u0130l\u00e7emiz So\u011fanl\u0131 Mahallesinden Mehmet Yan\u0131lmaz\u2019\u0131n e\u015fi Fatma Yan\u0131lmaz vefat etti. Merhume Fatma Yan\u0131lmaz, 04 Nisan 2025 Cuma g\u00fcn\u00fc Saat 13:30 da So\u011fanl\u0131 Mahallesinde k\u0131l\u0131nacak cenaze namaz\u0131 ard\u0131ndan ayni yerdeki aile kabristanl\u0131\u011f\u0131na\u00a0 defnedilecek. Merhume Fatma Yan\u0131lmaz,Dursun ve \u0130zzet Yan\u0131lmaz\u2019\u0131n anneleri,Davut,Tuncay,\u015eeref,Mehmet,Emre,Emrah,Samet Yan\u0131lmaz\u2019\u0131n babaanneleriydi. \u00c7aykara G\u00fcndem Gazetesi olarak Merhume Fatma Yan\u0131lmaz\u2019a Allah\u2019tan rahmet,kederli ailesine ba\u015f sa\u011fl\u0131\u011f\u0131 dileklerimizi iletiyoruz. [&hellip;]<\/p>\n","protected":false},"author":1,"featured_media":4513,"comment_status":"open","ping_status":"open","sticky":false,"template":"","format":"standard","meta":{"tdm_status":"","tdm_grid_status":"","footnotes":""},"categories":[40],"tags":[],"class_list":{"0":"post-4512","1":"post","2":"type-post","3":"status-publish","4":"format-standard","5":"has-post-thumbnail","7":"category-caykara"},"_links":{"self":[{"href":"https:\/\/zeleka.com\/index.php?rest_route=\/wp\/v2\/posts\/4512","targetHints":{"allow":["GET"]}}],"collection":[{"href":"https:\/\/zeleka.com\/index.php?rest_route=\/wp\/v2\/posts"}],"about":[{"href":"https:\/\/zeleka.com\/index.php?rest_route=\/wp\/v2\/types\/post"}],"author":[{"embeddable":true,"href":"https:\/\/zeleka.com\/index.php?rest_route=\/wp\/v2\/users\/1"}],"replies":[{"embeddable":true,"href":"https:\/\/zeleka.com\/index.php?rest_route=%2Fwp%2Fv2%2Fcomments&post=4512"}],"version-history":[{"count":0,"href":"https:\/\/zeleka.com\/index.php?rest_route=\/wp\/v2\/posts\/4512\/revisions"}],"wp:featuredmedia":[{"embeddable":true,"href":"https:\/\/zeleka.com\/index.php?rest_route=\/wp\/v2\/media\/4513"}],"wp:attachment":[{"href":"https:\/\/zeleka.com\/index.php?rest_route=%2Fwp%2Fv2%2Fmedia&parent=4512"}],"wp:term":[{"taxonomy":"category","embeddable":true,"href":"https:\/\/zeleka.com\/index.php?rest_route=%2Fwp%2Fv2%2Fcategories&post=4512"},{"taxonomy":"post_tag","embeddable":true,"href":"https:\/\/zeleka.com\/index.php?rest_route=%2Fwp%2Fv2%2Ftags&post=4512"}],"curies":[{"name":"wp","href":"https:\/\/api.w.org\/{rel}","templated":true}]}}