{"id":4510,"date":"2025-04-10T22:31:39","date_gmt":"2025-04-10T19:31:39","guid":{"rendered":"https:\/\/zeleka.com\/?p=4510"},"modified":"2025-04-10T22:31:39","modified_gmt":"2025-04-10T19:31:39","slug":"trabzonun-caykara-ilcesinde-polis-teskilatinin-kurulusunun-180-yil-donumu-kutlandi-10-nisan-2025-persembe-gunu-gerceklestirilen-toren-kapsaminda-caykar","status":"publish","type":"post","link":"https:\/\/zeleka.com\/?p=4510","title":{"rendered":"<div id=\"detaymetin\">                            <p><span>Trabzon\u2019un \u00c7aykara \u0130l\u00e7esinde Polis\u00a0 Te\u015fkilat\u0131n\u0131n Kurulu\u015funun 180. Y\u0131l D\u00f6n\u00fcm\u00fc kutland\u0131.<\/span><\/p><p><span>10 Nisan 2025 Per\u015fembe g\u00fcn\u00fc ger\u00e7ekle\u015ftirilen T\u00f6ren kapsam\u0131nda \u00c7aykar"},"content":{"rendered":"<div id=\"detaymetin\">\n<p><span>Trabzon\u2019un \u00c7aykara \u0130l\u00e7esinde Polis\u00a0 Te\u015fkilat\u0131n\u0131n Kurulu\u015funun 180. Y\u0131l D\u00f6n\u00fcm\u00fc kutland\u0131.<\/span><\/p>\n<p><span>10 Nisan 2025 Per\u015fembe g\u00fcn\u00fc ger\u00e7ekle\u015ftirilen T\u00f6ren kapsam\u0131nda \u00c7aykara H\u00fck\u00fcmet Kona\u011f\u0131 \u00f6n\u00fcnde \u00c7elenk Sunma T\u00f6reni ger\u00e7ekle\u015ftirildi.<\/span><\/p>\n<figure><img decoding=\"async\" src=\"https:\/\/caykaragundem.com\/resimler\/2025-4\/10\/77686955904272.webp\"><\/figure>\n<p><span>\u00c7elenk Sunma T\u00f6renine \u00c7aykara Belediye Ba\u015fkan\u0131 Hanefi Tok,AK Parti \u00c7aykara \u0130l\u00e7e Ba\u015fkan\u0131 Muhammet Sel\u00e7uk,\u00c7aykara \u0130l\u00e7e Emniyet Amiri Komiser Alparslan Albayrak,\u00c7aykara \u0130l\u00e7e Milli E\u011fitim M\u00fcd\u00fcr\u00fc Ahmet \u00c7amuyrali ile \u00c7aykara \u0130l\u00e7e Emniyet Amirli\u011fi personeli kat\u0131ld\u0131.<\/span><\/p>\n<p><span>Ger\u00e7ekle\u015ftirilen T\u00f6rende \u00c7aykara \u0130l\u00e7e Emniyet Amirli\u011fine ait \u00c7elenk,\u0130l\u00e7e Emniyet Amiri Komiser Alparslan Albayrak ve \u0130l\u00e7e Emniyet Amirli\u011fi Personeli taraf\u0131ndan Atat\u00fcrk B\u00fcst\u00fcne sunulurken sayg\u0131 duru\u015fu ve istiklal mar\u015f\u0131 ger\u00e7ekle\u015ftirildi.<\/span><\/p>\n<figure><img decoding=\"async\" src=\"https:\/\/caykaragundem.com\/resimler\/2025-4\/10\/4518467302347.webp\"><\/figure>\n<p><span>T\u00f6rende \u00c7aykara \u0130l\u00e7e Emniyet Amiri Komiser Alparslan Albayrak taraf\u0131ndan g\u00fcn\u00fcn anlam ve \u00f6nemi ile ilgili bir konu\u015fma ger\u00e7ekle\u015ftirildi.<\/span><\/p>\n<p><span>\u00c7aykara Kaymakam\u0131 Ali Sapmaz,10\u00a0 Nisan Polis Te\u015fkilat\u0131n\u0131n Kurulu\u015funun 180. Kurulu\u015f Y\u0131l D\u00f6n\u00fcm\u00fc dolay\u0131s\u0131 ile Makam\u0131nda \u00c7aykara \u0130l\u00e7e Emniyet Amiri Komiser Alparslan Albayrak ve \u0130l\u00e7e Emniyet Amirli\u011fi personelini makam\u0131nda kabul ederek Emniyet Te\u015fkilat\u0131n\u0131n 180. Kurulu\u015f Y\u0131l D\u00f6n\u00fcm\u00fcn\u00fc kutlad\u0131.<\/span><\/p>\n<figure><img decoding=\"async\" src=\"https:\/\/caykaragundem.com\/resimler\/2025-4\/10\/775071463533153.webp\"><\/figure>\n<p><span>\u00c7aykara Belediye Ba\u015fkan\u0131 Hanefi Tok ve AK Parti \u00c7aykara \u0130l\u00e7e Ba\u015fkan\u0131 Muhammet Sel\u00e7uk,\u00c7aykara \u0130l\u00e7e Emniyet Amirli\u011fini ziyaret ederek Emniyet Personelinin Kurulu\u015f Y\u0131l D\u00f6n\u00fcm\u00fcn\u00fc kutlad\u0131.<\/span><\/p>\n<p>          <\/div>\n","protected":false},"excerpt":{"rendered":"<p>Trabzon\u2019un \u00c7aykara \u0130l\u00e7esinde Polis\u00a0 Te\u015fkilat\u0131n\u0131n Kurulu\u015funun 180. Y\u0131l D\u00f6n\u00fcm\u00fc kutland\u0131. 10 Nisan 2025 Per\u015fembe g\u00fcn\u00fc ger\u00e7ekle\u015ftirilen T\u00f6ren kapsam\u0131nda \u00c7aykara H\u00fck\u00fcmet Kona\u011f\u0131 \u00f6n\u00fcnde \u00c7elenk Sunma T\u00f6reni ger\u00e7ekle\u015ftirildi. \u00c7elenk Sunma T\u00f6renine \u00c7aykara Belediye Ba\u015fkan\u0131 Hanefi Tok,AK Parti \u00c7aykara \u0130l\u00e7e Ba\u015fkan\u0131 Muhammet Sel\u00e7uk,\u00c7aykara \u0130l\u00e7e Emniyet Amiri Komiser Alparslan Albayrak,\u00c7aykara \u0130l\u00e7e Milli E\u011fitim M\u00fcd\u00fcr\u00fc Ahmet \u00c7amuyrali ile \u00c7aykara \u0130l\u00e7e [&hellip;]<\/p>\n","protected":false},"author":1,"featured_media":4511,"comment_status":"open","ping_status":"open","sticky":false,"template":"","format":"standard","meta":{"tdm_status":"","tdm_grid_status":"","footnotes":""},"categories":[40],"tags":[],"class_list":{"0":"post-4510","1":"post","2":"type-post","3":"status-publish","4":"format-standard","5":"has-post-thumbnail","7":"category-caykara"},"_links":{"self":[{"href":"https:\/\/zeleka.com\/index.php?rest_route=\/wp\/v2\/posts\/4510","targetHints":{"allow":["GET"]}}],"collection":[{"href":"https:\/\/zeleka.com\/index.php?rest_route=\/wp\/v2\/posts"}],"about":[{"href":"https:\/\/zeleka.com\/index.php?rest_route=\/wp\/v2\/types\/post"}],"author":[{"embeddable":true,"href":"https:\/\/zeleka.com\/index.php?rest_route=\/wp\/v2\/users\/1"}],"replies":[{"embeddable":true,"href":"https:\/\/zeleka.com\/index.php?rest_route=%2Fwp%2Fv2%2Fcomments&post=4510"}],"version-history":[{"count":0,"href":"https:\/\/zeleka.com\/index.php?rest_route=\/wp\/v2\/posts\/4510\/revisions"}],"wp:featuredmedia":[{"embeddable":true,"href":"https:\/\/zeleka.com\/index.php?rest_route=\/wp\/v2\/media\/4511"}],"wp:attachment":[{"href":"https:\/\/zeleka.com\/index.php?rest_route=%2Fwp%2Fv2%2Fmedia&parent=4510"}],"wp:term":[{"taxonomy":"category","embeddable":true,"href":"https:\/\/zeleka.com\/index.php?rest_route=%2Fwp%2Fv2%2Fcategories&post=4510"},{"taxonomy":"post_tag","embeddable":true,"href":"https:\/\/zeleka.com\/index.php?rest_route=%2Fwp%2Fv2%2Ftags&post=4510"}],"curies":[{"name":"wp","href":"https:\/\/api.w.org\/{rel}","templated":true}]}}