{"id":4508,"date":"2025-04-10T22:31:40","date_gmt":"2025-04-10T19:31:40","guid":{"rendered":"https:\/\/zeleka.com\/?p=4508"},"modified":"2025-04-10T22:31:40","modified_gmt":"2025-04-10T19:31:40","slug":"caykara-muhtarlari-ve-muhtarlar-dernegi-ankara-ziyaretleri-kapsaminda-turkiye-cumhuriyeti-saglik-bakanligi-turkiye-ilac-ve-tibbi-cihaz-kurumuna-insan-kaynaklari-daire","status":"publish","type":"post","link":"https:\/\/zeleka.com\/?p=4508","title":{"rendered":"<div id=\"detaymetin\">                            <p>\u00c7aykara Muhtarlar\u0131 ve Muhtarlar Derne\u011fi Ankara Ziyaretleri kapsam\u0131nda\u00a0<span> T\u00fcrkiye Cumhuriyeti Sa\u011fl\u0131k Bakanl\u0131\u011f\u0131 T\u00fcrkiye \u0130la\u00e7 ve T\u0131bbi Cihaz Kurumuna \u0130nsan Kaynaklar\u0131 Daire Ba\u015fkan\u0131 ol"},"content":{"rendered":"<div id=\"detaymetin\">\n<p>\u00c7aykara Muhtarlar\u0131 ve Muhtarlar Derne\u011fi Ankara Ziyaretleri kapsam\u0131nda\u00a0<span> T\u00fcrkiye Cumhuriyeti Sa\u011fl\u0131k Bakanl\u0131\u011f\u0131 T\u00fcrkiye \u0130la\u00e7 ve T\u0131bbi Cihaz Kurumuna \u0130nsan Kaynaklar\u0131 Daire Ba\u015fkan\u0131 olarak<\/span> g\u00f6rev yapan \u00c7aykara\u2019l\u0131 Sami Ayan\u2019\u0131 makam\u0131nda ziyaret ederek hay\u0131rl\u0131 olsun dileklerini iletti.<\/p>\n<figure><img decoding=\"async\" src=\"https:\/\/caykaragundem.com\/resimler\/2025-4\/10\/974471935348039.webp\"><\/figure>\n<p><span>\u00c7e\u015fitli ziyaretler i\u00e7in Ankara\u2019da bulunan\u00a0 \u00c7aykara Muhtarlar Derne\u011fi Ba\u015fkan\u0131 Naci Kele\u015f ve Y\u00f6netim Kurulu \u00dcyeleri bir s\u00fcre \u00f6nce Sa\u011fl\u0131k Bakanl\u0131\u011f\u0131 T\u00fcrkiye \u0130la\u00e7 ve T\u0131bbi Cihaz Kurumu \u0130nsan Kaynaklar\u0131 Daire Ba\u015fkanl\u0131\u011f\u0131 g\u00f6revine atanan \u00c7aykara\u2019l\u0131 Sami Ayan\u2019\u0131 Ankara\u2019da makam\u0131nda ziyaret etti.<\/span><\/p>\n<p>10 Nisan 2025 Tarihinde ger\u00e7ekle\u015ftirilen ziyarete Uzung\u00f6l Muhtar\u0131 Selman Dilek,Arpa\u00f6z\u00fc Mahallesi Muhtar\u0131 Y\u00fcksel \u00c7ak\u0131r,Ta\u015fk\u0131ran Mahallesi Muhtar\u0131 H\u00fcseyin Alamano\u011flu,Baltac\u0131l\u0131 Mahallesi Muhtar\u0131 Dursun Ali Baltac\u0131,\u015eekersu Mahallesi Muhtar\u0131 Mehmet Ayg\u00fcn,Ye\u015filalan Mahallesi Muhtar\u0131 \u0130lyas Lemahmuto\u011flu,Yayla\u00f6n\u00fc Mahallesi Muhtar\u0131 Mustafa Gen\u00e7,Yukar\u0131 Kumlu Mahallesi Muhtar\u0131 Fahri Kaygusuz,Akdo\u011fan Mahallesi Muhtar\u0131 Mehmet Y\u0131ld\u0131r\u0131m,Kabata\u015f Mahallesi Muhtar\u0131 Cemal Bilgin ,\u00c7aml\u0131bel Mahallesi Muhtar\u0131 Abdullah Kula\u00e7 ve Uzuntarla Mahallesi Muhtar\u0131 G\u00fcltekin G\u00fcl kat\u0131l\u0131m sa\u011flad\u0131.<\/p>\n<figure><img decoding=\"async\" src=\"https:\/\/caykaragundem.com\/resimler\/2025-4\/10\/1178621099893886.webp\"><\/figure>\n<p>S\u0131cak ve samimi bir sohbet ortam\u0131nda ger\u00e7ekle\u015ftirilen ziyarette \u00c7aykara an\u0131lar\u0131 tazelenirken ayn\u0131 zamanda \u00c7aykara il\u00e7esi ile ilgili ger\u00e7ekle\u015ftirilebilecek ortak \u00e7al\u0131\u015fmalar ile ilgili olarak kar\u015f\u0131l\u0131kl\u0131 fikir al\u0131\u015f veri\u015finde bulunuldu.<\/p>\n<p>          <\/div>\n","protected":false},"excerpt":{"rendered":"<p>\u00c7aykara Muhtarlar\u0131 ve Muhtarlar Derne\u011fi Ankara Ziyaretleri kapsam\u0131nda\u00a0 T\u00fcrkiye Cumhuriyeti Sa\u011fl\u0131k Bakanl\u0131\u011f\u0131 T\u00fcrkiye \u0130la\u00e7 ve T\u0131bbi Cihaz Kurumuna \u0130nsan Kaynaklar\u0131 Daire Ba\u015fkan\u0131 olarak g\u00f6rev yapan \u00c7aykara\u2019l\u0131 Sami Ayan\u2019\u0131 makam\u0131nda ziyaret ederek hay\u0131rl\u0131 olsun dileklerini iletti. \u00c7e\u015fitli ziyaretler i\u00e7in Ankara\u2019da bulunan\u00a0 \u00c7aykara Muhtarlar Derne\u011fi Ba\u015fkan\u0131 Naci Kele\u015f ve Y\u00f6netim Kurulu \u00dcyeleri bir s\u00fcre \u00f6nce Sa\u011fl\u0131k Bakanl\u0131\u011f\u0131 [&hellip;]<\/p>\n","protected":false},"author":1,"featured_media":4509,"comment_status":"open","ping_status":"open","sticky":false,"template":"","format":"standard","meta":{"tdm_status":"","tdm_grid_status":"","footnotes":""},"categories":[40],"tags":[],"class_list":{"0":"post-4508","1":"post","2":"type-post","3":"status-publish","4":"format-standard","5":"has-post-thumbnail","7":"category-caykara"},"_links":{"self":[{"href":"https:\/\/zeleka.com\/index.php?rest_route=\/wp\/v2\/posts\/4508","targetHints":{"allow":["GET"]}}],"collection":[{"href":"https:\/\/zeleka.com\/index.php?rest_route=\/wp\/v2\/posts"}],"about":[{"href":"https:\/\/zeleka.com\/index.php?rest_route=\/wp\/v2\/types\/post"}],"author":[{"embeddable":true,"href":"https:\/\/zeleka.com\/index.php?rest_route=\/wp\/v2\/users\/1"}],"replies":[{"embeddable":true,"href":"https:\/\/zeleka.com\/index.php?rest_route=%2Fwp%2Fv2%2Fcomments&post=4508"}],"version-history":[{"count":0,"href":"https:\/\/zeleka.com\/index.php?rest_route=\/wp\/v2\/posts\/4508\/revisions"}],"wp:featuredmedia":[{"embeddable":true,"href":"https:\/\/zeleka.com\/index.php?rest_route=\/wp\/v2\/media\/4509"}],"wp:attachment":[{"href":"https:\/\/zeleka.com\/index.php?rest_route=%2Fwp%2Fv2%2Fmedia&parent=4508"}],"wp:term":[{"taxonomy":"category","embeddable":true,"href":"https:\/\/zeleka.com\/index.php?rest_route=%2Fwp%2Fv2%2Fcategories&post=4508"},{"taxonomy":"post_tag","embeddable":true,"href":"https:\/\/zeleka.com\/index.php?rest_route=%2Fwp%2Fv2%2Ftags&post=4508"}],"curies":[{"name":"wp","href":"https:\/\/api.w.org\/{rel}","templated":true}]}}