{"id":4506,"date":"2025-04-09T22:30:05","date_gmt":"2025-04-09T19:30:05","guid":{"rendered":"https:\/\/zeleka.com\/?p=4506"},"modified":"2025-04-09T22:30:05","modified_gmt":"2025-04-09T19:30:05","slug":"caykara-muhtarlar-dernegi-ve-caykara-muhtarlari-trabzon-coruh-elektrik-dagitim-a-s-il-mudurlugu-ile-degerlendirme-toplantisinda-bir-araya-geldi-caykara-muhtarlar-dernegi-b","status":"publish","type":"post","link":"https:\/\/zeleka.com\/?p=4506","title":{"rendered":"<div id=\"detaymetin\">                            <p>\u00c7aykara Muhtarlar Derne\u011fi ve \u00c7aykara Muhtarlar\u0131 Trabzon \u00c7oruh Elektrik Da\u011f\u0131t\u0131m A.\u015e. \u0130l M\u00fcd\u00fcrl\u00fc\u011f\u00fc ile de\u011ferlendirme toplant\u0131s\u0131nda bir araya geldi.<\/p><p>\u00c7aykara Muhtarlar Derne\u011fi Ba\u015fk"},"content":{"rendered":"<div id=\"detaymetin\">\n<p>\u00c7aykara Muhtarlar Derne\u011fi ve \u00c7aykara Muhtarlar\u0131 Trabzon \u00c7oruh Elektrik Da\u011f\u0131t\u0131m A.\u015e. \u0130l M\u00fcd\u00fcrl\u00fc\u011f\u00fc ile de\u011ferlendirme toplant\u0131s\u0131nda bir araya geldi.<\/p>\n<p>\u00c7aykara Muhtarlar Derne\u011fi Ba\u015fkan\u0131 Demirkap\u0131 Mahallesi Muhtar\u0131 Naci Kele\u015f\u2019in ba\u015fkanl\u0131\u011f\u0131nda ger\u00e7ekle\u015ftirilen toplant\u0131 6 Nisan 2025 Sal\u0131 g\u00fcn\u00fc \u00c7aykara Kaymakaml\u0131\u011f\u0131 Konferans Salonunda ger\u00e7ekle\u015ftirildi.<\/p>\n<figure><img decoding=\"async\" src=\"https:\/\/caykaragundem.com\/resimler\/2025-4\/9\/6139480762321.webp\"><\/figure>\n<p>Ger\u00e7ekle\u015ftirilen toplant\u0131ya \u00c7oruh Elektrik Da\u011f\u0131t\u0131m A.\u015e.Trabzon \u0130l M\u00fcd\u00fcr\u00fc An\u0131l \u015eahinler,\u00c7oruh Elektrik Da\u011f\u0131t\u0131m A.\u015e. \u00c7aykara il\u00e7e y\u00f6neticisi Ali\u015fan Akbulut,Trabzon \u0130l M\u00fcd\u00fcr yard\u0131mc\u0131s\u0131 Murathan Kara\u015f,M\u00fc\u015fteri Operasyonlar\u0131 m\u00fchendis \u00d6zg\u00fcr Ert\u00fcrk kat\u0131l\u0131m sa\u011flad\u0131.<\/p>\n<p>Ger\u00e7ekle\u015ftirilen toplant\u0131da \u00c7aykara Muhtarlar Derne\u011fi Ba\u015fkan\u0131 Naci Kele\u015f taraf\u0131ndan elektrik konusunda \u00c7aykara \u0130l\u00e7esinin sorunlar\u0131n\u0131 i\u00e7eren bir brifing sunumu ger\u00e7ekle\u015ftirildi.<\/p>\n<p>Daha sonra 32 mahalle muhtar\u0131 tek tek s\u00f6z alarak mahallelerinin elektrik sorunlar\u0131 ile ilgilki bilgi sunumu ger\u00e7ekle\u015ftirildi.<\/p>\n<figure><img decoding=\"async\" src=\"https:\/\/caykaragundem.com\/resimler\/2025-4\/9\/31514113883048.webp\"><\/figure>\n<p>\u00c7aykara Muyhtarlar\u0131 \u00c7oruh Elektrik Da\u011f\u0131t\u0131m \u015firketinden yayla sezonunun ba\u015flkamas\u0131 ile birlikte yaylalar\u0131n elektrik hatlar\u0131n\u0131n kontrol edilmesi ve sa\u011fl\u0131kl\u0131 bir \u015fekilde yaylalara elektrik verilmesi taleplerini \u0130l M\u00fcd\u00fcr\u00fc An\u0131l \u015eahinler\u2019e iletti.<\/p>\n<p>Muhtarlar Derne\u011fi ve Muhtarlar\u0131n taleplerini dikkatlice dinleyen ve eksikleri not alan \u00c7oruh Elektrik Trabzon \u0130l M\u00fcd\u00fcr\u00fc An\u0131l \u015eahinler ger\u00e7ekle\u015ftirdi\u011fi konu\u015fmas\u0131nda Trabzon\u2019un her il\u00e7esinde oldu\u011fu gibi \u00c7aykara \u0130l\u00e7esinde de t\u00fcm ekipleri ile sahada olduklar\u0131n\u0131 gereken onar\u0131m ve tadilat \u00e7al\u0131\u015fmalar\u0131n\u0131n yan\u0131 s\u0131ra olas\u0131 bir ar\u0131za an\u0131nda zaman kaybetmeden m\u00fcdahale edilerek sorunlar\u0131n \u00e7\u00f6z\u00fcld\u00fc\u011f\u00fcn\u00fc ifade etti.<\/p>\n<p>\u00c7aykara \u0130l\u00e7esinin sorunlar\u0131n\u0131 not ald\u0131klar\u0131n\u0131 ifade eden M\u00fcd\u00fcr An\u0131l \u015eahinler ekipler ile ger\u00e7ekle\u015ftirecekleri de\u011ferlendirme toplant\u0131s\u0131 ile en k\u0131sa s\u00fcrede bu sorunlar\u0131 ortadan kald\u0131racaklar\u0131n\u0131 s\u00f6zlerine ekledi.<\/p>\n<p>          <\/div>\n","protected":false},"excerpt":{"rendered":"<p>\u00c7aykara Muhtarlar Derne\u011fi ve \u00c7aykara Muhtarlar\u0131 Trabzon \u00c7oruh Elektrik Da\u011f\u0131t\u0131m A.\u015e. \u0130l M\u00fcd\u00fcrl\u00fc\u011f\u00fc ile de\u011ferlendirme toplant\u0131s\u0131nda bir araya geldi. \u00c7aykara Muhtarlar Derne\u011fi Ba\u015fkan\u0131 Demirkap\u0131 Mahallesi Muhtar\u0131 Naci Kele\u015f\u2019in ba\u015fkanl\u0131\u011f\u0131nda ger\u00e7ekle\u015ftirilen toplant\u0131 6 Nisan 2025 Sal\u0131 g\u00fcn\u00fc \u00c7aykara Kaymakaml\u0131\u011f\u0131 Konferans Salonunda ger\u00e7ekle\u015ftirildi. Ger\u00e7ekle\u015ftirilen toplant\u0131ya \u00c7oruh Elektrik Da\u011f\u0131t\u0131m A.\u015e.Trabzon \u0130l M\u00fcd\u00fcr\u00fc An\u0131l \u015eahinler,\u00c7oruh Elektrik Da\u011f\u0131t\u0131m A.\u015e. \u00c7aykara [&hellip;]<\/p>\n","protected":false},"author":1,"featured_media":4507,"comment_status":"open","ping_status":"open","sticky":false,"template":"","format":"standard","meta":{"tdm_status":"","tdm_grid_status":"","footnotes":""},"categories":[40],"tags":[],"class_list":{"0":"post-4506","1":"post","2":"type-post","3":"status-publish","4":"format-standard","5":"has-post-thumbnail","7":"category-caykara"},"_links":{"self":[{"href":"https:\/\/zeleka.com\/index.php?rest_route=\/wp\/v2\/posts\/4506","targetHints":{"allow":["GET"]}}],"collection":[{"href":"https:\/\/zeleka.com\/index.php?rest_route=\/wp\/v2\/posts"}],"about":[{"href":"https:\/\/zeleka.com\/index.php?rest_route=\/wp\/v2\/types\/post"}],"author":[{"embeddable":true,"href":"https:\/\/zeleka.com\/index.php?rest_route=\/wp\/v2\/users\/1"}],"replies":[{"embeddable":true,"href":"https:\/\/zeleka.com\/index.php?rest_route=%2Fwp%2Fv2%2Fcomments&post=4506"}],"version-history":[{"count":0,"href":"https:\/\/zeleka.com\/index.php?rest_route=\/wp\/v2\/posts\/4506\/revisions"}],"wp:featuredmedia":[{"embeddable":true,"href":"https:\/\/zeleka.com\/index.php?rest_route=\/wp\/v2\/media\/4507"}],"wp:attachment":[{"href":"https:\/\/zeleka.com\/index.php?rest_route=%2Fwp%2Fv2%2Fmedia&parent=4506"}],"wp:term":[{"taxonomy":"category","embeddable":true,"href":"https:\/\/zeleka.com\/index.php?rest_route=%2Fwp%2Fv2%2Fcategories&post=4506"},{"taxonomy":"post_tag","embeddable":true,"href":"https:\/\/zeleka.com\/index.php?rest_route=%2Fwp%2Fv2%2Ftags&post=4506"}],"curies":[{"name":"wp","href":"https:\/\/api.w.org\/{rel}","templated":true}]}}