{"id":4504,"date":"2025-04-09T22:30:06","date_gmt":"2025-04-09T19:30:06","guid":{"rendered":"https:\/\/zeleka.com\/?p=4504"},"modified":"2025-04-09T22:30:06","modified_gmt":"2025-04-09T19:30:06","slug":"trabzonda-18-24-mart-yaslilara-saygi-haftasi-dolayisi-ile-cesitli-yasli-ziyaretleri-gerceklestirildi-trabzonun-caykara-ilcesinde-huseyin-vehbi-fettahoglu","status":"publish","type":"post","link":"https:\/\/zeleka.com\/?p=4504","title":{"rendered":"<div id=\"detaymetin\">                            <p>Trabzon\u2019da 18-24 Mart Ya\u015fl\u0131lara Sayg\u0131 Haftas\u0131 dolay\u0131s\u0131 ile \u00e7e\u015fitli ya\u015fl\u0131 ziyaretleri ger\u00e7ekle\u015ftirildi.<\/p><p>Trabzon\u2019un \u00c7aykara \u0130l\u00e7esinde H\u00fcseyin Vehbi Fettaho\u011flu \u0130lkokulu ile Ta\u015fk"},"content":{"rendered":"<div id=\"detaymetin\">\n<p>Trabzon\u2019da 18-24 Mart Ya\u015fl\u0131lara Sayg\u0131 Haftas\u0131 dolay\u0131s\u0131 ile \u00e7e\u015fitli ya\u015fl\u0131 ziyaretleri ger\u00e7ekle\u015ftirildi.<\/p>\n<p>Trabzon\u2019un \u00c7aykara \u0130l\u00e7esinde H\u00fcseyin Vehbi Fettaho\u011flu \u0130lkokulu ile Ta\u015fk\u0131ran \u0130mam Hatip Ortaokulu \u00f6\u011frencileri taraf\u0131ndan 8 Nisan 2025 tarihinde \u0130l\u00e7enin Ta\u015fk\u0131ran,Elmal\u0131 ve K\u00f6seli Mahallelerinde ya\u015fl\u0131 ziyaretleri ger\u00e7ekle\u015ftirildi.<\/p>\n<figure><img decoding=\"async\" src=\"https:\/\/caykaragundem.com\/resimler\/2025-4\/9\/107324104151484.webp\"><\/figure>\n<p>Okul M\u00fcd\u00fcr\u00fc \u0130dris Hac\u0131mahmuto\u011flu y\u00f6netiminde ger\u00e7ekle\u015ftirilen ziyarete \u00f6\u011fretmenler ile s\u0131n\u0131flardan se\u00e7ilen temsilci \u00f6\u011frenciler kat\u0131l\u0131m sa\u011flad\u0131.<\/p>\n<p>Ya\u015fl\u0131 ziyaretlerinden duydu\u011fu memnuniyeti ifade eden Emekli \u00d6\u011fretmen Vahap \u00d6zen,40 y\u0131ldan fazla meslek hayat\u0131n\u0131n tamam\u0131n\u0131n \u00e7ocuklar ile birlikte ge\u00e7ti\u011fini,\u015fimdi ise \u00e7ocuklar taraf\u0131ndan hat\u0131rlanm\u0131\u015f olman\u0131n kendilerini fazlas\u0131 ile mutlu etti\u011fini ifade ederek ger\u00e7ekle\u015ftirilen organizasyonda eme\u011fi ge\u00e7en herkese te\u015fekk\u00fcr bor\u00e7lu olduklar\u0131n\u0131 ifade etti.<\/p>\n<figure><img decoding=\"async\" src=\"https:\/\/caykaragundem.com\/resimler\/2025-4\/9\/6429736822102.webp\"><\/figure>\n<p>Okul M\u00fcd\u00fcr\u00fc \u0130dris Hac\u0131mahmuto\u011flu ise yapt\u0131\u011f\u0131 a\u00e7\u0131klamada okul olarak \u00f6\u011frencileri akademik anlamda en iyi bir altyap\u0131 ile bir \u00fcst \u00f6\u011frenime haz\u0131rlaman\u0131n yan\u0131 s\u0131ra de\u011ferler e\u011fitimi konusuna \u00e7ok b\u00fcy\u00fck bir \u00f6nem verdiklerini,\u00f6\u011frenciklerin \u00a0vatan\u0131n\u0131 ve milletine seven,gelenek,g\u00f6renek,\u00f6rf ve adetlerine ba\u011fl\u0131 nesiller olarak yeti\u015fmeleri i\u00e7in \u00e7ok b\u00fcy\u00fck gayret sarf ettiklerini bu anlamda Ya\u015fl\u0131lar Haftas\u0131 etkinlikleri kapsam\u0131nda Ta\u015fk\u0131ran,K\u00f6seli ve Elmal\u0131 Mahallelerinde bulunan ya\u015fl\u0131 insanlar\u0131 ziyaret ederek hem ya\u015fl\u0131 insanlar\u0131 mutlu ettiklerini hem de \u00f6\u011frencilerine De\u011ferler E\u011fitimi kavram\u0131n\u0131 \u00f6\u011frettiklerini ifade etti.\u00a0<\/p>\n<figure><img decoding=\"async\" src=\"https:\/\/caykaragundem.com\/resimler\/2025-4\/9\/818581826465802.webp\"><\/figure>\n<p>          <\/div>\n","protected":false},"excerpt":{"rendered":"<p>Trabzon\u2019da 18-24 Mart Ya\u015fl\u0131lara Sayg\u0131 Haftas\u0131 dolay\u0131s\u0131 ile \u00e7e\u015fitli ya\u015fl\u0131 ziyaretleri ger\u00e7ekle\u015ftirildi. Trabzon\u2019un \u00c7aykara \u0130l\u00e7esinde H\u00fcseyin Vehbi Fettaho\u011flu \u0130lkokulu ile Ta\u015fk\u0131ran \u0130mam Hatip Ortaokulu \u00f6\u011frencileri taraf\u0131ndan 8 Nisan 2025 tarihinde \u0130l\u00e7enin Ta\u015fk\u0131ran,Elmal\u0131 ve K\u00f6seli Mahallelerinde ya\u015fl\u0131 ziyaretleri ger\u00e7ekle\u015ftirildi. Okul M\u00fcd\u00fcr\u00fc \u0130dris Hac\u0131mahmuto\u011flu y\u00f6netiminde ger\u00e7ekle\u015ftirilen ziyarete \u00f6\u011fretmenler ile s\u0131n\u0131flardan se\u00e7ilen temsilci \u00f6\u011frenciler kat\u0131l\u0131m sa\u011flad\u0131. Ya\u015fl\u0131 ziyaretlerinden [&hellip;]<\/p>\n","protected":false},"author":1,"featured_media":4505,"comment_status":"open","ping_status":"open","sticky":false,"template":"","format":"standard","meta":{"tdm_status":"","tdm_grid_status":"","footnotes":""},"categories":[40],"tags":[],"class_list":{"0":"post-4504","1":"post","2":"type-post","3":"status-publish","4":"format-standard","5":"has-post-thumbnail","7":"category-caykara"},"_links":{"self":[{"href":"https:\/\/zeleka.com\/index.php?rest_route=\/wp\/v2\/posts\/4504","targetHints":{"allow":["GET"]}}],"collection":[{"href":"https:\/\/zeleka.com\/index.php?rest_route=\/wp\/v2\/posts"}],"about":[{"href":"https:\/\/zeleka.com\/index.php?rest_route=\/wp\/v2\/types\/post"}],"author":[{"embeddable":true,"href":"https:\/\/zeleka.com\/index.php?rest_route=\/wp\/v2\/users\/1"}],"replies":[{"embeddable":true,"href":"https:\/\/zeleka.com\/index.php?rest_route=%2Fwp%2Fv2%2Fcomments&post=4504"}],"version-history":[{"count":0,"href":"https:\/\/zeleka.com\/index.php?rest_route=\/wp\/v2\/posts\/4504\/revisions"}],"wp:featuredmedia":[{"embeddable":true,"href":"https:\/\/zeleka.com\/index.php?rest_route=\/wp\/v2\/media\/4505"}],"wp:attachment":[{"href":"https:\/\/zeleka.com\/index.php?rest_route=%2Fwp%2Fv2%2Fmedia&parent=4504"}],"wp:term":[{"taxonomy":"category","embeddable":true,"href":"https:\/\/zeleka.com\/index.php?rest_route=%2Fwp%2Fv2%2Fcategories&post=4504"},{"taxonomy":"post_tag","embeddable":true,"href":"https:\/\/zeleka.com\/index.php?rest_route=%2Fwp%2Fv2%2Ftags&post=4504"}],"curies":[{"name":"wp","href":"https:\/\/api.w.org\/{rel}","templated":true}]}}