{"id":4502,"date":"2025-04-08T21:32:53","date_gmt":"2025-04-08T18:32:53","guid":{"rendered":"https:\/\/zeleka.com\/?p=4502"},"modified":"2025-04-08T21:32:53","modified_gmt":"2025-04-08T18:32:53","slug":"caykara-muhtarlar-dernegi-ve-caykara-muhtarlari-tarafindan-trabzon-buyuksehir-belediyesi-ziyareti-gerceklestirildi-kisa-bir-sure-once-goreve-secilen-caykara-muhtarlar-derne","status":"publish","type":"post","link":"https:\/\/zeleka.com\/?p=4502","title":{"rendered":"<div id=\"detaymetin\">                            <p>\u00c7aykara Muhtarlar Derne\u011fi ve \u00c7aykara Muhtarlar\u0131 taraf\u0131ndan Trabzon B\u00fcy\u00fck\u015fehir Belediyesi ziyareti ger\u00e7ekle\u015ftirildi.<\/p><p>K\u0131sa bir s\u00fcre \u00f6nce g\u00f6reve se\u00e7ilen \u00c7aykara Muhtarlar Derne\u011fi Ba\u015f"},"content":{"rendered":"<div id=\"detaymetin\">\n<p>\u00c7aykara Muhtarlar Derne\u011fi ve \u00c7aykara Muhtarlar\u0131 taraf\u0131ndan Trabzon B\u00fcy\u00fck\u015fehir Belediyesi ziyareti ger\u00e7ekle\u015ftirildi.<\/p>\n<p>K\u0131sa bir s\u00fcre \u00f6nce g\u00f6reve se\u00e7ilen \u00c7aykara Muhtarlar Derne\u011fi Ba\u015fkan\u0131 Demirkap\u0131 Muhtar\u0131 Naci Kele\u015f ve Y\u00f6netim Kurulu \u00dcyeleri Trabzon \u0130linde \u00e7e\u015fitli ziyaretler ger\u00e7ekle\u015ftirdi.<\/p>\n<figure><img decoding=\"async\" src=\"https:\/\/caykaragundem.com\/resimler\/2025-4\/8\/90858322558187.webp\"><\/figure>\n<p>8 Nisan 2025 Tarihinde ger\u00e7ekle\u015ftirilen ziyarete Uzung\u00f6l Muhtar\u0131 Selman Dilek,Arpa\u00f6z\u00fc Mahallesi Muhtar\u0131 Y\u00fcksel \u00c7ak\u0131r,Ta\u015fk\u0131ran Mahallesi Muhtar\u0131 H\u00fcseyin Alamano\u011flu,Baltac\u0131l\u0131 Mahallesi Muhtar\u0131 Dursun Ali Baltac\u0131,\u015eekersu Mahallesi Muhtar\u0131 Mehmet Ayg\u00fcn,Ye\u015filalan Mahallesi Muhtar\u0131 \u0130lyas Lemahmuto\u011flu,Yayla\u00f6n\u00fc Mahallesi Muhtar\u0131 Mustafa Gen\u00e7,Yukar\u0131 Kumlu Mahallesi Muhtar\u0131 Fahri Kaygusuz,Akdo\u011fan Mahallesi Muhtar\u0131 Mehmet Y\u0131ld\u0131r\u0131m,Kabata\u015f Mahallesi Muhtar\u0131 Cemal Bilgin ve Uzuntarla Mahallesi Muhtar\u0131 G\u00fcltekin G\u00fcl kat\u0131l\u0131m sa\u011flad\u0131.<\/p>\n<p>\u00c7aykara Muhtarlar Derne\u011fi Y\u00f6netim Kurulu \u00fcyeleri ve Muhtarlar ilk olarak Trabzon B\u00fcy\u00fck\u015fehir Belediye Ba\u015fkan\u0131 Ahmet Metin Gen\u00e7\u2019i makam\u0131nda ziyaret ettiler.<\/p>\n<p>Ziyaret esnas\u0131nda \u00c7aykara Muhtarlar Derne\u011fi Ba\u015fkan\u0131 Naci Kele\u015f&#8217;den Ba\u015fkan Ahmet Metin Gen\u00e7&#8217;e Trabzon 1. Amat\u00f6r K\u00fcmede m\u00fccadele eden \u00c7aykaraspor formas\u0131 hediye edildi.<\/p>\n<figure><img decoding=\"async\" src=\"https:\/\/caykaragundem.com\/resimler\/2025-4\/8\/1077751355855825.webp\"><\/figure>\n<p>Kar\u015f\u0131l\u0131kl\u0131 s\u0131cak bir sohbet ortam\u0131nda ger\u00e7ekle\u015ftirilen ziyaret esnas\u0131nda s\u00f6z alan \u00c7aykara Muhtarlar Derne\u011fi Ba\u015fkan\u0131 Naci Kele\u015f \u00c7aykara \u0130l\u00e7esinin genel sorunlar\u0131 ve talepleri ile ilgili olarak bilgi sunumu ger\u00e7ekle\u015ftirildi.<\/p>\n<p>Daha sonra s\u00f6z alan \u00c7aykara \u0130l\u00e7esinin Mahalle Muhtarlar\u0131 mahallelerinin taleplerin Ba\u015fkan Gen\u00e7 ile payla\u015ft\u0131lar.<\/p>\n<p>Ziyaretin son b\u00f6l\u00fcm\u00fcnde s\u00f6z alan Trabzon B\u00fcy\u00fck\u015fehir Belediye Ba\u015fkan\u0131 Ahmet Metin Gen\u00e7,nazik ziyaretlerinden dolay\u0131 \u00c7aykara Muhtarlar\u0131na te\u015fekk\u00fcr ederken Muhtarlar\u0131n taleplerini dinlediklerini,not ald\u0131klar\u0131n\u0131,imkanlar \u00f6l\u00e7\u00fcs\u00fcnde \u00f6ncelik s\u0131ras\u0131na g\u00f6re bu hizmetleri yerine getirmeye \u00e7al\u0131\u015facaklar\u0131n\u0131 ifade etti.<\/p>\n<figure><img decoding=\"async\" src=\"https:\/\/caykaragundem.com\/resimler\/2025-4\/8\/1238051356310589.webp\"><\/figure>\n<p>Muhtarlar Derne\u011fi Ba\u015fkan\u0131 Naci Kele\u015f ve ekibi daha sonra Yol \u0130\u015f Daire Ba\u015fkan\u0131 Mehmet Salih Mazlum\u2019u makam\u0131nda ziyaret ettiler.<\/p>\n<p>Muhtarlar Derne\u011fi Ba\u015fkan\u0131 Naci Kele\u015f,\u00c7aykara \u0130l\u00e7esine sunulan hizmetlerden dolay\u0131 Ba\u015fkan Mazlum\u2019a emek ve gayretlerinden dolay\u0131 te\u015fekk\u00fcr ederken Muhtarlar\u0131n yeni taleplerini de Yol \u0130\u015f Daire Ba\u015fkan\u0131 ile payla\u015farak destek talebinde bulundu.<\/p>\n<figure><img decoding=\"async\" src=\"https:\/\/caykaragundem.com\/resimler\/2025-4\/8\/817631783180436.webp\"><\/figure>\n<p>Trabzon B\u00fcy\u00fck\u015fehir Belediyesi Yol Bak\u0131m ve Onar\u0131m Yol \u0130\u015f Daire Ba\u015fkan\u0131 Mehmet Salih Mazlum ziyaretlerinden dolay\u0131 Muhtarlara te\u015fekk\u00fcr ederek \u00f6ncelik s\u0131ras\u0131na g\u00f6re muhtarlardan gelen talepleri yerine getirmeye \u00e7al\u0131\u015facaklar\u0131n\u0131 ifade etti.<\/p>\n<p>          <\/div>\n","protected":false},"excerpt":{"rendered":"<p>\u00c7aykara Muhtarlar Derne\u011fi ve \u00c7aykara Muhtarlar\u0131 taraf\u0131ndan Trabzon B\u00fcy\u00fck\u015fehir Belediyesi ziyareti ger\u00e7ekle\u015ftirildi. K\u0131sa bir s\u00fcre \u00f6nce g\u00f6reve se\u00e7ilen \u00c7aykara Muhtarlar Derne\u011fi Ba\u015fkan\u0131 Demirkap\u0131 Muhtar\u0131 Naci Kele\u015f ve Y\u00f6netim Kurulu \u00dcyeleri Trabzon \u0130linde \u00e7e\u015fitli ziyaretler ger\u00e7ekle\u015ftirdi. 8 Nisan 2025 Tarihinde ger\u00e7ekle\u015ftirilen ziyarete Uzung\u00f6l Muhtar\u0131 Selman Dilek,Arpa\u00f6z\u00fc Mahallesi Muhtar\u0131 Y\u00fcksel \u00c7ak\u0131r,Ta\u015fk\u0131ran Mahallesi Muhtar\u0131 H\u00fcseyin Alamano\u011flu,Baltac\u0131l\u0131 Mahallesi Muhtar\u0131 [&hellip;]<\/p>\n","protected":false},"author":1,"featured_media":4503,"comment_status":"open","ping_status":"open","sticky":false,"template":"","format":"standard","meta":{"tdm_status":"","tdm_grid_status":"","footnotes":""},"categories":[40],"tags":[],"class_list":{"0":"post-4502","1":"post","2":"type-post","3":"status-publish","4":"format-standard","5":"has-post-thumbnail","7":"category-caykara"},"_links":{"self":[{"href":"https:\/\/zeleka.com\/index.php?rest_route=\/wp\/v2\/posts\/4502","targetHints":{"allow":["GET"]}}],"collection":[{"href":"https:\/\/zeleka.com\/index.php?rest_route=\/wp\/v2\/posts"}],"about":[{"href":"https:\/\/zeleka.com\/index.php?rest_route=\/wp\/v2\/types\/post"}],"author":[{"embeddable":true,"href":"https:\/\/zeleka.com\/index.php?rest_route=\/wp\/v2\/users\/1"}],"replies":[{"embeddable":true,"href":"https:\/\/zeleka.com\/index.php?rest_route=%2Fwp%2Fv2%2Fcomments&post=4502"}],"version-history":[{"count":0,"href":"https:\/\/zeleka.com\/index.php?rest_route=\/wp\/v2\/posts\/4502\/revisions"}],"wp:featuredmedia":[{"embeddable":true,"href":"https:\/\/zeleka.com\/index.php?rest_route=\/wp\/v2\/media\/4503"}],"wp:attachment":[{"href":"https:\/\/zeleka.com\/index.php?rest_route=%2Fwp%2Fv2%2Fmedia&parent=4502"}],"wp:term":[{"taxonomy":"category","embeddable":true,"href":"https:\/\/zeleka.com\/index.php?rest_route=%2Fwp%2Fv2%2Fcategories&post=4502"},{"taxonomy":"post_tag","embeddable":true,"href":"https:\/\/zeleka.com\/index.php?rest_route=%2Fwp%2Fv2%2Ftags&post=4502"}],"curies":[{"name":"wp","href":"https:\/\/api.w.org\/{rel}","templated":true}]}}