{"id":4486,"date":"2025-04-05T19:29:56","date_gmt":"2025-04-05T16:29:56","guid":{"rendered":"https:\/\/zeleka.com\/?p=4486"},"modified":"2025-04-05T19:29:56","modified_gmt":"2025-04-05T16:29:56","slug":"bursa-uzungol-ve-cevre-koyleri-kultur-ve-dayanisma-dernegi-5-olagan-genel-kurulu-3-nisan-2025-tarihinde-gerceklestimarmara-bolgesinde-karadeniz-kulturunu-yasamak-ve-yasatm","status":"publish","type":"post","link":"https:\/\/zeleka.com\/?p=4486","title":{"rendered":"<div id=\"detaymetin\">                            <p>Bursa Uzung\u00f6l ve \u00c7evre K\u00f6yleri K\u00fclt\u00fcr ve Dayan\u0131\u015fma Derne\u011fi 5. Ola\u011fan Genel Kurulu 3 Nisan 2025 tarihinde ger\u00e7ekle\u015fti<\/p><p>Marmara B\u00f6lgesinde Karadeniz K\u00fclt\u00fcr\u00fcn\u00fc ya\u015famak ve ya\u015fatmak ama"},"content":{"rendered":"<div id=\"detaymetin\">\n<p>Bursa Uzung\u00f6l ve \u00c7evre K\u00f6yleri K\u00fclt\u00fcr ve Dayan\u0131\u015fma Derne\u011fi 5. Ola\u011fan Genel Kurulu 3 Nisan 2025 tarihinde ger\u00e7ekle\u015fti<\/p>\n<p>Marmara B\u00f6lgesinde Karadeniz K\u00fclt\u00fcr\u00fcn\u00fc ya\u015famak ve ya\u015fatmak amac\u0131 ile \u00e7ok yo\u011fun bir \u015fekilde \u00e7al\u0131\u015fmalar ger\u00e7ekle\u015ftiren ve ger\u00e7ekle\u015ftirmi\u015f oldu\u011fu etkinlik ve organizasyonlar ile Marmara B\u00f6lgesinde Karadeniz K\u00fclt\u00fcr\u00fcn\u00fcn ya\u015fat\u0131lmas\u0131nda \u00e7ok b\u00fcy\u00fck pay sahibi olan Bursa Uzung\u00f6l ve \u00a0\u00c7evre K\u00f6yleri K\u00fclt\u00fcr ve Dayan\u0131\u015fma Derne\u011fi Bursa \u0130linde ve Marmara B\u00f6lgesinde \u00f6rnek bir Dernek olarak g\u00f6steriliyor.<\/p>\n<figure><img decoding=\"async\" src=\"https:\/\/caykaragundem.com\/resimler\/2025-4\/5\/64380293144632.webp\"><\/figure>\n<p>Ge\u00e7ti\u011fimiz d\u00f6nemin Y\u00f6netim Kurulu Ba\u015fkan\u0131 ve Onursal Ba\u015fkanl\u0131k g\u00f6revine se\u00e7ilen Emekli M\u00fcft\u00fc Hikmet Yaz\u0131c\u0131 Hocan\u0131n y\u00f6netiminde kenetlenen Bursa Uzung\u00f6l Derne\u011fi 2016-2024 Y\u0131llar\u0131 aras\u0131nda 8 y\u0131l i\u00e7erisinde \u00e7ok \u00f6nemli \u00e7al\u0131\u015fmalar\u0131n alt\u0131na imza atmay\u0131 ba\u015fard\u0131.<\/p>\n<p>Karadeniz K\u00fclt\u00fcr\u00fcn\u00fcn gen\u00e7 nesile aktar\u0131lmas\u0131 yolunda a\u00e7\u0131lan kurs ve ger\u00e7ekle\u015ftirilen etkinliklerin yan\u0131 s\u0131ra Seyir Gecesi gibi,y\u00f6resel yemeklerimizin gen\u00e7ler ile bulu\u015fturulmas\u0131 ve bu gelene\u011fin ya\u015fat\u0131lmas\u0131n\u0131n sa\u011flanmas\u0131 gibi,insanlar\u0131 bir araya getiren ve \u00f6zlem gidermelerini sa\u011flayan \u015fenlik ve program organizasyonlar\u0131 gibi,Halkoyunlar\u0131 ve folklor kurslar\u0131 gibi,gen\u00e7lerin birbirleri ile kayna\u015fmas\u0131n\u0131 sa\u011flayan spor organizasuyonlar\u0131 gibi \u00e7ok say\u0131da etkinlik ve organizasyon ile Karadeniz k\u00fclt\u00fcr\u00fcn\u00fcn b\u00f6lgede ya\u015fat\u0131lmas\u0131n\u0131 sa\u011flamaya \u00e7al\u0131\u015f\u0131yor.<\/p>\n<figure><img decoding=\"async\" src=\"https:\/\/caykaragundem.com\/resimler\/2025-4\/5\/177372060774118.webp\"><\/figure>\n<p>Bursa ve Marmara B\u00f6lgesinde bulunan Trabzon ve Karadeniz STK ve Dernekleri ile de \u00e7ok yak\u0131n temaslar kuran ve birlikte etkinlik ve organizasyon ger\u00e7ekle\u015ftiren Bursa Uzung\u00f6l K\u00fclt\u00fcr ve Dayan\u0131\u015fma Derne\u011fi \u00fcyeleri bunun yan\u0131 s\u0131ra Trabzon ve Karadeniz Derneklerinin Y\u00f6netim Kurullar\u0131nda aktif olarak g\u00f6rev alarak Karadeniz K\u00fclt\u00fcr\u00fcn\u00fcn ya\u015fat\u0131lmas\u0131n\u0131 sa\u011fl\u0131yor.<\/p>\n<p>Bursa Uzung\u00f6l ve \u00c7evre K\u00f6yleri K\u00fclt\u00fcr ve Dayan\u0131\u015fma Derne\u011fi olarak, 3 Nisan 2025 tarihinde 5. Ola\u011fan Genel Kurulunu ger\u00e7ekle\u015ftirdi.<\/p>\n<p>Ger\u00e7ekle\u015ftirilen genel kurulda derne\u011fin yeni y\u00f6netimi belirlenmi\u015f olup, Y\u00f6netim Kurulu Ba\u015fkanl\u0131\u011f\u0131 g\u00f6revine Derne\u011fe uzun seneler Ba\u015fkan Yard\u0131mc\u0131s\u0131 olarak g\u00f6rev yapan ve Ba\u015fkan Hikmet Yaz\u0131c\u0131 ile \u00e7ok b\u00fcy\u00fck bir uyum i\u00e7erisinde hizmet veren \u00a0O\u011fuzhan Sezgin se\u00e7ildi<\/p>\n<figure><img decoding=\"async\" src=\"https:\/\/caykaragundem.com\/resimler\/2025-4\/5\/32885945678581.webp\"><\/figure>\n<p>Bu vesileyle, bug\u00fcne kadar derne\u011fimize emek ve katk\u0131 sunan \u00f6nceki ba\u015fkan\u0131m\u0131z Say\u0131n Hikmet Yaz\u0131c\u0131 ve y\u00f6netim kurulu \u00fcyelerine g\u00f6n\u00fclden te\u015fekk\u00fcr ederiz. Say\u0131n Hikmet Yaz\u0131c\u0131, genel kurul karar\u0131yla derne\u011fimizin Onursal Ba\u015fkan\u0131 ilan edilmi\u015ftir.<\/p>\n<p>Yeni Y\u00f6netim Kurulu \u015eu \u015eekilde Olu\u015ftu.<\/p>\n<p>Ba\u015fkan: O\u011fuzhan Sezgin<\/p>\n<p>Ba\u015fkan Yard\u0131mc\u0131s\u0131: Mustafa \u00c7elik<\/p>\n<p>Y\u00f6netim Kurulu \u00dcyeleri:<\/p>\n<p>Hakan Sezgin<\/p>\n<p>Ahmet Kurt<\/p>\n<p>Ya\u015far Karaca<\/p>\n<p>Yusuf Onat<\/p>\n<p>Ahmet Aky\u00fcz<\/p>\n<p>\u0130rfan U\u00e7an<\/p>\n<p>\u0130smail Kaya<\/p>\n<p>Fatih Ayg\u00fcn<\/p>\n<p>A\u015f\u0131k Mehmet Kan\u0131k<\/p>\n<p>Talha Kahveci<\/p>\n<p>Abdullah \u00d6zen<\/p>\n<p>Sinan Altunta\u015f<\/p>\n<p>Y\u00f6netim Kurulu Ba\u015fkanl\u0131\u011f\u0131 g\u00f6revine se\u00e7ilen O\u011fuzhan Sezgin Genel Kurulun ard\u0131ndan bir te\u015fekk\u00fcr konu\u015fmas\u0131 ger\u00e7ekle\u015ftirdi.Ba\u015fkan Sezgin konu\u015fmas\u0131nda \u015fu ifadelere yer verdi.<\/p>\n<p>De\u011ferli\u00a0 Baskanlar\u0131m ve sevgili y\u00f6netim kurulu \u00fcyeleri..<\/p>\n<p>2016 y\u0131l\u0131nda Bursa Uzung\u00f6l ve \u00c7evre K\u00f6yleri K\u00fclt\u00fcr ve Dayan\u0131\u015fma Derne\u011fi\u2019nde bizlere verilen g\u00f6revi devrald\u0131\u011f\u0131m\u0131zda, k\u0131ymetli ba\u015fkan\u0131m\u0131z Say\u0131n Hikmet Yaz\u0131c\u0131 ile tan\u0131\u015fma f\u0131rsat\u0131 bulduk. Kendisiyle sekiz y\u0131l boyunca omuz omuza g\u00f6rev yapm\u0131\u015f olmam\u0131za ra\u011fmen, onu daha yak\u0131ndan tan\u0131d\u0131k\u00e7a ne kadar fedak\u00e2r, \u00e7al\u0131\u015fkan ve derne\u011fimiz i\u00e7in gecesini g\u00fcnd\u00fcz\u00fcne katan bir insan oldu\u011funu daha iyi anlad\u0131k.<\/p>\n<p>Say\u0131n Hikmet Yaz\u0131c\u0131, derne\u011fimizi en \u00fcst seviyelere ta\u015f\u0131mak i\u00e7in b\u00fcy\u00fck bir \u00f6zveriyle \u00e7al\u0131\u015fm\u0131\u015f, gen\u00e7 ya\u015fl\u0131 demeden t\u00fcm hem\u015fehrilerimizle yak\u0131ndan ilgilenmi\u015f ve hepimizin g\u00f6nl\u00fcnde taht kurmu\u015ftur. Derne\u011fimiz i\u00e7in vermi\u015f oldu\u011fu de\u011ferli hizmetler nedeniyle \u015fahs\u0131m ve t\u00fcm hem\u015fehrilerimiz ad\u0131na kendisine en i\u00e7ten te\u015fekk\u00fcrlerimizi sunar, i\u015f hayat\u0131nda ba\u015far\u0131lar dileriz. Bug\u00fcnden itibaren Say\u0131n Hikmet Yaz\u0131c\u0131, Bursa Uzung\u00f6l ve \u00c7evre K\u00f6yleri K\u00fclt\u00fcr ve Dayan\u0131\u015fma Derne\u011fi\u2019nin Onursal Ba\u015fkan\u0131 olarak an\u0131lacakt\u0131r.<\/p>\n<p>          <\/div>\n","protected":false},"excerpt":{"rendered":"<p>Bursa Uzung\u00f6l ve \u00c7evre K\u00f6yleri K\u00fclt\u00fcr ve Dayan\u0131\u015fma Derne\u011fi 5. Ola\u011fan Genel Kurulu 3 Nisan 2025 tarihinde ger\u00e7ekle\u015fti Marmara B\u00f6lgesinde Karadeniz K\u00fclt\u00fcr\u00fcn\u00fc ya\u015famak ve ya\u015fatmak amac\u0131 ile \u00e7ok yo\u011fun bir \u015fekilde \u00e7al\u0131\u015fmalar ger\u00e7ekle\u015ftiren ve ger\u00e7ekle\u015ftirmi\u015f oldu\u011fu etkinlik ve organizasyonlar ile Marmara B\u00f6lgesinde Karadeniz K\u00fclt\u00fcr\u00fcn\u00fcn ya\u015fat\u0131lmas\u0131nda \u00e7ok b\u00fcy\u00fck pay sahibi olan Bursa Uzung\u00f6l ve \u00a0\u00c7evre K\u00f6yleri [&hellip;]<\/p>\n","protected":false},"author":1,"featured_media":4487,"comment_status":"open","ping_status":"open","sticky":false,"template":"","format":"standard","meta":{"tdm_status":"","tdm_grid_status":"","footnotes":""},"categories":[40],"tags":[],"class_list":{"0":"post-4486","1":"post","2":"type-post","3":"status-publish","4":"format-standard","5":"has-post-thumbnail","7":"category-caykara"},"_links":{"self":[{"href":"https:\/\/zeleka.com\/index.php?rest_route=\/wp\/v2\/posts\/4486","targetHints":{"allow":["GET"]}}],"collection":[{"href":"https:\/\/zeleka.com\/index.php?rest_route=\/wp\/v2\/posts"}],"about":[{"href":"https:\/\/zeleka.com\/index.php?rest_route=\/wp\/v2\/types\/post"}],"author":[{"embeddable":true,"href":"https:\/\/zeleka.com\/index.php?rest_route=\/wp\/v2\/users\/1"}],"replies":[{"embeddable":true,"href":"https:\/\/zeleka.com\/index.php?rest_route=%2Fwp%2Fv2%2Fcomments&post=4486"}],"version-history":[{"count":0,"href":"https:\/\/zeleka.com\/index.php?rest_route=\/wp\/v2\/posts\/4486\/revisions"}],"wp:featuredmedia":[{"embeddable":true,"href":"https:\/\/zeleka.com\/index.php?rest_route=\/wp\/v2\/media\/4487"}],"wp:attachment":[{"href":"https:\/\/zeleka.com\/index.php?rest_route=%2Fwp%2Fv2%2Fmedia&parent=4486"}],"wp:term":[{"taxonomy":"category","embeddable":true,"href":"https:\/\/zeleka.com\/index.php?rest_route=%2Fwp%2Fv2%2Fcategories&post=4486"},{"taxonomy":"post_tag","embeddable":true,"href":"https:\/\/zeleka.com\/index.php?rest_route=%2Fwp%2Fv2%2Ftags&post=4486"}],"curies":[{"name":"wp","href":"https:\/\/api.w.org\/{rel}","templated":true}]}}